{"id":12001,"date":"2018-05-18T00:14:00","date_gmt":"2018-05-17T21:14:00","guid":{"rendered":"https:\/\/dia.edu.az\/?p=12001"},"modified":"2021-03-15T00:15:16","modified_gmt":"2021-03-14T21:15:16","slug":"dia-da-dovl%c9%99tin-sosial-siyas%c9%99ti-mahiyy%c9%99t-prioritetl%c9%99r-v%c9%99-h%c9%99yata-kecirilm%c9%99-mexanizml%c9%99ri-istiqam%c9%99ti-uzr%c9%99-qisamudd%c9%99tli-ixtisasar","status":"publish","type":"post","link":"https:\/\/legacy.dia.edu.az\/en\/arxivl\u0259r\/12001","title":{"rendered":"D\u0130A-da \u201cD\u00f6vl\u0259tin sosial siyas\u0259ti: mahiyy\u0259t, prioritetl\u0259r v\u0259 h\u0259yata ke\u00e7irilm\u0259 mexanizml\u0259ri\u201d istiqam\u0259ti \u00fczr\u0259 q\u0131sam\u00fcdd\u0259tli ixtisasart\u0131rma kursu ke\u00e7irilib"},"content":{"rendered":"<p><\/p>\n\n\n\n<p><strong>D\u0130A-da \u201cD\u00f6vl\u0259tin sosial siyas\u0259ti: mahiyy\u0259t, prioritetl\u0259r v\u0259 h\u0259yata ke\u00e7irilm\u0259 mexanizml\u0259ri\u201d istiqam\u0259ti \u00fczr\u0259 q\u0131sam\u00fcdd\u0259tli ixtisasart\u0131rma kursu ke\u00e7irilib<\/strong><br><em>May 18 , 2018 &#8211; 10:30<\/em><\/p>\n\n\n\n<p>Az\u0259rbaycan Respublikas\u0131n\u0131n Prezidenti yan\u0131nda D\u00f6vl\u0259t \u0130dar\u0259\u00e7ilik Akademiyas\u0131nda \u201cD\u00f6vl\u0259tin sosial siyas\u0259ti: mahiyy\u0259t, prioritetl\u0259r v\u0259 h\u0259yata ke\u00e7irilm\u0259 mexanizml\u0259ri\u201d istiqam\u0259ti \u00fczr\u0259q\u0131sam\u00fcdd\u0259tli&nbsp; ixtisasart\u0131rma kursu ke\u00e7irilib. Kursa d\u00f6vl\u0259t orqanlar\u0131nda \u00e7al\u0131\u015fan m\u00fcvafiq d\u00f6vl\u0259t qulluq\u00e7ular\u0131 c\u0259lb olunub.<\/p>\n\n\n\n<p>Bu istiqam\u0259td\u0259 kursun \u0259sas m\u0259qs\u0259di Az\u0259rbaycan Respublikas\u0131nda sosial siyas\u0259tin \u0259sas istiqam\u0259tl\u0259ri, \u0130nkl\u00fcziv inki\u015faf-u\u011furlu iqtisadi v\u0259 sosial siyas\u0259tin n\u0259tic\u0259si: Az\u0259rbaycan\u0131n t\u0259cr\u00fcb\u0259si, D\u00f6vl\u0259t qulluq\u00e7usunun pe\u015f\u0259 f\u0259aliyy\u0259tinin m\u0259n\u0259vi-\u0259xlaqi \u0259saslar\u0131, M\u00fcasir Az\u0259rbaycanda sosial siyas\u0259tin formala\u015fmas\u0131 v\u0259 bu sah\u0259d\u0259 d\u00f6vl\u0259t siyas\u0259tinin aktual m\u0259s\u0259l\u0259l\u0259ri v\u0259 s. probleml\u0259rl\u0259&nbsp; ba\u011fl\u0131 bilikl\u0259rin dinl\u0259yicil\u0259r\u0259 \u00e7atd\u0131r\u0131lmas\u0131 v\u0259 onlarla fikir m\u00fcbadil\u0259sinin apar\u0131lmas\u0131 olub.<\/p>\n\n\n\n<p>Kurs \u0259rzind\u0259 \u201cD\u00f6vl\u0259tin sosial siyas\u0259ti: mahiyy\u0259t, prioritetl\u0259r v\u0259 h\u0259yata ke\u00e7irilm\u0259 mexanizml\u0259ri\u201d istiqam\u0259ti \u00fczr\u0259 &#8211; Az\u0259rbaycan Respublikas\u0131 Milli M\u0259clisin \u018fm\u0259k v\u0259 Sosial Siyas\u0259t Komit\u0259sinin s\u0259dri Hadi R\u0259c\u0259bli, Az\u0259rbaycan Respublikas\u0131n\u0131n \u018fm\u0259k v\u0259 \u018fhalinin Sosial M\u00fcdafi\u0259si nazirinin m\u00fcavini \u0130lqar R\u0259himov, Nazirliyin \u018fm\u0259k siyas\u0259ti \u015f\u00f6b\u0259sinin m\u00fcdir m\u00fcavini \u018fb\u00fclf\u0259t M\u0259h\u0259rr\u0259mov, M\u0259\u015f\u011fulluq siyas\u0259ti v\u0259 demoqrafiya \u015f\u00f6b\u0259sinin \u0259m\u0259k miqrasiyas\u0131 sektorunun m\u00fcdiri Fuad Cabbarov, M\u0259\u015f\u011fulluq siyas\u0259ti v\u0259 demoqrafiya \u015f\u00f6b\u0259sinin m\u00fcdir m\u00fcavini R\u0259na Abdullayeva, Sosial s\u0131\u011forta pensiya siyas\u0259ti \u015f\u00f6b\u0259sinin m\u00fcdiri \u00c7ingiz \u018fliyev, Nazirlik yan\u0131nda D\u00f6vl\u0259t \u0259m\u0259k m\u00fcf\u0259tti\u015fliyi xidm\u0259tinin r\u0259isi Fuad \u018flizad\u0259, Az\u0259rbaycan Respublikas\u0131n\u0131n T\u0259hsil nazirliyinin Aparat r\u0259hb\u0259rinin m\u00fcavini F\u0259rz\u0259li Q\u0259dirov, Az\u0259rbaycan Respublikas\u0131n\u0131n Prezidenti yan\u0131nda V\u0259t\u0259nda\u015flara Xidm\u0259t v\u0259 Sosial \u0130nnovasiyalar \u00fczr\u0259 D\u00f6vl\u0259t Agentliyinin ba\u015f m\u0259sl\u0259h\u0259t\u00e7isi Elvin Balacanov, D\u0130A-n\u0131n dosenti Bayram Haqverdiyev m\u00fcxt\u0259lif m\u00f6vzularda m\u00fchazir\u0259l\u0259rl\u0259 \u00e7\u0131x\u0131\u015f etmi\u015fl\u0259r.&nbsp;<\/p>\n\n\n\n<p>Kursun sonunda Akademiyan\u0131n rektoru akademik Urxan \u018fl\u0259kb\u0259rov v\u0259 Akademiyan\u0131n T\u0259dris \u0130\u015fl\u0259ri \u00fczr\u0259 I prorektoru professor \u018flikram Abdullayev\u00a0 dinl\u0259yicil\u0259r qar\u015f\u0131s\u0131nda \u00e7\u0131x\u0131\u015f etmi\u015f v\u0259 onlara kursu m\u00fcv\u0259ff\u0259qiyy\u0259tl\u0259 bitirdikl\u0259rin\u0259 g\u00f6r\u0259 sertifikatlar t\u0259qdim ed\u0259r\u0259k g\u0259l\u0259c\u0259k f\u0259aliyy\u0259tl\u0259rind\u0259 u\u011furlar arzu etmi\u015fl\u0259r.<\/p>\n\n\n\n<p><\/p>\n\n\n\n<figure class=\"wp-container-2 wp-block-gallery-1 wp-block-gallery columns-1 is-cropped\"><ul class=\"blocks-gallery-grid\"><li class=\"blocks-gallery-item\"><figure><img width=\"640\" height=\"424\" src=\"https:\/\/dia.edu.az\/wp-content\/uploads\/2021\/03\/1805.jpg\" alt=\"\" data-id=\"12002\" data-full-url=\"https:\/\/dia.edu.az\/wp-content\/uploads\/2021\/03\/1805.jpg\" data-link=\"https:\/\/dia.edu.az\/?attachment_id=12002\" class=\"wp-image-12002\" srcset=\"https:\/\/legacy.dia.edu.az\/wp-content\/uploads\/2021\/03\/1805.jpg 640w, https:\/\/legacy.dia.edu.az\/wp-content\/uploads\/2021\/03\/1805-300x199.jpg 300w, https:\/\/legacy.dia.edu.az\/wp-content\/uploads\/2021\/03\/1805-16x12.jpg 16w, https:\/\/legacy.dia.edu.az\/wp-content\/uploads\/2021\/03\/1805-150x100.jpg 150w, https:\/\/legacy.dia.edu.az\/wp-content\/uploads\/2021\/03\/1805-300x199@2x.jpg 600w\" sizes=\"(max-width: 640px) 100vw, 640px\" \/><\/figure><\/li><\/ul><\/figure>","protected":false},"excerpt":{"rendered":"<p>D\u0130A-da \u201cD\u00f6vl\u0259tin sosial siyas\u0259ti: mahiyy\u0259t, prioritetl\u0259r v\u0259 h\u0259yata ke\u00e7irilm\u0259 mexanizml\u0259ri\u201d istiqam\u0259ti \u00fczr\u0259 q\u0131sam\u00fcdd\u0259tli ixtisasart\u0131rma kursu ke\u00e7irilibMay 18 , 2018 &#8211; 10:30 Az\u0259rbaycan Respublikas\u0131n\u0131n Prezidenti yan\u0131nda D\u00f6vl\u0259t \u0130dar\u0259\u00e7ilik Akademiyas\u0131nda \u201cD\u00f6vl\u0259tin sosial siyas\u0259ti: mahiyy\u0259t, prioritetl\u0259r v\u0259 h\u0259yata ke\u00e7irilm\u0259 mexanizml\u0259ri\u201d istiqam\u0259ti \u00fczr\u0259q\u0131sam\u00fcdd\u0259tli&nbsp; ixtisasart\u0131rma kursu ke\u00e7irilib. Kursa d\u00f6vl\u0259t orqanlar\u0131nda \u00e7al\u0131\u015fan m\u00fcvafiq d\u00f6vl\u0259t qulluq\u00e7ular\u0131 c\u0259lb olunub. Bu istiqam\u0259td\u0259 kursun \u0259sas [&hellip;]<\/p>","protected":false},"author":2,"featured_media":12002,"comment_status":"closed","ping_status":"closed","sticky":false,"template":"","format":"standard","meta":[],"categories":[137],"tags":[],"_links":{"self":[{"href":"https:\/\/legacy.dia.edu.az\/en\/wp-json\/wp\/v2\/posts\/12001"}],"collection":[{"href":"https:\/\/legacy.dia.edu.az\/en\/wp-json\/wp\/v2\/posts"}],"about":[{"href":"https:\/\/legacy.dia.edu.az\/en\/wp-json\/wp\/v2\/types\/post"}],"author":[{"embeddable":true,"href":"https:\/\/legacy.dia.edu.az\/en\/wp-json\/wp\/v2\/users\/2"}],"replies":[{"embeddable":true,"href":"https:\/\/legacy.dia.edu.az\/en\/wp-json\/wp\/v2\/comments?post=12001"}],"version-history":[{"count":0,"href":"https:\/\/legacy.dia.edu.az\/en\/wp-json\/wp\/v2\/posts\/12001\/revisions"}],"wp:featuredmedia":[{"embeddable":true,"href":"https:\/\/legacy.dia.edu.az\/en\/wp-json\/wp\/v2\/media\/12002"}],"wp:attachment":[{"href":"https:\/\/legacy.dia.edu.az\/en\/wp-json\/wp\/v2\/media?parent=12001"}],"wp:term":[{"taxonomy":"category","embeddable":true,"href":"https:\/\/legacy.dia.edu.az\/en\/wp-json\/wp\/v2\/categories?post=12001"},{"taxonomy":"post_tag","embeddable":true,"href":"https:\/\/legacy.dia.edu.az\/en\/wp-json\/wp\/v2\/tags?post=12001"}],"curies":[{"name":"wp","href":"https:\/\/api.w.org\/{rel}","templated":true}]}}