{"id":11996,"date":"2018-05-19T00:10:00","date_gmt":"2018-05-18T21:10:00","guid":{"rendered":"https:\/\/dia.edu.az\/?p=11996"},"modified":"2021-03-15T00:11:24","modified_gmt":"2021-03-14T21:11:24","slug":"az%c9%99rbaycan-xalq-cumhuriyy%c9%99ti-100-tarixi-irs-v%c9%99-muasirlik-istiqam%c9%99ti-uzr%c9%99-qisamudd%c9%99tli-ixtisasartirma-kursu-kecirilmisdir","status":"publish","type":"post","link":"https:\/\/legacy.dia.edu.az\/en\/arxivl\u0259r\/11996","title":{"rendered":"\u201cAz\u0259rbaycan Xalq C\u00fcmhuriyy\u0259ti-100: tarixi irs v\u0259 m\u00fcasirlik\u201d istiqam\u0259ti \u00fczr\u0259 q\u0131sam\u00fcdd\u0259tli ixtisasart\u0131rma kursu ke\u00e7irilmi\u015fdir"},"content":{"rendered":"<p><\/p>\n\n\n\n<p><strong>\u201cAz\u0259rbaycan Xalq C\u00fcmhuriyy\u0259ti-100: tarixi irs v\u0259 m\u00fcasirlik\u201d istiqam\u0259ti \u00fczr\u0259 q\u0131sam\u00fcdd\u0259tli ixtisasart\u0131rma kursu ke\u00e7irilmi\u015fdir<\/strong><br><em>May 19 , 2018 &#8211; 11:02<\/em><\/p>\n\n\n\n<p>Az\u0259rbaycan Respublikas\u0131n\u0131n Prezidenti yan\u0131nda D\u00f6vl\u0259t \u0130dar\u0259\u00e7ilik Akademiyas\u0131nda \u201cAz\u0259rbaycan Xalq C\u00fcmhuriyy\u0259ti-100: tarixi irs v\u0259 m\u00fcasirlik\u201d istiqam\u0259ti \u00fczr\u0259q\u0131sam\u00fcdd\u0259tli&nbsp; ixtisasart\u0131rma kursu ke\u00e7irilmi\u015fdir. Kursa \u015f\u0259h\u0259r v\u0259 rayon \u0130cra Hakimiyy\u0259ti ba\u015f\u00e7\u0131lar\u0131n\u0131n m\u00fcavinl\u0259ri, ictimai-siyasi v\u0259 humanitar m\u0259s\u0259l\u0259l\u0259r \u00fczr\u0259 \u015f\u00f6b\u0259l\u0259rin m\u00fcdirl\u0259ri v\u0259zif\u0259sind\u0259 \u00e7al\u0131\u015fan m\u00fcvafiq d\u00f6vl\u0259t qulluq\u00e7ular\u0131 c\u0259lb olunmu\u015flar.<\/p>\n\n\n\n<p>&nbsp;&nbsp;&nbsp;&nbsp; &nbsp;&nbsp;&nbsp;&nbsp;&nbsp;&nbsp; Bu istiqam\u0259td\u0259 kursun \u0259sas m\u0259qs\u0259di M\u00fcasir Az\u0259rbaycan\u0131n innovativ idar\u0259etm\u0259 modeli: \u00f6lk\u0259nin nailiyy\u0259tl\u0259ri beyn\u0259lxalq t\u0259\u015fkilatlar\u0131n hesabatlar\u0131nda, Az\u0259rbaycan Xalq C\u00fcmhuriyy\u0259tinin yaranmas\u0131 \u0259r\u0259f\u0259sind\u0259 v\u0259 d\u00f6vr\u00fcnd\u0259 regionda ictimai-siyasi v\u0259ziyy\u0259t, Az\u0259rbaycan\u0131n Xalq C\u00fcmhuriyy\u0259tinin xarici siyas\u0259ti, C\u00fcmhuriyy\u0259tin milli-m\u0259d\u0259ni quruculuq f\u0259aliyy\u0259ti v\u0259 s. probleml\u0259rl\u0259&nbsp; ba\u011fl\u0131 bilikl\u0259rin dinl\u0259yicil\u0259r\u0259 \u00e7atd\u0131r\u0131lmas\u0131 v\u0259 onlar il\u0259 fikir m\u00fcbadil\u0259sinin apar\u0131lmas\u0131 idi.<\/p>\n\n\n\n<p>&nbsp;&nbsp;&nbsp;&nbsp;&nbsp; &nbsp;Kurs \u0259rzind\u0259 \u201cAz\u0259rbaycan Xalq C\u00fcmhuriyy\u0259ti-100: tarixi irs v\u0259 m\u00fcasirlik\u201d istiqam\u0259ti \u00fczr\u0259 &#8211; Az\u0259rbaycan Respublikas\u0131n\u0131n Prezidenti yan\u0131nda D\u00f6vl\u0259t \u0130dar\u0259\u00e7ilik Akademiyas\u0131n\u0131n rektoru, akademik Urxan \u018fl\u0259kb\u0259rov, Milli M\u0259clisin Elm v\u0259 T\u0259hsil Komit\u0259sinin \u00fczv\u00fc Musa Qas\u0131ml\u0131, AMEA-n\u0131n Nizami G\u0259nc\u0259vi ad\u0131na \u018fd\u0259biyyat \u0130nstitutunun Az\u0259rbaycan Asiya \u0259d\u0259bi \u0259laq\u0259l\u0259ri \u015f\u00f6b\u0259sinin m\u00fcdiri, professor, B\u0259dirxan \u018fhm\u0259dov,&nbsp;Az\u0259rbaycan Respublikas\u0131n\u0131n Silahl\u0131 Q\u00fcvv\u0259l\u0259rinin H\u0259rbi Akademiyas\u0131n\u0131n dosenti Mehman S\u00fcleymanov, D\u0130A-n\u0131n dosenti Tarix kafedras\u0131n\u0131n m\u00fcdiri Firdovsiyy\u0259 \u018fhm\u0259dova v\u0259 dosent H\u00fcquq I kafedras\u0131n\u0131n dosenti Rahib \u018fkb\u0259rov&nbsp; m\u00fcxt\u0259lif m\u00f6vzularda m\u00fchazir\u0259l\u0259rl\u0259 \u00e7\u0131x\u0131\u015f etmi\u015fl\u0259r.&nbsp;<\/p>\n\n\n\n<p>\u00a0\u00a0\u00a0\u00a0 \u00a0\u00a0\u00a0\u00a0\u00a0\u00a0 Kursun sonunda Akademiyan\u0131n rektoru akademik Urxan \u018fl\u0259kb\u0259rov v\u0259 Akademiyan\u0131n T\u0259dris \u0130\u015fl\u0259ri \u00fczr\u0259 I prorektoru professor \u018flikram Abdullayev\u00a0 dinl\u0259yicil\u0259r qar\u015f\u0131s\u0131nda \u00e7\u0131x\u0131\u015f etmi\u015f v\u0259 onlara kursu m\u00fcv\u0259ff\u0259qiyy\u0259tl\u0259 bitirdikl\u0259rin\u0259 g\u00f6r\u0259 sertifikatlar t\u0259qdim ed\u0259r\u0259k\u00a0\u00a0 g\u0259l\u0259c\u0259k i\u015fl\u0259rind\u0259 u\u011furlar arzu etmi\u015fl\u0259r.<\/p>\n\n\n\n<p><\/p>\n\n\n\n<figure class=\"wp-container-2 wp-block-gallery-1 wp-block-gallery columns-3 is-cropped\"><ul class=\"blocks-gallery-grid\"><li class=\"blocks-gallery-item\"><figure><img width=\"640\" height=\"424\" src=\"https:\/\/dia.edu.az\/wp-content\/uploads\/2021\/03\/21.05.jpg\" alt=\"\" data-id=\"11997\" data-full-url=\"https:\/\/dia.edu.az\/wp-content\/uploads\/2021\/03\/21.05.jpg\" data-link=\"https:\/\/dia.edu.az\/?attachment_id=11997\" class=\"wp-image-11997\" srcset=\"https:\/\/legacy.dia.edu.az\/wp-content\/uploads\/2021\/03\/21.05.jpg 640w, https:\/\/legacy.dia.edu.az\/wp-content\/uploads\/2021\/03\/21.05-300x199.jpg 300w, https:\/\/legacy.dia.edu.az\/wp-content\/uploads\/2021\/03\/21.05-16x12.jpg 16w, https:\/\/legacy.dia.edu.az\/wp-content\/uploads\/2021\/03\/21.05-150x100.jpg 150w, https:\/\/legacy.dia.edu.az\/wp-content\/uploads\/2021\/03\/21.05-300x199@2x.jpg 600w\" sizes=\"(max-width: 640px) 100vw, 640px\" \/><\/figure><\/li><li class=\"blocks-gallery-item\"><figure><img width=\"640\" height=\"424\" src=\"https:\/\/dia.edu.az\/wp-content\/uploads\/2021\/03\/2105.jpg\" alt=\"\" data-id=\"11998\" data-full-url=\"https:\/\/dia.edu.az\/wp-content\/uploads\/2021\/03\/2105.jpg\" data-link=\"https:\/\/dia.edu.az\/?attachment_id=11998\" class=\"wp-image-11998\" srcset=\"https:\/\/legacy.dia.edu.az\/wp-content\/uploads\/2021\/03\/2105.jpg 640w, https:\/\/legacy.dia.edu.az\/wp-content\/uploads\/2021\/03\/2105-300x199.jpg 300w, https:\/\/legacy.dia.edu.az\/wp-content\/uploads\/2021\/03\/2105-16x12.jpg 16w, https:\/\/legacy.dia.edu.az\/wp-content\/uploads\/2021\/03\/2105-150x100.jpg 150w, https:\/\/legacy.dia.edu.az\/wp-content\/uploads\/2021\/03\/2105-300x199@2x.jpg 600w\" sizes=\"(max-width: 640px) 100vw, 640px\" \/><\/figure><\/li><li class=\"blocks-gallery-item\"><figure><img width=\"640\" height=\"424\" src=\"https:\/\/dia.edu.az\/wp-content\/uploads\/2021\/03\/210518.jpg\" alt=\"\" data-id=\"11999\" data-full-url=\"https:\/\/dia.edu.az\/wp-content\/uploads\/2021\/03\/210518.jpg\" data-link=\"https:\/\/dia.edu.az\/?attachment_id=11999\" class=\"wp-image-11999\" srcset=\"https:\/\/legacy.dia.edu.az\/wp-content\/uploads\/2021\/03\/210518.jpg 640w, https:\/\/legacy.dia.edu.az\/wp-content\/uploads\/2021\/03\/210518-300x199.jpg 300w, https:\/\/legacy.dia.edu.az\/wp-content\/uploads\/2021\/03\/210518-16x12.jpg 16w, https:\/\/legacy.dia.edu.az\/wp-content\/uploads\/2021\/03\/210518-150x100.jpg 150w, https:\/\/legacy.dia.edu.az\/wp-content\/uploads\/2021\/03\/210518-300x199@2x.jpg 600w\" sizes=\"(max-width: 640px) 100vw, 640px\" \/><\/figure><\/li><\/ul><\/figure>\n\n\n\n<p><\/p>\n\n\n\n<p>Az\u0259rbaycan Respublikas\u0131n\u0131n Prezidenti yan\u0131nda D\u00f6vl\u0259t \u0130dar\u0259\u00e7ilik Akademiyas\u0131nda \u201cAz\u0259rbaycan Xalq C\u00fcmhuriyy\u0259ti-100: tarixi irs v\u0259 m\u00fcasirlik\u201d istiqam\u0259ti \u00fczr\u0259q\u0131sam\u00fcdd\u0259tli&nbsp;&nbsp;ixtisasart\u0131rma kursu ke\u00e7irilmi\u015fdir. Kursa \u015f\u0259h\u0259r v\u0259 rayon \u0130cra Hakimiyy\u0259ti ba\u015f\u00e7\u0131lar\u0131n\u0131n m\u00fcavinl\u0259ri, ictimai-siyasi v\u0259 humanitar m\u0259s\u0259l\u0259l\u0259r \u00fczr\u0259 \u015f\u00f6b\u0259l\u0259rin m\u00fcdirl\u0259ri v\u0259zif\u0259sind\u0259 \u00e7al\u0131\u015fan m\u00fcvafiq d\u00f6vl\u0259t qulluq\u00e7ular\u0131 c\u0259lb olunmu\u015flar.<\/p>\n\n\n\n<p>&nbsp;&nbsp;&nbsp;&nbsp;&nbsp;&nbsp;&nbsp;&nbsp;&nbsp;&nbsp;&nbsp;&nbsp;Bu istiqam\u0259td\u0259 kursun \u0259sas m\u0259qs\u0259di M\u00fcasir Az\u0259rbaycan\u0131n innovativ idar\u0259etm\u0259 modeli: \u00f6lk\u0259nin nailiyy\u0259tl\u0259ri beyn\u0259lxalq t\u0259\u015fkilatlar\u0131n hesabatlar\u0131nda, Az\u0259rbaycan Xalq C\u00fcmhuriyy\u0259tinin yaranmas\u0131 \u0259r\u0259f\u0259sind\u0259 v\u0259 d\u00f6vr\u00fcnd\u0259 regionda ictimai-siyasi v\u0259ziyy\u0259t, Az\u0259rbaycan\u0131n Xalq C\u00fcmhuriyy\u0259tinin xarici siyas\u0259ti, C\u00fcmhuriyy\u0259tin milli-m\u0259d\u0259ni quruculuq f\u0259aliyy\u0259ti v\u0259 s. probleml\u0259rl\u0259&nbsp;&nbsp;ba\u011fl\u0131 bilikl\u0259rin dinl\u0259yicil\u0259r\u0259 \u00e7atd\u0131r\u0131lmas\u0131 v\u0259 onlar il\u0259 fikir m\u00fcbadil\u0259sinin apar\u0131lmas\u0131 idi.<\/p>\n\n\n\n<p>&nbsp;&nbsp;&nbsp;&nbsp;&nbsp;&nbsp;&nbsp;Kurs \u0259rzind\u0259 \u201cAz\u0259rbaycan Xalq C\u00fcmhuriyy\u0259ti-100: tarixi irs v\u0259 m\u00fcasirlik\u201d istiqam\u0259ti \u00fczr\u0259 &#8211; Az\u0259rbaycan Respublikas\u0131n\u0131n Prezidenti yan\u0131nda D\u00f6vl\u0259t \u0130dar\u0259\u00e7ilik Akademiyas\u0131n\u0131n rektoru, akademik Urxan \u018fl\u0259kb\u0259rov, Milli M\u0259clisin Elm v\u0259 T\u0259hsil Komit\u0259sinin \u00fczv\u00fc Musa Qas\u0131ml\u0131, AMEA-n\u0131n Nizami G\u0259nc\u0259vi ad\u0131na \u018fd\u0259biyyat \u0130nstitutunun Az\u0259rbaycan Asiya \u0259d\u0259bi \u0259laq\u0259l\u0259ri \u015f\u00f6b\u0259sinin m\u00fcdiri, professor, B\u0259dirxan \u018fhm\u0259dov,&nbsp;Az\u0259rbaycan Respublikas\u0131n\u0131n Silahl\u0131 Q\u00fcvv\u0259l\u0259rinin H\u0259rbi Akademiyas\u0131n\u0131n dosenti Mehman S\u00fcleymanov, D\u0130A-n\u0131n dosenti Tarix kafedras\u0131n\u0131n m\u00fcdiri Firdovsiyy\u0259 \u018fhm\u0259dova v\u0259 dosent H\u00fcquq I kafedras\u0131n\u0131n dosenti Rahib \u018fkb\u0259rov&nbsp;&nbsp;m\u00fcxt\u0259lif m\u00f6vzularda m\u00fchazir\u0259l\u0259rl\u0259 \u00e7\u0131x\u0131\u015f etmi\u015fl\u0259r.&nbsp;<\/p>\n\n\n\n<p>&nbsp;&nbsp;&nbsp;&nbsp;&nbsp;&nbsp;&nbsp;&nbsp;&nbsp;&nbsp;&nbsp;&nbsp;Kursun sonunda Akademiyan\u0131n rektoru akademik Urxan \u018fl\u0259kb\u0259rov v\u0259 Akademiyan\u0131n T\u0259dris \u0130\u015fl\u0259ri \u00fczr\u0259 I prorektoru professor \u018flikram Abdullayev&nbsp;&nbsp;dinl\u0259yicil\u0259r qar\u015f\u0131s\u0131nda \u00e7\u0131x\u0131\u015f etmi\u015f v\u0259 onlara kursu m\u00fcv\u0259ff\u0259qiyy\u0259tl\u0259 bitirdikl\u0259rin\u0259 g\u00f6r\u0259 sertifikatlar t\u0259qdim ed\u0259r\u0259k&nbsp;&nbsp;&nbsp;g\u0259l\u0259c\u0259k i\u015fl\u0259rind\u0259 u\u011furlar arzu etmi\u015fl\u0259r.<\/p>","protected":false},"excerpt":{"rendered":"<p>\u201cAz\u0259rbaycan Xalq C\u00fcmhuriyy\u0259ti-100: tarixi irs v\u0259 m\u00fcasirlik\u201d istiqam\u0259ti \u00fczr\u0259 q\u0131sam\u00fcdd\u0259tli ixtisasart\u0131rma kursu ke\u00e7irilmi\u015fdirMay 19 , 2018 &#8211; 11:02 Az\u0259rbaycan Respublikas\u0131n\u0131n Prezidenti yan\u0131nda D\u00f6vl\u0259t \u0130dar\u0259\u00e7ilik Akademiyas\u0131nda \u201cAz\u0259rbaycan Xalq C\u00fcmhuriyy\u0259ti-100: tarixi irs v\u0259 m\u00fcasirlik\u201d istiqam\u0259ti \u00fczr\u0259q\u0131sam\u00fcdd\u0259tli&nbsp; ixtisasart\u0131rma kursu ke\u00e7irilmi\u015fdir. Kursa \u015f\u0259h\u0259r v\u0259 rayon \u0130cra Hakimiyy\u0259ti ba\u015f\u00e7\u0131lar\u0131n\u0131n m\u00fcavinl\u0259ri, ictimai-siyasi v\u0259 humanitar m\u0259s\u0259l\u0259l\u0259r \u00fczr\u0259 \u015f\u00f6b\u0259l\u0259rin m\u00fcdirl\u0259ri v\u0259zif\u0259sind\u0259 \u00e7al\u0131\u015fan m\u00fcvafiq [&hellip;]<\/p>","protected":false},"author":2,"featured_media":11997,"comment_status":"closed","ping_status":"closed","sticky":false,"template":"","format":"standard","meta":[],"categories":[137],"tags":[],"_links":{"self":[{"href":"https:\/\/legacy.dia.edu.az\/en\/wp-json\/wp\/v2\/posts\/11996"}],"collection":[{"href":"https:\/\/legacy.dia.edu.az\/en\/wp-json\/wp\/v2\/posts"}],"about":[{"href":"https:\/\/legacy.dia.edu.az\/en\/wp-json\/wp\/v2\/types\/post"}],"author":[{"embeddable":true,"href":"https:\/\/legacy.dia.edu.az\/en\/wp-json\/wp\/v2\/users\/2"}],"replies":[{"embeddable":true,"href":"https:\/\/legacy.dia.edu.az\/en\/wp-json\/wp\/v2\/comments?post=11996"}],"version-history":[{"count":0,"href":"https:\/\/legacy.dia.edu.az\/en\/wp-json\/wp\/v2\/posts\/11996\/revisions"}],"wp:featuredmedia":[{"embeddable":true,"href":"https:\/\/legacy.dia.edu.az\/en\/wp-json\/wp\/v2\/media\/11997"}],"wp:attachment":[{"href":"https:\/\/legacy.dia.edu.az\/en\/wp-json\/wp\/v2\/media?parent=11996"}],"wp:term":[{"taxonomy":"category","embeddable":true,"href":"https:\/\/legacy.dia.edu.az\/en\/wp-json\/wp\/v2\/categories?post=11996"},{"taxonomy":"post_tag","embeddable":true,"href":"https:\/\/legacy.dia.edu.az\/en\/wp-json\/wp\/v2\/tags?post=11996"}],"curies":[{"name":"wp","href":"https:\/\/api.w.org\/{rel}","templated":true}]}}