{"id":11987,"date":"2018-05-25T22:27:00","date_gmt":"2018-05-25T19:27:00","guid":{"rendered":"https:\/\/dia.edu.az\/?p=11987"},"modified":"2021-03-14T22:27:48","modified_gmt":"2021-03-14T19:27:48","slug":"dovl%c9%99t-idar%c9%99cilik-akademiyasinda-az%c9%99rbaycan-xalq-cumhuriyy%c9%99tinin-100-illiyi-il%c9%99-bagli-elmi-konfrans-kecirilib","status":"publish","type":"post","link":"https:\/\/legacy.dia.edu.az\/en\/arxivl\u0259r\/11987","title":{"rendered":"D\u00f6vl\u0259t \u0130dar\u0259\u00e7ilik Akademiyas\u0131nda Az\u0259rbaycan Xalq C\u00fcmhuriyy\u0259tinin 100 illiyi il\u0259 ba\u011fl\u0131 elmi konfrans ke\u00e7irilib"},"content":{"rendered":"<p><\/p>\n\n\n\n<p><strong>D\u00f6vl\u0259t \u0130dar\u0259\u00e7ilik Akademiyas\u0131nda Az\u0259rbaycan Xalq C\u00fcmhuriyy\u0259tinin 100 illiyi il\u0259 ba\u011fl\u0131 elmi konfrans ke\u00e7irilib<\/strong><br><em>May 25 , 2018 &#8211; 11:57<\/em><\/p>\n\n\n\n<p>May\u0131n 25-d\u0259 Az\u0259rbaycan Respublikas\u0131n\u0131n Prezidenti yan\u0131nda D\u00f6vl\u0259t \u0130dar\u0259\u00e7ilik Akademiyas\u0131nda (D\u0130A) Az\u0259rbaycan Xalq C\u00fcmhuriyy\u0259tinin 100 illiyin\u0259 h\u0259sr edilmi\u015f t\u0259dbirl\u0259r \u00e7\u0259r\u00e7iv\u0259sind\u0259 \u201c\u0130nnovativ inki\u015fafda d\u00f6vl\u0259t v\u0259 \u00f6z\u0259l sektorlar\u0131n qar\u015f\u0131l\u0131ql\u0131 m\u00fcnasib\u0259tl\u0259rinin idar\u0259 olunmas\u0131\u201d m\u00f6vzusunda respublika elmi konfrans\u0131 ke\u00e7irilib.<\/p>\n\n\n\n<p>Konfransda \u00e7\u0131x\u0131\u015f ed\u0259n D\u00f6vl\u0259t \u0130dar\u0259\u00e7ilik Akademiyas\u0131n\u0131n rektoru, akademik Urxan \u018fl\u0259kb\u0259rov m\u00fcs\u0259lman \u015e\u0259rqind\u0259 ilk demokratik respublikan\u0131n m\u0259hz Az\u0259rbaycanda yarad\u0131lmas\u0131n\u0131n \u0259h\u0259miyy\u0259tini vur\u011fulay\u0131b. Bildirib ki, \u00fcmummilli lider Heyd\u0259r \u018fliyev Az\u0259rbaycan Xalq C\u00fcmhuriyy\u0259tinin tarixin\u0259, \u00f6lk\u0259mizl\u0259 ba\u011fl\u0131 h\u0259qiq\u0259tl\u0259rin \u00fcz\u0259 \u00e7\u0131xar\u0131lmas\u0131na v\u0259 d\u00fcnyaya \u00e7atd\u0131r\u0131lmas\u0131na h\u0259r zaman b\u00f6y\u00fck diqq\u0259t yetirib.<\/p>\n\n\n\n<p>Prezident \u0130lham \u018fliyevin S\u0259r\u0259ncam\u0131 il\u0259 2018-ci ilin \u00f6lk\u0259mizd\u0259 \u201cAz\u0259rbaycan Xalq C\u00fcmhuriyy\u0259ti \u0130li\u201d elan edilm\u0259sini xalq\u0131m\u0131z\u0131n h\u0259yat\u0131nda m\u00fch\u00fcm hadis\u0259 kimi d\u0259y\u0259rl\u0259ndir\u0259n rektor vur\u011fulay\u0131b ki, bu, m\u00fcs\u0259lman \u015e\u0259rqind\u0259 ilk parlamentli respublika olan Az\u0259rbaycan Xalq C\u00fcmhuriyy\u0259tin\u0259 veril\u0259n tarixi qiym\u0259tdir. O, \u00f6lk\u0259mizd\u0259 unikal idar\u0259\u00e7ilik texnologiyalar\u0131n\u0131n t\u0259tbiqi, \u00e7evik d\u00f6vl\u0259t idar\u0259etm\u0259 sisteminin formala\u015fmas\u0131, elm\u0259 \u0259saslanan innovativ inki\u015faf strategiyas\u0131n\u0131n realla\u015fd\u0131r\u0131lmas\u0131, d\u00f6vl\u0259t quruculu\u011fu v\u0259 d\u00f6vl\u0259t qullu\u011funun inki\u015faf\u0131 prosesl\u0259rind\u0259 \u00fcmummilli lider Heyd\u0259r \u018fliyevin, onun layiqli davam\u00e7\u0131s\u0131 Prezident \u0130lham \u018fliyevin misilsiz xidm\u0259tl\u0259rini qeyd edib. Diqq\u0259t\u0259 \u00e7atd\u0131r\u0131b ki, \u00f6lk\u0259nin q\u0131sa m\u00fcdd\u0259td\u0259 iqtisadi v\u0259 sosial sah\u0259d\u0259 qazand\u0131\u011f\u0131 y\u00fcks\u0259k nailiyy\u0259tl\u0259r, XXI \u0259srin \u00e7a\u011f\u0131r\u0131\u015flar\u0131n\u0131n h\u0259llin\u0259 y\u00f6n\u0259lmi\u015f d\u00fcnya \u0259h\u0259miyy\u0259tli t\u0259\u015f\u0259bb\u00fcsl\u0259ri, ild\u0259n-il\u0259 artan beyn\u0259lxalq n\u00fcfuzu Az\u0259rbaycan\u0131 bir \u00e7ox istiqam\u0259tl\u0259rd\u0259 regional v\u0259 qlobal lider\u0259 \u00e7evirib. Beyn\u0259lxalq t\u0259\u015fkilatlar\u0131n r\u0259smi m\u0259lumatlar\u0131na \u0259sas\u0259n, Az\u0259rbaycan son ill\u0259rd\u0259 bir \u00e7ox davaml\u0131 inki\u015faf g\u00f6st\u0259ricil\u0259rin\u0259 v\u0259 sosial indikatorlara g\u00f6r\u0259, d\u00fcnya liderl\u0259ri olan \u201cB\u00f6y\u00fck \u0130yirmilik\u201d v\u0259 \u201cB\u00f6y\u00fck Yeddilik\u201d \u00f6lk\u0259l\u0259rinin \u0259ks\u0259riyy\u0259tini \u00fcst\u0259l\u0259yir. 2018-ci ilin yanvar\u0131nda ke\u00e7iril\u0259n Davos Forumunun hesabat\u0131nda inkl\u00fcziv inki\u015faf indeksin\u0259 g\u00f6r\u0259, Az\u0259rbaycan ke\u00e7id iqtisadiyyat\u0131na malik \u00f6lk\u0259l\u0259r aras\u0131nda \u00fc\u00e7\u00fcnc\u00fc yerd\u0259 q\u0259rarla\u015faraq, iqtisadi g\u00f6st\u0259ricil\u0259ri daha y\u00fcks\u0259k olan bir s\u0131ra Avropa \u0130ttifaq\u0131 \u00f6lk\u0259l\u0259rini gerid\u0259 qoyub. Akademik U.\u018fl\u0259kb\u0259rov bu u\u011furlar\u0131n k\u00f6k\u00fcnd\u0259 yaln\u0131z m\u00fck\u0259mm\u0259l idar\u0259\u00e7ilik v\u0259 d\u00f6vl\u0259t institutlar\u0131n\u0131n, v\u0259t\u0259nda\u015f c\u0259miyy\u0259tinin v\u0259 \u00f6z\u0259l sektorun birg\u0259 f\u0259aliyy\u0259tinin dayand\u0131\u011f\u0131n\u0131 bildirib. O qeyd edib ki, bu istiqam\u0259td\u0259 v\u0259 \u00fcmumiyy\u0259tl\u0259, innovativ inki\u015faf strategiyas\u0131n\u0131n formala\u015fd\u0131r\u0131lmas\u0131nda Az\u0259rbaycan\u0131n Birinci vitse-prezidenti Mehriban \u018fliyevan\u0131n f\u0259aliyy\u0259ti olduqca \u0259h\u0259miyy\u0259tlidir.<\/p>\n\n\n\n<p>Sonra m\u0259ruz\u0259 il\u0259 \u00e7\u0131x\u0131\u015f ed\u0259n \u0130qtisadi \u0130slahatlar\u0131n T\u0259hlili v\u0259 Kommunikasiya M\u0259rk\u0259zinin icra\u00e7\u0131 direktoru V\u00fcsal Qas\u0131ml\u0131 r\u0259hb\u0259rlik etdiyi qurumun f\u0259aliyy\u0259ti haqq\u0131nda m\u0259lumat verib. Diqq\u0259t\u0259 \u00e7atd\u0131r\u0131b ki, C\u00fcmhuriyy\u0259t xalq\u0131n q\u0259lbind\u0259 azadl\u0131q v\u0259 istiqlal duy\u011fular\u0131n\u0131 g\u00fccl\u0259ndirm\u0259kl\u0259 \u00f6lk\u0259mizin g\u0259l\u0259c\u0259k m\u00fcst\u0259qilliyi \u00fc\u00e7\u00fcn etibarl\u0131 z\u0259min haz\u0131rlay\u0131b. Q\u0131sa m\u00fcdd\u0259td\u0259 tarixi bir missiyan\u0131 yerin\u0259 yetir\u0259n Az\u0259rbaycan Xalq C\u00fcmhuriyy\u0259ti geni\u015fmiqyasl\u0131 islahatlar h\u0259yata ke\u00e7irib.<\/p>\n\n\n\n<p>\u0130cra\u00e7\u0131 direktor m\u00fcasir m\u00fcst\u0259qil Az\u0259rbaycan\u0131n u\u011furlar\u0131 haqq\u0131nda dan\u0131\u015faraq qeyd edib ki, d\u00fcnya bazar\u0131nda neftin qiym\u0259tinin d\u0259yi\u015fm\u0259sind\u0259n sonra Az\u0259rbaycanda yeni ciddi islahatlar start g\u00f6t\u00fcr\u00fcb. \u0130ndiki halda \u0259sas h\u0259d\u0259f \u0259ld\u0259 edilmi\u015f makroiqtisadi nailiyy\u0259tl\u0259rin real sektorun orta v\u0259 uzunm\u00fcdd\u0259tli davaml\u0131 inki\u015fafa transformasiya edilm\u0259sidir. X\u00fcsusil\u0259 maliyy\u0259-bank sektorunun sa\u011flamla\u015fd\u0131r\u0131lmas\u0131, biznes m\u00fchitinin t\u0259kmill\u0259\u015fdirilm\u0259si \u00fczr\u0259 T\u0259dbirl\u0259r Plan\u0131n\u0131n icras\u0131 v\u0259 investisiya qoyulu\u015funun artmas\u0131 \u00f6lk\u0259 iqtisadiyyat\u0131n\u0131n inki\u015faf tempinin davam ed\u0259c\u0259yini g\u00f6st\u0259rir. V\u00fcsal Qas\u0131ml\u0131 \u0130qtisadi \u0130slahatlar\u0131n T\u0259hlili v\u0259 Kommunikasiya M\u0259rk\u0259zinin d\u00f6vl\u0259t-\u00f6z\u0259l sektor dialoqu \u00fc\u00e7\u00fcn bir platforma olaraq islahatlar\u0131n inkl\u00fczivliyi, effektivliyi v\u0259 kommunikasiyas\u0131 istiqam\u0259tind\u0259 b\u00fct\u00fcn maraql\u0131 t\u0259r\u0259fl\u0259rl\u0259 \u0259m\u0259kda\u015fl\u0131\u011fa haz\u0131r oldu\u011funu da dil\u0259 g\u0259tirib.<\/p>\n\n\n\n<p>D\u00f6vl\u0259t \u0130dar\u0259\u00e7ilik Akademiyas\u0131n\u0131n dekan\u0131, professor Xatir\u0259 H\u00fcseynova haz\u0131rda d\u00fcnyada ged\u0259n siyasi v\u0259 iqtisadi prosesl\u0259rin \u00f6lk\u0259 iqtisadiyyat\u0131n\u0131n r\u0259qab\u0259t qabiliyy\u0259tini art\u0131rmaq, qeyri-neft sektorunun \u0259sasl\u0131 inki\u015faf\u0131n\u0131 t\u0259min etm\u0259k, insan kapital\u0131ndan s\u0259m\u0259r\u0259li istifad\u0259 kimi prioritet istiqam\u0259tl\u0259rin \u00f6n planda olmas\u0131 z\u0259rur\u0259tini yaratd\u0131\u011f\u0131n\u0131 bildirib. O qeyd edib ki, qloballa\u015fan d\u00fcnyada yeni iqtisadi \u00e7a\u011f\u0131r\u0131\u015flar davaml\u0131 r\u0259qab\u0259t \u00fcst\u00fcnl\u00fcy\u00fc \u00fc\u00e7\u00fcn b\u00fct\u00fcn aspektl\u0259rd\u0259 innovasiya f\u0259all\u0131\u011f\u0131n\u0131, iqtisadi v\u0259 t\u0259\u015fkilati-idar\u0259etm\u0259 yenilikl\u0259rini z\u0259ruri edir. X.H\u00fcseynova, h\u0259m\u00e7inin biznes qurumlar\u0131n\u0131n yeni auditoriya \u0259ld\u0259 etm\u0259k yollar\u0131n\u0131n \u00f6yr\u0259nilm\u0259si bax\u0131m\u0131ndan d\u00f6vl\u0259t d\u0259st\u0259yinin vacib olmas\u0131na diqq\u0259t \u00e7\u0259kib.<\/p>\n\n\n\n<p>Sonra konfrans b\u00f6lm\u0259 iclaslar\u0131nda i\u015fini davam etdirib. Konfrans\u0131n i\u015find\u0259 30-dan \u00e7ox d\u00f6vl\u0259t qurumunun v\u0259 \u00f6z\u0259l t\u0259\u015fkilat\u0131n t\u0259msil\u00e7il\u0259ri i\u015ftirak edibl\u0259r.<\/p>","protected":false},"excerpt":{"rendered":"<p>D\u00f6vl\u0259t \u0130dar\u0259\u00e7ilik Akademiyas\u0131nda Az\u0259rbaycan Xalq C\u00fcmhuriyy\u0259tinin 100 illiyi il\u0259 ba\u011fl\u0131 elmi konfrans ke\u00e7irilibMay 25 , 2018 &#8211; 11:57 May\u0131n 25-d\u0259 Az\u0259rbaycan Respublikas\u0131n\u0131n Prezidenti yan\u0131nda D\u00f6vl\u0259t \u0130dar\u0259\u00e7ilik Akademiyas\u0131nda (D\u0130A) Az\u0259rbaycan Xalq C\u00fcmhuriyy\u0259tinin 100 illiyin\u0259 h\u0259sr edilmi\u015f t\u0259dbirl\u0259r \u00e7\u0259r\u00e7iv\u0259sind\u0259 \u201c\u0130nnovativ inki\u015fafda d\u00f6vl\u0259t v\u0259 \u00f6z\u0259l sektorlar\u0131n qar\u015f\u0131l\u0131ql\u0131 m\u00fcnasib\u0259tl\u0259rinin idar\u0259 olunmas\u0131\u201d m\u00f6vzusunda respublika elmi konfrans\u0131 ke\u00e7irilib. Konfransda \u00e7\u0131x\u0131\u015f ed\u0259n [&hellip;]<\/p>","protected":false},"author":2,"featured_media":11988,"comment_status":"closed","ping_status":"closed","sticky":false,"template":"","format":"standard","meta":[],"categories":[137],"tags":[],"_links":{"self":[{"href":"https:\/\/legacy.dia.edu.az\/en\/wp-json\/wp\/v2\/posts\/11987"}],"collection":[{"href":"https:\/\/legacy.dia.edu.az\/en\/wp-json\/wp\/v2\/posts"}],"about":[{"href":"https:\/\/legacy.dia.edu.az\/en\/wp-json\/wp\/v2\/types\/post"}],"author":[{"embeddable":true,"href":"https:\/\/legacy.dia.edu.az\/en\/wp-json\/wp\/v2\/users\/2"}],"replies":[{"embeddable":true,"href":"https:\/\/legacy.dia.edu.az\/en\/wp-json\/wp\/v2\/comments?post=11987"}],"version-history":[{"count":0,"href":"https:\/\/legacy.dia.edu.az\/en\/wp-json\/wp\/v2\/posts\/11987\/revisions"}],"wp:featuredmedia":[{"embeddable":true,"href":"https:\/\/legacy.dia.edu.az\/en\/wp-json\/wp\/v2\/media\/11988"}],"wp:attachment":[{"href":"https:\/\/legacy.dia.edu.az\/en\/wp-json\/wp\/v2\/media?parent=11987"}],"wp:term":[{"taxonomy":"category","embeddable":true,"href":"https:\/\/legacy.dia.edu.az\/en\/wp-json\/wp\/v2\/categories?post=11987"},{"taxonomy":"post_tag","embeddable":true,"href":"https:\/\/legacy.dia.edu.az\/en\/wp-json\/wp\/v2\/tags?post=11987"}],"curies":[{"name":"wp","href":"https:\/\/api.w.org\/{rel}","templated":true}]}}