{"id":11977,"date":"2018-05-29T22:23:00","date_gmt":"2018-05-29T19:23:00","guid":{"rendered":"https:\/\/dia.edu.az\/?p=11977"},"modified":"2021-03-14T22:24:45","modified_gmt":"2021-03-14T19:24:45","slug":"az%c9%99rbaycan-respublikasinin-prezidenti-yaninda-dovl%c9%99t-idar%c9%99cilik-akademiyasinda-davamli-inkisafin-planlasdirilmasi-v%c9%99-idar%c9%99-edilm%c9%99si-kafedrasinin-dosenti-elsan-%c9%99hm","status":"publish","type":"post","link":"https:\/\/legacy.dia.edu.az\/en\/arxivl\u0259r\/11977","title":{"rendered":"Az\u0259rbaycan Respublikas\u0131n\u0131n Prezidenti yan\u0131nda D\u00f6vl\u0259t \u0130dar\u0259\u00e7ilik Akademiyas\u0131nda Davaml\u0131 \u0130nki\u015faf\u0131n Planla\u015fd\u0131r\u0131lmas\u0131 v\u0259 \u0130dar\u0259 edilm\u0259si kafedras\u0131n\u0131n dosenti El\u015fan \u018fhm\u0259dov Almaniyan\u0131n Kassel Universitetind\u0259 Beyn\u0259lxalq K\u0259nd T\u0259s\u0259rr\u00fcfat\u0131 Siyas\u0259ti v\u0259 \u018ftraf M\u00fchitin \u0130dar\u0259edilm\u0259si b\u00f6lm\u0259sind\u0259 DAAD-\u0131n postdoctoral t\u0259dqiqat\u00e7\u0131s\u0131d\u0131r."},"content":{"rendered":"<p><\/p>\n\n\n\n<p><strong>Az\u0259rbaycan Respublikas\u0131n\u0131n Prezidenti yan\u0131nda D\u00f6vl\u0259t \u0130dar\u0259\u00e7ilik Akademiyas\u0131nda Davaml\u0131 \u0130nki\u015faf\u0131n Planla\u015fd\u0131r\u0131lmas\u0131 v\u0259 \u0130dar\u0259 edilm\u0259si kafedras\u0131n\u0131n dosenti El\u015fan \u018fhm\u0259dov Almaniyan\u0131n Kassel Universitetind\u0259 Beyn\u0259lxalq K\u0259nd T\u0259s\u0259rr\u00fcfat\u0131 Siyas\u0259ti v\u0259 \u018ftraf M\u00fchitin \u0130dar\u0259edilm\u0259si b\u00f6lm\u0259sind\u0259 DAAD-\u0131n postdoctoral t\u0259dqiqat\u00e7\u0131s\u0131d\u0131r.<\/strong><br><em>May 29 , 2018 &#8211; 02:17<\/em><\/p>\n\n\n\n<p>Davam\u0131:&nbsp;<\/p>\n\n\n\n<p><a href=\"https:\/\/www.uni-kassel.de\/fb11agrar\/fachgebiete-einrichtungen\/internationale-agrarpolitik-dach\/internationale-agrarpolitik-und-umweltgovernance\/arbeitsgruppe\/gastwissenschaftler\/elshan-ahmadov.html\">https:\/\/www.uni-kassel.de\/fb11agrar\/fachgebiete-einrichtungen\/internationale-agrarpolitik-dach\/internationale-agrarpolitik-und-umweltgovernance\/arbeitsgruppe\/gastwissenschaftler\/elshan-ahmadov.html<\/a><\/p>","protected":false},"excerpt":{"rendered":"<p>Az\u0259rbaycan Respublikas\u0131n\u0131n Prezidenti yan\u0131nda D\u00f6vl\u0259t \u0130dar\u0259\u00e7ilik Akademiyas\u0131nda Davaml\u0131 \u0130nki\u015faf\u0131n Planla\u015fd\u0131r\u0131lmas\u0131 v\u0259 \u0130dar\u0259 edilm\u0259si kafedras\u0131n\u0131n dosenti El\u015fan \u018fhm\u0259dov Almaniyan\u0131n Kassel Universitetind\u0259 Beyn\u0259lxalq K\u0259nd T\u0259s\u0259rr\u00fcfat\u0131 Siyas\u0259ti v\u0259 \u018ftraf M\u00fchitin \u0130dar\u0259edilm\u0259si b\u00f6lm\u0259sind\u0259 DAAD-\u0131n postdoctoral t\u0259dqiqat\u00e7\u0131s\u0131d\u0131r.May 29 , 2018 &#8211; 02:17 Davam\u0131:&nbsp; https:\/\/www.uni-kassel.de\/fb11agrar\/fachgebiete-einrichtungen\/internationale-agrarpolitik-dach\/internationale-agrarpolitik-und-umweltgovernance\/arbeitsgruppe\/gastwissenschaftler\/elshan-ahmadov.html<\/p>","protected":false},"author":2,"featured_media":11978,"comment_status":"closed","ping_status":"closed","sticky":false,"template":"","format":"standard","meta":[],"categories":[137],"tags":[],"_links":{"self":[{"href":"https:\/\/legacy.dia.edu.az\/en\/wp-json\/wp\/v2\/posts\/11977"}],"collection":[{"href":"https:\/\/legacy.dia.edu.az\/en\/wp-json\/wp\/v2\/posts"}],"about":[{"href":"https:\/\/legacy.dia.edu.az\/en\/wp-json\/wp\/v2\/types\/post"}],"author":[{"embeddable":true,"href":"https:\/\/legacy.dia.edu.az\/en\/wp-json\/wp\/v2\/users\/2"}],"replies":[{"embeddable":true,"href":"https:\/\/legacy.dia.edu.az\/en\/wp-json\/wp\/v2\/comments?post=11977"}],"version-history":[{"count":0,"href":"https:\/\/legacy.dia.edu.az\/en\/wp-json\/wp\/v2\/posts\/11977\/revisions"}],"wp:featuredmedia":[{"embeddable":true,"href":"https:\/\/legacy.dia.edu.az\/en\/wp-json\/wp\/v2\/media\/11978"}],"wp:attachment":[{"href":"https:\/\/legacy.dia.edu.az\/en\/wp-json\/wp\/v2\/media?parent=11977"}],"wp:term":[{"taxonomy":"category","embeddable":true,"href":"https:\/\/legacy.dia.edu.az\/en\/wp-json\/wp\/v2\/categories?post=11977"},{"taxonomy":"post_tag","embeddable":true,"href":"https:\/\/legacy.dia.edu.az\/en\/wp-json\/wp\/v2\/tags?post=11977"}],"curies":[{"name":"wp","href":"https:\/\/api.w.org\/{rel}","templated":true}]}}