{"id":11973,"date":"2018-06-05T22:22:00","date_gmt":"2018-06-05T19:22:00","guid":{"rendered":"https:\/\/dia.edu.az\/?p=11973"},"modified":"2021-03-14T22:23:12","modified_gmt":"2021-03-14T19:23:12","slug":"elektron-hokum%c9%99tin-inkisafi-v%c9%99-r%c9%99q%c9%99msal-hokum%c9%99t%c9%99-kecid-il%c9%99-bagli-t%c9%99dbirl%c9%99r-movzusunda-distant-t%c9%99lim-kecirilib","status":"publish","type":"post","link":"https:\/\/legacy.dia.edu.az\/en\/arxivl\u0259r\/11973","title":{"rendered":"\u201cElektron h\u00f6k\u00fcm\u0259tin inki\u015faf\u0131 v\u0259 r\u0259q\u0259msal h\u00f6k\u00fcm\u0259t\u0259 ke\u00e7id il\u0259 ba\u011fl\u0131 t\u0259dbirl\u0259r\u201d m\u00f6vzusunda distant t\u0259lim ke\u00e7irilib"},"content":{"rendered":"<p><\/p>\n\n\n\n<p><strong>\u201cElektron h\u00f6k\u00fcm\u0259tin inki\u015faf\u0131 v\u0259 r\u0259q\u0259msal h\u00f6k\u00fcm\u0259t\u0259 ke\u00e7id il\u0259 ba\u011fl\u0131 t\u0259dbirl\u0259r\u201d m\u00f6vzusunda distant t\u0259lim ke\u00e7irilib<\/strong><br><em>\u0130yn 05 , 2018 &#8211; 08:35<\/em><\/p>\n\n\n\n<p>Az\u0259rbaycan Respublikas\u0131n\u0131n Prezidenti yan\u0131nda D\u00f6vl\u0259t \u0130dar\u0259\u00e7ilik Akademiyas\u0131 il\u0259 \u0130qtisadi \u0130slahatlar\u0131n T\u0259hlili v\u0259 Kommunikasiya M\u0259rk\u0259zi birg\u0259 \u201cElektron h\u00f6k\u00fcm\u0259tin inki\u015faf\u0131 v\u0259 r\u0259q\u0259msal h\u00f6k\u00fcm\u0259t\u0259 ke\u00e7id il\u0259 ba\u011fl\u0131 t\u0259dbirl\u0259ri\u201d m\u00f6vzusunda distant t\u0259lim ke\u00e7irilib.<\/p>\n\n\n\n<p>Distant t\u0259limin \u0259sas m\u0259qs\u0259di \u00f6lk\u0259nin inkluziv inki\u015faf\u0131, elektron h\u00f6k\u00fcm\u0259tin inki\u015faf\u0131 v\u0259 r\u0259q\u0259msal h\u00f6k\u00fcm\u0259t\u0259 ke\u00e7id il\u0259 ba\u011fl\u0131 h\u0259d\u0259fl\u0259rin yeni istiqam\u0259tl\u0259ri, strateji yol x\u0259rit\u0259l\u0259rinin icras\u0131nda yerli icra hakimiyy\u0259tl\u0259rinin rolu, strateji yol x\u0259rit\u0259l\u0259rinin monitorinqi v\u0259 qiym\u0259tl\u0259ndirilm\u0259si: 2017-ci ild\u0259ki monitorinq v\u0259 qiym\u0259tl\u0259ndirm\u0259nin t\u0259hlili v\u0259.s kimi m\u00f6vzular il\u0259 ba\u011fl\u0131 bilikl\u0259rin dinl\u0259yicil\u0259r\u0259 \u00e7atd\u0131r\u0131lmas\u0131 v\u0259 onlar il\u0259 fikir m\u00fcbadil\u0259sinin apar\u0131lmas\u0131d\u0131r.<\/p>\n\n\n\n<p>&nbsp; \u018fsas\u0259n yerli icra hakimiyy\u0259tl\u0259rinin \u0259m\u0259kda\u015flar\u0131 \u00fc\u00e7\u00fcn n\u0259z\u0259rd\u0259 tutulan t\u0259limd\u0259, D\u0130A-n\u0131n rektoru, akademik Urxan \u018fl\u0259kb\u0259rov, \u0130\u0130TKM-in icra\u00e7\u0131 direktoru V\u00fcsal Qas\u0131ml\u0131 ac\u0131l\u0131\u015f nitqi il\u0259 \u00e7\u0131x\u0131\u015f edibl\u0259r.<\/p>\n\n\n\n<p>D\u0130A-n\u0131n rektoru, akademik Urxan \u018fl\u0259kb\u0259rov Heyd\u0259r \u018fliyev siyas\u0259tinin u\u011furlu n\u0259tic\u0259l\u0259rind\u0259n dan\u0131\u015f\u0131b, Ulu \u00d6nd\u0259rin ideyalar\u0131n\u0131n Prezident \u0130lham \u018fliyev t\u0259r\u0259find\u0259n q\u0259tiyy\u0259tl\u0259 h\u0259yata ke\u00e7irildiyini bildirib. Rektor Az\u0259rbaycan\u0131n iqtisadiyyat\u0131n\u0131n s\u00fcr\u0259tl\u0259 inki\u015faf etdiyini konkret faktlarla diqq\u0259t\u0259 \u00e7atd\u0131r\u0131b. Qeyd olunub ki, dahi r\u0259hb\u0259r Heyd\u0259r \u018fliyev t\u0259r\u0259find\u0259n \u0259sas\u0131 qoyulmu\u015f v\u0259 Prezident \u0130lham \u018fliyevin u\u011furla inki\u015faf etdirdiyi innovativ idar\u0259etm\u0259 texnologiyalar\u0131n\u0131n n\u0259z\u0259ri \u0259saslar\u0131n\u0131n i\u015fl\u0259nilm\u0259si, onlar\u0131n t\u0259cr\u00fcb\u0259d\u0259 t\u0259tbiqi n\u0259tic\u0259sind\u0259 bir s\u0131ra iqtisadi v\u0259 sosial g\u00f6st\u0259ricil\u0259rin\u0259 g\u00f6r\u0259 m\u00fcasir Az\u0259rbaycan Respublikas\u0131 haz\u0131rda y\u00fczillik tarixi olan v\u0259 d\u00fcnya liderl\u0259ri say\u0131lan \u00f6lk\u0259l\u0259rl\u0259 r\u0259qab\u0259t aparmaq durumundad\u0131r. D\u00f6vl\u0259timizin ba\u015f\u00e7\u0131s\u0131n\u0131n t\u0259tbiq etdiyi v\u0259 d\u00fcnya miqyas\u0131nda ilk d\u0259f\u0259 i\u015fl\u0259nilmi\u015f sinergetik, kompensator idar\u0259\u00e7ilik texnologiyalar\u0131 say\u0259sind\u0259 2018-ci ilin yanvar\u0131nda ke\u00e7iril\u0259n Davos forumunun hesabat\u0131nda Az\u0259rbaycan\u0131n inkl\u00fcziv inki\u015faf indeksi bir \u00e7ox Avropa \u0130ttifaq\u0131na \u00fczv olan d\u00f6vl\u0259tl\u0259rin g\u00f6st\u0259ricil\u0259rind\u0259n y\u00fcks\u0259kdir.<\/p>\n\n\n\n<p>Akademik U.\u018fl\u0259kb\u0259rov \u00f6lk\u0259nin beyn\u0259lxalq iqtisadi v\u0259 ticar\u0259t \u0259laq\u0259l\u0259rinin geni\u015f\u0259ndirilm\u0259sind\u0259 m\u00fcst\u0259sna \u0259h\u0259miyy\u0259t\u0259 malik elektron h\u00f6k\u00fcm\u0259tin inki\u015faf\u0131 v\u0259 r\u0259q\u0259msal h\u00f6k\u00fcm\u0259t\u0259 ke\u00e7id il\u0259 ba\u011fl\u0131 q\u0259rarlar\u0131n Az\u0259rbaycan\u0131n m\u00fcasir t\u0259r\u0259qqisind\u0259 m\u00fch\u00fcm rolunu vur\u011fulay\u0131b. U.\u018fl\u0259kb\u0259rov Az\u0259rbaycan\u0131n u\u011furlu inki\u015faf\u0131n\u0131nda Az\u0259rbaycan Respublikas\u0131n\u0131n Birinci vitse-prezidenti Mehriban xan\u0131m \u018fliyevan\u0131n x\u00fcsusi rolu oldu\u011funu qeyd edib.<\/p>\n\n\n\n<p>&nbsp;&nbsp; \u0130qtisadi \u0130slahatlar\u0131n T\u0259hlili v\u0259 Kommunikasiya M\u0259rk\u0259zinin icra\u00e7\u0131 direktoru V\u00fcsal Qas\u0131ml\u0131 diqq\u0259t\u0259 \u00e7atd\u0131r\u0131b ki, Az\u0259rbaycan iqtisadiyyat\u0131nda apar\u0131lan davaml\u0131 iqtisadi islahatlar b\u0259hr\u0259sini verm\u0259kd\u0259dir. \u00d6lk\u0259d\u0259 Prezident \u0130lham \u018fliyevin r\u0259hb\u0259rliyi il\u0259 elektron h\u00f6k\u00fcm\u0259tin inki\u015faf\u0131 v\u0259 r\u0259q\u0259msal h\u00f6k\u00fcm\u0259t\u0259 ke\u00e7idl\u0259 ba\u011fl\u0131, m\u00fcasir informasiya-kommunikasiya texnologiyalar\u0131n\u0131n t\u0259tbiqi, xidm\u0259tl\u0259rin elektron qaydada g\u00f6st\u0259rilm\u0259si sah\u0259sind\u0259 bu g\u00fcn\u0259d\u0259k bir s\u0131ra normativ aktlar q\u0259bul edilib, h\u00fcquqi baza formala\u015fd\u0131r\u0131l\u0131b.<\/p>\n\n\n\n<p>&nbsp;&nbsp;V\u00fcsal Qas\u0131ml\u0131 vur\u011fulay\u0131b ki, m\u0259hz strateji ol x\u0259rit\u0259l\u0259rind\u0259n biri d\u0259 Az\u0259rbaycan Respublikas\u0131nda telekommunikasiya v\u0259 informasiya texnologiyalar\u0131n\u0131n inki\u015faf\u0131na h\u0259sr edilib. Burada g\u00f6st\u0259rildiyi kimi elektron h\u00f6k\u00fcm\u0259tin inki\u015faf\u0131 v\u0259 r\u0259q\u0259msal h\u00f6k\u00fcm\u0259t\u0259 ke\u00e7idd\u0259 \u0259sas m\u0259qs\u0259d, xidm\u0259tl\u0259rin g\u00f6st\u0259rilm\u0259si zaman\u0131 v\u0259t\u0259nda\u015flarla birba\u015fa t\u0259mas\u0131n\u0131 aradan qald\u0131rmaqla \u015f\u0259ffafl\u0131\u011f\u0131 t\u0259min etm\u0259k h\u0259m\u00e7inin, xidm\u0259tl\u0259rin daha \u0259l\u00e7atan olmas\u0131d\u0131r.<\/p>\n\n\n\n<p>&nbsp;&nbsp; \u0130cra\u00e7\u0131 direktor deyib ki, Az\u0259rbaycan\u0131n \u201cDoing Business\u201d hesabat\u0131nda \u0259n islahat\u00e7\u0131 \u00f6lk\u0259 statusunu saxlamas\u0131 da t\u0259sad\u00fcfi deyil. \u00c7\u00fcnki, 2018-ci ild\u0259 a\u00e7\u0131qlanacaq \u201cDoing Business-2019\u201d hesabat\u0131nda Az\u0259rbaycan\u0131n m\u00f6vqeyinin g\u00fccl\u0259ndirilm\u0259sini t\u0259min ed\u0259c\u0259k &#8211; biznes\u0259 ba\u015flama, tikinti \u00fc\u00e7\u00fcn icaz\u0259l\u0259rin al\u0131nmas\u0131, elektrik t\u0259chizat\u0131 \u015f\u0259b\u0259k\u0259l\u0259rin\u0259 qo\u015fulma, \u0259mlak\u0131n qeydiyyat\u0131,&nbsp;kreditl\u0259rin al\u0131nmas\u0131, ki\u00e7ik investorlar\u0131n maraqlar\u0131n\u0131n qorunmas\u0131, vergil\u0259rin \u00f6d\u0259nilm\u0259si, xarici ticar\u0259tin apar\u0131lmas\u0131, m\u00fcqavil\u0259l\u0259rin icras\u0131n\u0131n t\u0259min edilm\u0259si v\u0259 m\u00fc\u0259ssis\u0259nin ba\u011flanmas\u0131&nbsp; &#8211; islahat istiqam\u0259tl\u0259ri \u00fczr\u0259 ciddi iqtisadi islahatlar apar\u0131l\u0131b.<\/p>\n\n\n\n<p>&nbsp;&nbsp;V\u00fcsal Qas\u0131ml\u0131 \u0259lav\u0259 edib ki, \u0130\u0130TKM t\u0259r\u0259find\u0259n ger\u00e7\u0259kl\u0259\u015fdiril\u0259n Azexport portal\u0131, R\u0259q\u0259msal Ticar\u0259t Qov\u015fa\u011f\u0131, vahid online ixrac \u0259riz\u0259si, EnterpriseAzerbaijan.com sayt\u0131 kimi layih\u0259l\u0259r d\u0259 r\u0259q\u0259msal iqtisadiyyat quruculu\u011funa t\u00f6hf\u0259dir.<\/p>\n\n\n\n<p>Daha sonra \u0130qtisadi \u0130slahatlar\u0131n T\u0259hlili v\u0259 Kommunikasiya m\u0259rk\u0259zinin Strateji planla\u015fd\u0131rma v\u0259 inki\u015faf departamentinin r\u0259hb\u0259ri Ramil H\u00fcseyn \u201cStrateji yol x\u0259rit\u0259sinin icras\u0131nda yerli icra hakimiyy\u0259tl\u0259rinin rolu\u201d, m\u0259rk\u0259zin makroiqtisad\u00e7\u0131s\u0131 Faiq Qas\u0131ml\u0131 \u201cStrateji yol x\u0259rit\u0259sinin monitorinqi v\u0259 qiym\u0259tl\u0259ndirilm\u0259si\u201d m\u00f6vzular\u0131nda m\u00fchazir\u0259l\u0259rl\u0259 \u00e7\u0131x\u0131\u015f edibl\u0259r.<\/p>\n\n\n\n<p>Qeyd ed\u0259k ki, distant t\u0259lim Prezident \u0130lham \u018fliyevin \u201cElektron h\u00f6k\u00fcm\u0259tin inki\u015faf\u0131 v\u0259 r\u0259q\u0259msal h\u00f6k\u00fcm\u0259t\u0259 ke\u00e7id il\u0259 ba\u011fl\u0131\u201d F\u0259rman\u0131na \u0259sas\u0259n ke\u00e7irilib.<\/p>\n\n\n\n<p><\/p>\n\n\n\n<figure class=\"wp-container-2 wp-block-gallery-1 wp-block-gallery columns-2 is-cropped\"><ul class=\"blocks-gallery-grid\"><li class=\"blocks-gallery-item\"><figure><img width=\"1024\" height=\"678\" src=\"https:\/\/dia.edu.az\/wp-content\/uploads\/2021\/03\/05.05-1024x678.jpg\" alt=\"\" data-id=\"11974\" data-full-url=\"https:\/\/dia.edu.az\/wp-content\/uploads\/2021\/03\/05.05-scaled.jpg\" data-link=\"https:\/\/dia.edu.az\/?attachment_id=11974\" class=\"wp-image-11974\" srcset=\"https:\/\/legacy.dia.edu.az\/wp-content\/uploads\/2021\/03\/05.05-1024x678.jpg 1024w, https:\/\/legacy.dia.edu.az\/wp-content\/uploads\/2021\/03\/05.05-300x199.jpg 300w, https:\/\/legacy.dia.edu.az\/wp-content\/uploads\/2021\/03\/05.05-1536x1017.jpg 1536w, https:\/\/legacy.dia.edu.az\/wp-content\/uploads\/2021\/03\/05.05-2048x1356.jpg 2048w, https:\/\/legacy.dia.edu.az\/wp-content\/uploads\/2021\/03\/05.05-16x12.jpg 16w, https:\/\/legacy.dia.edu.az\/wp-content\/uploads\/2021\/03\/05.05-150x100.jpg 150w, https:\/\/legacy.dia.edu.az\/wp-content\/uploads\/2021\/03\/05.05-300x199@2x.jpg 600w\" sizes=\"(max-width: 1024px) 100vw, 1024px\" \/><\/figure><\/li><li class=\"blocks-gallery-item\"><figure><img width=\"1024\" height=\"678\" src=\"https:\/\/dia.edu.az\/wp-content\/uploads\/2021\/03\/0505-1024x678.jpg\" alt=\"\" data-id=\"11975\" data-full-url=\"https:\/\/dia.edu.az\/wp-content\/uploads\/2021\/03\/0505-scaled.jpg\" data-link=\"https:\/\/dia.edu.az\/?attachment_id=11975\" class=\"wp-image-11975\" srcset=\"https:\/\/legacy.dia.edu.az\/wp-content\/uploads\/2021\/03\/0505-1024x678.jpg 1024w, https:\/\/legacy.dia.edu.az\/wp-content\/uploads\/2021\/03\/0505-300x199.jpg 300w, https:\/\/legacy.dia.edu.az\/wp-content\/uploads\/2021\/03\/0505-1536x1017.jpg 1536w, https:\/\/legacy.dia.edu.az\/wp-content\/uploads\/2021\/03\/0505-2048x1356.jpg 2048w, https:\/\/legacy.dia.edu.az\/wp-content\/uploads\/2021\/03\/0505-16x12.jpg 16w, https:\/\/legacy.dia.edu.az\/wp-content\/uploads\/2021\/03\/0505-150x100.jpg 150w, https:\/\/legacy.dia.edu.az\/wp-content\/uploads\/2021\/03\/0505-300x199@2x.jpg 600w\" sizes=\"(max-width: 1024px) 100vw, 1024px\" \/><\/figure><\/li><\/ul><\/figure>","protected":false},"excerpt":{"rendered":"<p>\u201cElektron h\u00f6k\u00fcm\u0259tin inki\u015faf\u0131 v\u0259 r\u0259q\u0259msal h\u00f6k\u00fcm\u0259t\u0259 ke\u00e7id il\u0259 ba\u011fl\u0131 t\u0259dbirl\u0259r\u201d m\u00f6vzusunda distant t\u0259lim ke\u00e7irilib\u0130yn 05 , 2018 &#8211; 08:35 Az\u0259rbaycan Respublikas\u0131n\u0131n Prezidenti yan\u0131nda D\u00f6vl\u0259t \u0130dar\u0259\u00e7ilik Akademiyas\u0131 il\u0259 \u0130qtisadi \u0130slahatlar\u0131n T\u0259hlili v\u0259 Kommunikasiya M\u0259rk\u0259zi birg\u0259 \u201cElektron h\u00f6k\u00fcm\u0259tin inki\u015faf\u0131 v\u0259 r\u0259q\u0259msal h\u00f6k\u00fcm\u0259t\u0259 ke\u00e7id il\u0259 ba\u011fl\u0131 t\u0259dbirl\u0259ri\u201d m\u00f6vzusunda distant t\u0259lim ke\u00e7irilib. Distant t\u0259limin \u0259sas m\u0259qs\u0259di \u00f6lk\u0259nin inkluziv inki\u015faf\u0131, [&hellip;]<\/p>","protected":false},"author":2,"featured_media":11974,"comment_status":"closed","ping_status":"closed","sticky":false,"template":"","format":"standard","meta":[],"categories":[137],"tags":[],"_links":{"self":[{"href":"https:\/\/legacy.dia.edu.az\/en\/wp-json\/wp\/v2\/posts\/11973"}],"collection":[{"href":"https:\/\/legacy.dia.edu.az\/en\/wp-json\/wp\/v2\/posts"}],"about":[{"href":"https:\/\/legacy.dia.edu.az\/en\/wp-json\/wp\/v2\/types\/post"}],"author":[{"embeddable":true,"href":"https:\/\/legacy.dia.edu.az\/en\/wp-json\/wp\/v2\/users\/2"}],"replies":[{"embeddable":true,"href":"https:\/\/legacy.dia.edu.az\/en\/wp-json\/wp\/v2\/comments?post=11973"}],"version-history":[{"count":0,"href":"https:\/\/legacy.dia.edu.az\/en\/wp-json\/wp\/v2\/posts\/11973\/revisions"}],"wp:featuredmedia":[{"embeddable":true,"href":"https:\/\/legacy.dia.edu.az\/en\/wp-json\/wp\/v2\/media\/11974"}],"wp:attachment":[{"href":"https:\/\/legacy.dia.edu.az\/en\/wp-json\/wp\/v2\/media?parent=11973"}],"wp:term":[{"taxonomy":"category","embeddable":true,"href":"https:\/\/legacy.dia.edu.az\/en\/wp-json\/wp\/v2\/categories?post=11973"},{"taxonomy":"post_tag","embeddable":true,"href":"https:\/\/legacy.dia.edu.az\/en\/wp-json\/wp\/v2\/tags?post=11973"}],"curies":[{"name":"wp","href":"https:\/\/api.w.org\/{rel}","templated":true}]}}