{"id":11961,"date":"2018-06-22T22:17:00","date_gmt":"2018-06-22T19:17:00","guid":{"rendered":"https:\/\/dia.edu.az\/?p=11961"},"modified":"2021-03-14T22:18:39","modified_gmt":"2021-03-14T19:18:39","slug":"dovl%c9%99t-idar%c9%99cilik-akademiyasinda-dovl%c9%99t-qullugunun-aktual-probleml%c9%99ri-movzusunda-konfrans-kecirilib","status":"publish","type":"post","link":"https:\/\/legacy.dia.edu.az\/en\/arxivl\u0259r\/11961","title":{"rendered":"D\u00f6vl\u0259t \u0130dar\u0259\u00e7ilik Akademiyas\u0131nda \u201cD\u00f6vl\u0259t qullu\u011funun aktual probleml\u0259ri\u201d m\u00f6vzusunda konfrans ke\u00e7irilib"},"content":{"rendered":"<p><\/p>\n\n\n\n<p><strong>D\u00f6vl\u0259t \u0130dar\u0259\u00e7ilik Akademiyas\u0131nda \u201cD\u00f6vl\u0259t qullu\u011funun aktual probleml\u0259ri\u201d m\u00f6vzusunda konfrans ke\u00e7irilib<\/strong><br><em>\u0130yn 22 , 2018 &#8211; 03:44<\/em><\/p>\n\n\n\n<p>\u0130yunun 22-d\u0259 Az\u0259rbaycan Respublikas\u0131 Prezidenti Administrasiyas\u0131n\u0131n r\u0259hb\u0259ri akademik Ramiz Mehdiyevin m\u00fcvafiq s\u0259r\u0259ncam\u0131 il\u0259 t\u0259sdiq edilmi\u015f \u201cD\u00f6vl\u0259t qulluq\u00e7ular\u0131n\u0131n pe\u015f\u0259 bayram\u0131 g\u00fcn\u00fcn\u00fcn qeyd edilm\u0259si il\u0259 ba\u011fl\u0131 t\u0259dbirl\u0259r plan\u0131\u201dn\u0131n icras\u0131 \u00e7\u0259r\u00e7iv\u0259sind\u0259 Az\u0259rbaycan Respublikas\u0131n\u0131n Prezidenti yan\u0131nda D\u00f6vl\u0259t \u0130dar\u0259\u00e7ilik Akademiyas\u0131 (D\u0130A) v\u0259 D\u00f6vl\u0259t \u0130mtahan M\u0259rk\u0259zinin (D\u0130M) birg\u0259 t\u0259\u015fkilat\u00e7\u0131l\u0131\u011f\u0131 il\u0259 \u201cD\u00f6vl\u0259t qullu\u011funun aktual probleml\u0259ri\u201d m\u00f6vzusunda elmi-praktiki konfrans ke\u00e7irilib.<\/p>\n\n\n\n<p>Konfransda Az\u0259rbaycan Respublikas\u0131 Prezidenti Administrasiyas\u0131, Nazirl\u0259r Kabineti, Milli M\u0259clis, Konstitusiya M\u0259hk\u0259m\u0259si, m\u00fcxt\u0259lif nazirlikl\u0259r, Heyd\u0259r \u018fliyev M\u0259rk\u0259zi, Ombudsman Aparat\u0131, M\u0259rk\u0259zi Se\u00e7ki Komissiyas\u0131, Ba\u015f Prokurorluq, d\u00f6vl\u0259t komit\u0259l\u0259ri v\u0259 xidm\u0259tl\u0259rinin, Bak\u0131 \u015f\u0259h\u0259ri, Nax\u00e7\u0131van Muxtar Respublikas\u0131 v\u0259 rayon icra hakimiyy\u0259tl\u0259rinin n\u00fcmay\u0259nd\u0259l\u0259ri i\u015ftirak edibl\u0259r.<\/p>\n\n\n\n<p>T\u0259dbird\u0259 D\u0130A-n\u0131n rektoru, akademik Urxan \u018fl\u0259kb\u0259rov \u201cD\u00f6vl\u0259t qullu\u011funda innovativ idar\u0259etm\u0259 texnologiyalar\u0131n\u0131n t\u0259tbiqi: proses v\u0259 n\u0259tic\u0259\u201d m\u00f6vzusunda m\u0259ruz\u0259 il\u0259 \u00e7\u0131x\u0131\u015f edib.<\/p>\n\n\n\n<p>Az\u0259rbaycanda \u00e7evik d\u00f6vl\u0259t qullu\u011fu sisteminin formala\u015fd\u0131\u011f\u0131n\u0131 qeyd ed\u0259n rektor \u00f6lk\u0259d\u0259 d\u00f6vl\u0259t quruculu\u011fu, d\u00f6vl\u0259t idar\u0259etm\u0259 sisteminin formala\u015fmas\u0131 v\u0259 d\u00f6vl\u0259t qullu\u011funun inki\u015faf\u0131 prosesl\u0259rind\u0259 \u00fcmummilli lider Heyd\u0259r \u018fliyevin misilsiz xidm\u0259tl\u0259rini diqq\u0259t\u0259 \u00e7atd\u0131r\u0131b.<\/p>\n\n\n\n<p>D\u00f6vl\u0259t idar\u0259\u00e7iliyi \u00fc\u00e7\u00fcn milli kadr potensial\u0131n\u0131n formala\u015fd\u0131r\u0131lmas\u0131n\u0131n m\u00fcasir d\u00f6vl\u0259t quruculu\u011fu prosesinin t\u0259rkib hiss\u0259si oldu\u011funu bildir\u0259n U.\u018fl\u0259kb\u0259rov d\u00f6vl\u0259t qullu\u011fu sisteminin t\u0259kmill\u0259\u015fdirilm\u0259si v\u0259 inki\u015faf\u0131, bu sah\u0259d\u0259 h\u00fcquqi bazan\u0131n t\u0259nziml\u0259nm\u0259si m\u0259s\u0259l\u0259l\u0259rini Prezident \u0130lham \u018fliyevin daim diqq\u0259t m\u0259rk\u0259zind\u0259 saxlad\u0131\u011f\u0131n\u0131 vur\u011fulay\u0131b. Respublikam\u0131zda d\u00f6vl\u0259t qullu\u011funun t\u0259kmill\u0259\u015fdirilm\u0259si prosesinin u\u011furlu n\u0259tic\u0259l\u0259rind\u0259n dan\u0131\u015fan akademik XXI \u0259srin prioriteti olan davaml\u0131 inki\u015faf\u0131n idar\u0259 olunmas\u0131 sah\u0259sind\u0259 Az\u0259rbaycan\u0131n qazand\u0131\u011f\u0131 nailiyy\u0259tl\u0259ri xat\u0131rlad\u0131b, bunun \u0259sas\u0131nda Prezident \u0130lham \u018fliyevin t\u0259tbiq etdiyi innovativ idar\u0259\u00e7ilik texnologiyalar\u0131n\u0131n rolunu qeyd edib. Alim bildirib ki, bu fakt n\u00fcfuzlu beyn\u0259lxalq t\u0259\u015fkilatlar t\u0259r\u0259find\u0259n d\u0259 t\u0259sdiql\u0259nib v\u0259 d\u00f6vl\u0259t qullu\u011fu \u00fc\u00e7\u00fcn kadr potensial\u0131n\u0131n g\u00fccl\u0259ndirilm\u0259si \u00f6lk\u0259d\u0259 inki\u015faf\u0131n planla\u015fd\u0131r\u0131lmas\u0131 v\u0259 idar\u0259 edilm\u0259si prosesl\u0259rini daha da s\u00fcr\u0259tl\u0259ndir\u0259c\u0259k.<\/p>\n\n\n\n<p>Konfransda D\u0130M Direktorlar \u015euras\u0131 s\u0259drinin m\u00fcavini B\u0259hram X\u0259lilovun \u201cD\u00f6vl\u0259t qullu\u011funda aktual probleml\u0259r v\u0259 \u00e7a\u011f\u0131r\u0131\u015flar\u201d m\u00f6vzusunda m\u0259ruz\u0259si dinl\u0259nilib.<\/p>\n\n\n\n<p>B.X\u0259lilov d\u00f6vl\u0259t idar\u0259etm\u0259 sisteminin t\u0259kmill\u0259\u015fdirilm\u0259si istiqam\u0259tind\u0259 h\u0259yata ke\u00e7iril\u0259n islahatlar n\u0259tic\u0259sind\u0259 \u0259ld\u0259 olunan u\u011furlardan b\u0259hs edib. Bildirilib ki, d\u00f6vl\u0259t qulluq\u00e7ular\u0131n\u0131n se\u00e7imi sisteminin formala\u015fd\u0131r\u0131lmas\u0131nda sivil, demokratik v\u0259 v\u0259t\u0259nda\u015f c\u0259miyy\u0259tinin t\u0259l\u0259bl\u0259rin\u0259 cavab ver\u0259n prinsipl\u0259r h\u0259lledici vasit\u0259dir.<\/p>\n\n\n\n<p>Vur\u011fulan\u0131b ki, bu sah\u0259d\u0259 D\u0130M-in \u00fcz\u0259rin\u0259 d\u00fc\u015f\u0259n \u0259sas f\u0259aliyy\u0259tl\u0259rd\u0259n biri d\u0259 d\u00f6vl\u0259t idar\u0259\u00e7iliyi sistemini inki\u015faf etdirm\u0259k m\u0259qs\u0259dil\u0259 d\u00f6vl\u0259t qullu\u011funa q\u0259bulu m\u0259rk\u0259zl\u0259\u015fdirilmi\u015f qaydada, m\u00fcsabiq\u0259 v\u0259 s\u0259m\u0259r\u0259li \u0259saslarla aparmaqdan ibar\u0259tdir.<\/p>\n\n\n\n<p>D\u0130A-n\u0131n r\u0259hb\u0259r d\u00f6vl\u0259t idar\u0259\u00e7iliyi kadrlar\u0131n\u0131n ixtisas\u0131n\u0131n art\u0131r\u0131lmas\u0131 institutunun direktoru, professor G\u00fclnar\u0259 Qurbanova \u201cD\u00f6vl\u0259t qulluq\u00e7ular\u0131n\u0131n t\u0259dris v\u0259 t\u0259lim sisteminin t\u0259\u015fkilind\u0259 \u0259n\u0259n\u0259l\u0259r v\u0259 innovasiyalar\u201d, D\u0130M-in d\u00f6vl\u0259t elektron informasiya sisteml\u0259ri \u015f\u00f6b\u0259sinin m\u00fcdiri V\u00fcqar \u018fkb\u0259rov \u201cD\u00f6vl\u0259t \u0130mtahan M\u0259rk\u0259zinin d\u00f6vl\u0259t qullu\u011fu sah\u0259sind\u0259 g\u00f6st\u0259rdiyi elektron xidm\u0259tl\u0259rin aktual istiqam\u0259tl\u0259ri\u201d m\u00f6vzular\u0131nda m\u0259ruz\u0259l\u0259rl\u0259 \u00e7\u0131x\u0131\u015f edibl\u0259r.<\/p>\n\n\n\n<p><\/p>\n\n\n\n<figure class=\"wp-container-2 wp-block-gallery-1 wp-block-gallery columns-3 is-cropped\"><ul class=\"blocks-gallery-grid\"><li class=\"blocks-gallery-item\"><figure><img width=\"640\" height=\"424\" src=\"https:\/\/dia.edu.az\/wp-content\/uploads\/2021\/03\/22.06.18.jpg\" alt=\"\" data-id=\"11962\" data-full-url=\"https:\/\/dia.edu.az\/wp-content\/uploads\/2021\/03\/22.06.18.jpg\" data-link=\"https:\/\/dia.edu.az\/?attachment_id=11962\" class=\"wp-image-11962\" srcset=\"https:\/\/legacy.dia.edu.az\/wp-content\/uploads\/2021\/03\/22.06.18.jpg 640w, https:\/\/legacy.dia.edu.az\/wp-content\/uploads\/2021\/03\/22.06.18-300x199.jpg 300w, https:\/\/legacy.dia.edu.az\/wp-content\/uploads\/2021\/03\/22.06.18-16x12.jpg 16w, https:\/\/legacy.dia.edu.az\/wp-content\/uploads\/2021\/03\/22.06.18-150x100.jpg 150w, https:\/\/legacy.dia.edu.az\/wp-content\/uploads\/2021\/03\/22.06.18-300x199@2x.jpg 600w\" sizes=\"(max-width: 640px) 100vw, 640px\" \/><\/figure><\/li><li class=\"blocks-gallery-item\"><figure><img width=\"640\" height=\"424\" src=\"https:\/\/dia.edu.az\/wp-content\/uploads\/2021\/03\/268.jpg\" alt=\"\" data-id=\"11963\" data-full-url=\"https:\/\/dia.edu.az\/wp-content\/uploads\/2021\/03\/268.jpg\" data-link=\"https:\/\/dia.edu.az\/?attachment_id=11963\" class=\"wp-image-11963\" srcset=\"https:\/\/legacy.dia.edu.az\/wp-content\/uploads\/2021\/03\/268.jpg 640w, https:\/\/legacy.dia.edu.az\/wp-content\/uploads\/2021\/03\/268-300x199.jpg 300w, https:\/\/legacy.dia.edu.az\/wp-content\/uploads\/2021\/03\/268-16x12.jpg 16w, https:\/\/legacy.dia.edu.az\/wp-content\/uploads\/2021\/03\/268-150x100.jpg 150w, https:\/\/legacy.dia.edu.az\/wp-content\/uploads\/2021\/03\/268-300x199@2x.jpg 600w\" sizes=\"(max-width: 640px) 100vw, 640px\" \/><\/figure><\/li><li class=\"blocks-gallery-item\"><figure><img width=\"640\" height=\"424\" src=\"https:\/\/dia.edu.az\/wp-content\/uploads\/2021\/03\/2206.jpg\" alt=\"\" data-id=\"11964\" data-full-url=\"https:\/\/dia.edu.az\/wp-content\/uploads\/2021\/03\/2206.jpg\" data-link=\"https:\/\/dia.edu.az\/?attachment_id=11964\" class=\"wp-image-11964\" srcset=\"https:\/\/legacy.dia.edu.az\/wp-content\/uploads\/2021\/03\/2206.jpg 640w, https:\/\/legacy.dia.edu.az\/wp-content\/uploads\/2021\/03\/2206-300x199.jpg 300w, https:\/\/legacy.dia.edu.az\/wp-content\/uploads\/2021\/03\/2206-16x12.jpg 16w, https:\/\/legacy.dia.edu.az\/wp-content\/uploads\/2021\/03\/2206-150x100.jpg 150w, https:\/\/legacy.dia.edu.az\/wp-content\/uploads\/2021\/03\/2206-300x199@2x.jpg 600w\" sizes=\"(max-width: 640px) 100vw, 640px\" \/><\/figure><\/li><li class=\"blocks-gallery-item\"><figure><img width=\"640\" height=\"424\" src=\"https:\/\/dia.edu.az\/wp-content\/uploads\/2021\/03\/220618.jpg\" alt=\"\" data-id=\"11965\" data-full-url=\"https:\/\/dia.edu.az\/wp-content\/uploads\/2021\/03\/220618.jpg\" data-link=\"https:\/\/dia.edu.az\/?attachment_id=11965\" class=\"wp-image-11965\" srcset=\"https:\/\/legacy.dia.edu.az\/wp-content\/uploads\/2021\/03\/220618.jpg 640w, https:\/\/legacy.dia.edu.az\/wp-content\/uploads\/2021\/03\/220618-300x199.jpg 300w, https:\/\/legacy.dia.edu.az\/wp-content\/uploads\/2021\/03\/220618-16x12.jpg 16w, https:\/\/legacy.dia.edu.az\/wp-content\/uploads\/2021\/03\/220618-150x100.jpg 150w, https:\/\/legacy.dia.edu.az\/wp-content\/uploads\/2021\/03\/220618-300x199@2x.jpg 600w\" sizes=\"(max-width: 640px) 100vw, 640px\" \/><\/figure><\/li><\/ul><\/figure>","protected":false},"excerpt":{"rendered":"<p>D\u00f6vl\u0259t \u0130dar\u0259\u00e7ilik Akademiyas\u0131nda \u201cD\u00f6vl\u0259t qullu\u011funun aktual probleml\u0259ri\u201d m\u00f6vzusunda konfrans ke\u00e7irilib\u0130yn 22 , 2018 &#8211; 03:44 \u0130yunun 22-d\u0259 Az\u0259rbaycan Respublikas\u0131 Prezidenti Administrasiyas\u0131n\u0131n r\u0259hb\u0259ri akademik Ramiz Mehdiyevin m\u00fcvafiq s\u0259r\u0259ncam\u0131 il\u0259 t\u0259sdiq edilmi\u015f \u201cD\u00f6vl\u0259t qulluq\u00e7ular\u0131n\u0131n pe\u015f\u0259 bayram\u0131 g\u00fcn\u00fcn\u00fcn qeyd edilm\u0259si il\u0259 ba\u011fl\u0131 t\u0259dbirl\u0259r plan\u0131\u201dn\u0131n icras\u0131 \u00e7\u0259r\u00e7iv\u0259sind\u0259 Az\u0259rbaycan Respublikas\u0131n\u0131n Prezidenti yan\u0131nda D\u00f6vl\u0259t \u0130dar\u0259\u00e7ilik Akademiyas\u0131 (D\u0130A) v\u0259 D\u00f6vl\u0259t \u0130mtahan M\u0259rk\u0259zinin [&hellip;]<\/p>","protected":false},"author":2,"featured_media":11965,"comment_status":"closed","ping_status":"closed","sticky":false,"template":"","format":"standard","meta":[],"categories":[137],"tags":[],"_links":{"self":[{"href":"https:\/\/legacy.dia.edu.az\/en\/wp-json\/wp\/v2\/posts\/11961"}],"collection":[{"href":"https:\/\/legacy.dia.edu.az\/en\/wp-json\/wp\/v2\/posts"}],"about":[{"href":"https:\/\/legacy.dia.edu.az\/en\/wp-json\/wp\/v2\/types\/post"}],"author":[{"embeddable":true,"href":"https:\/\/legacy.dia.edu.az\/en\/wp-json\/wp\/v2\/users\/2"}],"replies":[{"embeddable":true,"href":"https:\/\/legacy.dia.edu.az\/en\/wp-json\/wp\/v2\/comments?post=11961"}],"version-history":[{"count":0,"href":"https:\/\/legacy.dia.edu.az\/en\/wp-json\/wp\/v2\/posts\/11961\/revisions"}],"wp:featuredmedia":[{"embeddable":true,"href":"https:\/\/legacy.dia.edu.az\/en\/wp-json\/wp\/v2\/media\/11965"}],"wp:attachment":[{"href":"https:\/\/legacy.dia.edu.az\/en\/wp-json\/wp\/v2\/media?parent=11961"}],"wp:term":[{"taxonomy":"category","embeddable":true,"href":"https:\/\/legacy.dia.edu.az\/en\/wp-json\/wp\/v2\/categories?post=11961"},{"taxonomy":"post_tag","embeddable":true,"href":"https:\/\/legacy.dia.edu.az\/en\/wp-json\/wp\/v2\/tags?post=11961"}],"curies":[{"name":"wp","href":"https:\/\/api.w.org\/{rel}","templated":true}]}}