{"id":11942,"date":"2018-09-17T22:10:00","date_gmt":"2018-09-17T19:10:00","guid":{"rendered":"https:\/\/dia.edu.az\/?p=11942"},"modified":"2021-03-14T22:11:45","modified_gmt":"2021-03-14T19:11:45","slug":"az%c9%99rbaycan-respublikasinin-prezidenti-yaninda-dovl%c9%99t-idar%c9%99cilik-akademiyasinda-ilk-d%c9%99rs-gunu-il%c9%99-bagli-t%c9%99dbir-kecirilib","status":"publish","type":"post","link":"https:\/\/legacy.dia.edu.az\/en\/arxivl\u0259r\/11942","title":{"rendered":"Az\u0259rbaycan Respublikas\u0131n\u0131n Prezidenti yan\u0131nda D\u00f6vl\u0259t \u0130dar\u0259\u00e7ilik Akademiyas\u0131nda ilk d\u0259rs g\u00fcn\u00fc il\u0259 ba\u011fl\u0131 t\u0259dbir ke\u00e7irilib"},"content":{"rendered":"<p><\/p>\n\n\n\n<p><strong>Az\u0259rbaycan Respublikas\u0131n\u0131n Prezidenti yan\u0131nda D\u00f6vl\u0259t \u0130dar\u0259\u00e7ilik Akademiyas\u0131nda ilk d\u0259rs g\u00fcn\u00fc il\u0259 ba\u011fl\u0131 t\u0259dbir ke\u00e7irilib<\/strong><br><em>Sen 17 , 2018 &#8211; 03:02<\/em><\/p>\n\n\n\n<p>Sentyabr\u0131n 17-d\u0259 Az\u0259rbaycan Respublikas\u0131n\u0131n Prezidenti yan\u0131nda D\u00f6vl\u0259t \u0130dar\u0259\u00e7ilik Akademiyas\u0131nda ilk d\u0259rs g\u00fcn\u00fc m\u00fcnasib\u0259til\u0259 t\u0259dbir ke\u00e7irilib.<\/p>\n\n\n\n<p>Akademiyan\u0131n rektoru, akademik Urxan \u018fl\u0259kb\u0259rov professor-m\u00fc\u0259llim hey\u0259tini, t\u0259l\u0259b\u0259 v\u0259 magistrl\u0259ri yeni t\u0259dris ili m\u00fcnasib\u0259til\u0259 t\u0259brik edib, onlara u\u011furlar arzulay\u0131b. O, m\u00fcst\u0259qil d\u00f6vl\u0259timizin qurucusu ulu \u00f6nd\u0259r Heyd\u0259r \u018fliyevin elm v\u0259 t\u0259hsilin inki\u015faf\u0131na daim b\u00f6y\u00fck \u00f6n\u0259m verdiyini, \u00dcmummilli Liderin siyas\u0259tini u\u011furla davam etdir\u0259n Prezident \u0130lham \u018fliyevin elm v\u0259 t\u0259hsill\u0259 ba\u011fl\u0131 imzalad\u0131\u011f\u0131 bir \u00e7ox s\u0259n\u0259dl\u0259rin \u0259h\u0259miyy\u0259tini diqq\u0259t\u0259 \u00e7atd\u0131r\u0131b. Qeyd edib ki, m\u00fcasir d\u00f6vrd\u0259 \u00f6lk\u0259nin g\u00fcc\u00fc onun t\u0259bii s\u0259rv\u0259tl\u0259ri il\u0259 yana\u015f\u0131, insan potensial\u0131 il\u0259 d\u0259 m\u00fc\u0259yy\u0259n edilir. Rektor 2018-2019-cu t\u0259dris ilind\u0259 D\u00f6vl\u0259t \u0130dar\u0259\u00e7ilik Akademiyas\u0131na q\u0259bul olanlar\u0131n \u0259ks\u0259riyy\u0259tinin y\u00fcks\u0259k bal toplad\u0131\u011f\u0131n\u0131 diqq\u0259t\u0259 \u00e7atd\u0131r\u0131b. O, y\u00fcks\u0259k n\u0259tic\u0259l\u0259r g\u00f6st\u0259r\u0259n g\u0259ncl\u0259rin D\u00f6vl\u0259t \u0130dar\u0259\u00e7ilik Akademiyas\u0131n\u0131 se\u00e7m\u0259sini, bununla yana\u015f\u0131, Az\u0259rbaycan Respublikas\u0131 Prezidenti Administrasiyas\u0131, Nazirl\u0259r Kabineti, Milli M\u0259clis, m\u0259rk\u0259zi icra hakimiyy\u0259ti orqanlar\u0131, m\u00fcxt\u0259lif nazirlikl\u0259r, \u015f\u0259h\u0259r v\u0259 rayon icra hakimiyy\u0259tl\u0259rind\u0259 v\u0259 dig\u0259r d\u00f6vl\u0259t orqanlar\u0131nda \u00e7al\u0131\u015fan 75 n\u0259f\u0259r r\u0259hb\u0259r kadr\u0131n D\u00f6vl\u0259t \u0130dar\u0259\u00e7ilik Akademiyas\u0131nda magistr t\u0259hsili almas\u0131n\u0131 da olduqca \u0259h\u0259miyy\u0259tli hesab edildiyini s\u00f6yl\u0259yib.<\/p>\n\n\n\n<p>Sonra D\u00f6vl\u0259t \u0130dar\u0259\u00e7ilik Akademiyas\u0131n\u0131n siyasi idar\u0259etm\u0259 fak\u00fclt\u0259sinin dekan\u0131, professor El\u00e7in \u018fhm\u0259dov, inzibati idar\u0259etm\u0259 fak\u00fclt\u0259sinin dekan\u0131, professor Xatir\u0259 H\u00fcseynova v\u0259 dig\u0259r \u00e7\u0131x\u0131\u015f ed\u0259nl\u0259r ilk d\u0259rs g\u00fcn\u00fc m\u00fcnasib\u0259til\u0259 t\u0259brikl\u0259rini \u00e7atd\u0131r\u0131blar. Onlar \u00f6lk\u0259mizin nailiyy\u0259tl\u0259rinin \u0259ld\u0259 edilm\u0259sind\u0259 D\u00f6vl\u0259t \u0130dar\u0259\u00e7ilik Akademiyas\u0131n\u0131n m\u0259zunlar\u0131n\u0131n imzas\u0131n\u0131n daha da \u00e7ox olaca\u011f\u0131na inamlar\u0131n\u0131 ifad\u0259 edibl\u0259r.<\/p>\n\n\n\n<p>Qeyd ed\u0259k ki, bu il 370 n\u0259f\u0259r g\u0259nc D\u00f6vl\u0259t \u0130dar\u0259\u00e7ilik Akademiyas\u0131n\u0131 se\u00e7ib.<\/p>\n\n\n\n<p><\/p>\n\n\n\n<figure class=\"wp-container-2 wp-block-gallery-1 wp-block-gallery columns-2 is-cropped\"><ul class=\"blocks-gallery-grid\"><li class=\"blocks-gallery-item\"><figure><img width=\"640\" height=\"469\" src=\"https:\/\/dia.edu.az\/wp-content\/uploads\/2021\/03\/17.09.jpg\" alt=\"\" data-id=\"11943\" data-full-url=\"https:\/\/dia.edu.az\/wp-content\/uploads\/2021\/03\/17.09.jpg\" data-link=\"https:\/\/dia.edu.az\/?attachment_id=11943\" class=\"wp-image-11943\" srcset=\"https:\/\/legacy.dia.edu.az\/wp-content\/uploads\/2021\/03\/17.09.jpg 640w, https:\/\/legacy.dia.edu.az\/wp-content\/uploads\/2021\/03\/17.09-300x220.jpg 300w, https:\/\/legacy.dia.edu.az\/wp-content\/uploads\/2021\/03\/17.09-16x12.jpg 16w, https:\/\/legacy.dia.edu.az\/wp-content\/uploads\/2021\/03\/17.09-300x220@2x.jpg 600w\" sizes=\"(max-width: 640px) 100vw, 640px\" \/><\/figure><\/li><li class=\"blocks-gallery-item\"><figure><img width=\"640\" height=\"425\" src=\"https:\/\/dia.edu.az\/wp-content\/uploads\/2021\/03\/170918.jpg\" alt=\"\" data-id=\"11944\" data-full-url=\"https:\/\/dia.edu.az\/wp-content\/uploads\/2021\/03\/170918.jpg\" data-link=\"https:\/\/dia.edu.az\/?attachment_id=11944\" class=\"wp-image-11944\" srcset=\"https:\/\/legacy.dia.edu.az\/wp-content\/uploads\/2021\/03\/170918.jpg 640w, https:\/\/legacy.dia.edu.az\/wp-content\/uploads\/2021\/03\/170918-300x199.jpg 300w, https:\/\/legacy.dia.edu.az\/wp-content\/uploads\/2021\/03\/170918-16x12.jpg 16w, https:\/\/legacy.dia.edu.az\/wp-content\/uploads\/2021\/03\/170918-150x100.jpg 150w, https:\/\/legacy.dia.edu.az\/wp-content\/uploads\/2021\/03\/170918-300x199@2x.jpg 600w\" sizes=\"(max-width: 640px) 100vw, 640px\" \/><\/figure><\/li><\/ul><\/figure>","protected":false},"excerpt":{"rendered":"<p>Az\u0259rbaycan Respublikas\u0131n\u0131n Prezidenti yan\u0131nda D\u00f6vl\u0259t \u0130dar\u0259\u00e7ilik Akademiyas\u0131nda ilk d\u0259rs g\u00fcn\u00fc il\u0259 ba\u011fl\u0131 t\u0259dbir ke\u00e7irilibSen 17 , 2018 &#8211; 03:02 Sentyabr\u0131n 17-d\u0259 Az\u0259rbaycan Respublikas\u0131n\u0131n Prezidenti yan\u0131nda D\u00f6vl\u0259t \u0130dar\u0259\u00e7ilik Akademiyas\u0131nda ilk d\u0259rs g\u00fcn\u00fc m\u00fcnasib\u0259til\u0259 t\u0259dbir ke\u00e7irilib. Akademiyan\u0131n rektoru, akademik Urxan \u018fl\u0259kb\u0259rov professor-m\u00fc\u0259llim hey\u0259tini, t\u0259l\u0259b\u0259 v\u0259 magistrl\u0259ri yeni t\u0259dris ili m\u00fcnasib\u0259til\u0259 t\u0259brik edib, onlara u\u011furlar arzulay\u0131b. O, m\u00fcst\u0259qil [&hellip;]<\/p>","protected":false},"author":2,"featured_media":11943,"comment_status":"closed","ping_status":"closed","sticky":false,"template":"","format":"standard","meta":[],"categories":[137],"tags":[],"_links":{"self":[{"href":"https:\/\/legacy.dia.edu.az\/en\/wp-json\/wp\/v2\/posts\/11942"}],"collection":[{"href":"https:\/\/legacy.dia.edu.az\/en\/wp-json\/wp\/v2\/posts"}],"about":[{"href":"https:\/\/legacy.dia.edu.az\/en\/wp-json\/wp\/v2\/types\/post"}],"author":[{"embeddable":true,"href":"https:\/\/legacy.dia.edu.az\/en\/wp-json\/wp\/v2\/users\/2"}],"replies":[{"embeddable":true,"href":"https:\/\/legacy.dia.edu.az\/en\/wp-json\/wp\/v2\/comments?post=11942"}],"version-history":[{"count":0,"href":"https:\/\/legacy.dia.edu.az\/en\/wp-json\/wp\/v2\/posts\/11942\/revisions"}],"wp:featuredmedia":[{"embeddable":true,"href":"https:\/\/legacy.dia.edu.az\/en\/wp-json\/wp\/v2\/media\/11943"}],"wp:attachment":[{"href":"https:\/\/legacy.dia.edu.az\/en\/wp-json\/wp\/v2\/media?parent=11942"}],"wp:term":[{"taxonomy":"category","embeddable":true,"href":"https:\/\/legacy.dia.edu.az\/en\/wp-json\/wp\/v2\/categories?post=11942"},{"taxonomy":"post_tag","embeddable":true,"href":"https:\/\/legacy.dia.edu.az\/en\/wp-json\/wp\/v2\/tags?post=11942"}],"curies":[{"name":"wp","href":"https:\/\/api.w.org\/{rel}","templated":true}]}}