{"id":11930,"date":"2018-09-26T22:07:00","date_gmt":"2018-09-26T19:07:00","guid":{"rendered":"https:\/\/dia.edu.az\/?p=11930"},"modified":"2021-03-14T22:08:31","modified_gmt":"2021-03-14T19:08:31","slug":"dovl%c9%99t-idar%c9%99cilik-akademiyasinda-%c9%99lim%c9%99rdan-b%c9%99y-topcubasov-xalqimizin-must%c9%99qil-yasayacagina-inanirdiq-adli-kitabin-t%c9%99qdimati-kecirilib","status":"publish","type":"post","link":"https:\/\/legacy.dia.edu.az\/en\/arxivl\u0259r\/11930","title":{"rendered":"D\u00f6vl\u0259t \u0130dar\u0259\u00e7ilik Akademiyas\u0131nda \u201c\u018flim\u0259rdan B\u0259y Top\u00e7uba\u015fov. &#8230;Xalq\u0131m\u0131z\u0131n m\u00fcst\u0259qil ya\u015fayaca\u011f\u0131na inan\u0131rd\u0131q&#8221; adl\u0131 kitab\u0131n t\u0259qdimat\u0131 ke\u00e7irilib"},"content":{"rendered":"<p><strong>D\u00f6vl\u0259t \u0130dar\u0259\u00e7ilik Akademiyas\u0131nda \u201c\u018flim\u0259rdan B\u0259y Top\u00e7uba\u015fov. &#8230;Xalq\u0131m\u0131z\u0131n m\u00fcst\u0259qil ya\u015fayaca\u011f\u0131na inan\u0131rd\u0131q&#8221; adl\u0131 kitab\u0131n t\u0259qdimat\u0131 ke\u00e7irilib<\/strong><br><em>Sen 26 , 2018 &#8211; 09:16<\/em><\/p>\n\n\n\n<p>Sentyabr\u0131n 26-da Az\u0259rbaycan Respublikas\u0131n\u0131n Prezidenti yan\u0131nda D\u00f6vl\u0259t \u0130dar\u0259\u00e7ilik Akademiyas\u0131nda Az\u0259rbaycan Xalq C\u00fcmhuriyy\u0259tinin 100 illik yubileyi haqq\u0131nda Az\u0259rbaycan Respublikas\u0131n\u0131n Prezidenti c\u0259nab \u0130lham \u018fliyevin 16 may 2017-ci il tarixli S\u0259r\u0259ncam\u0131n\u0131n icras\u0131 il\u0259 \u0259laq\u0259dar t\u0259dbirl\u0259r \u00e7\u0259r\u00e7iv\u0259sind\u0259 Az\u0259rbaycan\u0131n Macar\u0131standak\u0131 f\u00f6vq\u0259lad\u0259 v\u0259 s\u0259lahiyy\u0259tli s\u0259firi, filologiya elml\u0259ri doktoru, professor Vilay\u0259t Quliyevin t\u0259rc\u00fcm\u0259 v\u0259 t\u0259rtib etdiyi &#8220;\u018flim\u0259rdan B\u0259y Top\u00e7uba\u015fov. &#8230;Xalq\u0131m\u0131z\u0131n m\u00fcst\u0259qil ya\u015fayaca\u011f\u0131na inan\u0131rd\u0131q&#8221; kitab\u0131n\u0131n t\u0259qdimat\u0131 ke\u00e7irilib.<\/p>\n\n\n\n<p>T\u0259dbird\u0259 Az\u0259rbaycan Respublikas\u0131n\u0131n Prezidenti yan\u0131nda D\u00f6vl\u0259t \u0130dar\u0259\u00e7ilik Akademiyas\u0131n\u0131n rektoru, akademik Urxan \u018fl\u0259kb\u0259rov qeyd edib ki, Az\u0259rbaycan Xalq C\u00fcmhuriyy\u0259tinin 100 illik yubileyi haqq\u0131nda Az\u0259rbaycan Respublikas\u0131 Prezidenti c\u0259nab \u0130lham \u018fliyevin m\u00fcvafiq S\u0259r\u0259ncam\u0131 v\u0259 2018-ci ilin Az\u0259rbaycan Xalq C\u00fcmhuriyy\u0259ti ili elan edilm\u0259si il\u0259 \u0259laq\u0259dar t\u0259dbirl\u0259r \u00e7\u0259r\u00e7iv\u0259sind\u0259 o d\u00f6vr\u0259 i\u015f\u0131q salan kitablar\u0131n \u0259h\u0259miyy\u0259ti olduqca b\u00f6y\u00fckd\u00fcr.<\/p>\n\n\n\n<p>Akademik U.\u018fl\u0259kb\u0259rov xalq\u0131m\u0131z\u0131n \u00fcmummilli lideri Heyd\u0259r \u018fliyevin h\u0259r zaman Az\u0259rbaycan Xalq C\u00fcmhuriyy\u0259tinin \u00f6lk\u0259mizin m\u00fcst\u0259qillik tarixind\u0259 m\u00fch\u00fcm yer\u0259 malik oldu\u011funu bildirdiyini diqq\u0259t\u0259 \u00e7atd\u0131r\u0131b. Eyni zamanda&nbsp;<em>Prezidenti \u0130lham \u018fliyevin S\u0259r\u0259ncam\u0131 il\u0259 2018-ci ilin \u201cAz\u0259rbaycan Xalq C\u00fcmhuriyy\u0259ti \u0130li\u201d elan edilm\u0259sini xalq\u0131m\u0131z\u0131n q\u0259dim v\u0259 z\u0259ngin d\u00f6vl\u0259t\u00e7ilik tarixin\u0259 b\u00f6y\u00fck ehtiram\u0131n g\u00f6st\u0259ricisi oldu\u011funu bildirmi\u015fdir.<\/em><\/p>\n\n\n\n<p>Rektor \u018flim\u0259rdan b\u0259y Top\u00e7uba\u015fovun Az\u0259rbaycan d\u00f6vl\u0259ti v\u0259 xalq\u0131 qar\u015f\u0131s\u0131nda b\u00f6y\u00fck xidm\u0259tl\u0259rind\u0259n dan\u0131\u015f\u0131b onun m\u00fcst\u0259qilliyimizin tan\u0131nmas\u0131, d\u00fcnya d\u00f6vl\u0259tl\u0259ri t\u0259r\u0259find\u0259n q\u0259bul edilm\u0259si yolunda \u0259zml\u0259 \u00e7al\u0131\u015fd\u0131\u011f\u0131n\u0131 qeyd edib. Kitab\u0131n d\u00f6vl\u0259t idar\u0259\u00e7iliyi sah\u0259sind\u0259 D\u0130A-da t\u0259hsil alanlar \u00fc\u00e7\u00fcn d\u0259 d\u0259y\u0259rli v\u0259sait oldu\u011funu vur\u011fulay\u0131b.<\/p>\n\n\n\n<p>T\u0259dbird\u0259 \u00e7\u0131x\u0131\u015f ed\u0259n professor V.Quliyev kitab\u0131n \u0259rs\u0259y\u0259g\u0259lm\u0259 prosesi bar\u0259d\u0259 m\u0259lumat verib, \u018flim\u0259rdan B\u0259y Top\u00e7uba\u015fovun siyasi-publisistik irsinin Az\u0259rbaycan oxucusuna t\u0259qdim edilm\u0259sinin \u0259h\u0259miyy\u0259ti bar\u0259d\u0259 dan\u0131\u015f\u0131b. &#8230;Xalq\u0131m\u0131z\u0131n m\u00fcst\u0259qil ya\u015fayaca\u011f\u0131na inan\u0131rd\u0131q kitab\u0131nda \u018flim\u0259rdan B\u0259y Top\u00e7uba\u015fovun m\u0259qal\u0259l\u0259ri, nitql\u0259ri, s\u0259f\u0259r qeydl\u0259ri, diplomatik yaz\u0131\u015fmalar\u0131, tarixi ara\u015fd\u0131rmalar\u0131, b\u0259dii publisistikas\u0131 v\u0259 z\u0259ngin epistolyar irsi haqq\u0131nda \u0259trafl\u0131 \u015f\u0259rh ver\u0259n V.Quliyev D\u0130A-n\u0131n professor-m\u00fc\u0259llim v\u0259 t\u0259l\u0259b\u0259 hey\u0259tin\u0259 t\u0259\u015f\u0259kk\u00fcr\u00fcn\u00fc bildirib.&nbsp;&nbsp;<\/p>\n\n\n\n<p>Kitabla ba\u011fl\u0131 fikirl\u0259rini b\u00f6l\u00fc\u015f\u0259n Milli M\u0259clisin deputat\u0131, D\u00f6vl\u0259t \u0130dar\u0259\u00e7ilik Akademiyas\u0131 Siyasi ara\u015fd\u0131rmalar institutunun direktoru, siyasi elml\u0259r doktoru, professor Elman N\u0259sirov, D\u00f6vl\u0259t \u0130dar\u0259\u00e7ilik Akademiyas\u0131 \u201cSiyasi idar\u0259etm\u0259\u201d fak\u00fclt\u0259sinin dekan\u0131, siyasi elml\u0259r doktoru, professor El\u00e7in \u018fhm\u0259dov, Az\u0259rbaycan Milli Elml\u0259r Akademiyas\u0131n\u0131n professoru Solmaz R\u00fcst\u0259mova-Tohidi, D\u00f6vl\u0259t \u0130dar\u0259\u00e7ilik Akademiyas\u0131 \u201cTarix\u201d kafedras\u0131n\u0131n professoru Havva M\u0259mm\u0259dova, D\u00f6vl\u0259t \u0130dar\u0259\u00e7ilik Akademiyas\u0131n\u0131n \u201cTarix\u201d kafedras\u0131n\u0131n m\u00fcdiri, dosent Firdovsiyy\u0259 \u018fhm\u0259dova, v\u0259 dig\u0259rl\u0259ri qeyd edibl\u0259r ki, aktual m\u00f6vzular\u0131 \u0259hat\u0259 ed\u0259n \u0259s\u0259rl\u0259ri il\u0259 vaxta\u015f\u0131r\u0131 oxucular\u0131n diqq\u0259tini c\u0259lb ed\u0259n professor Vilay\u0259t Quliyevin f\u0259aliyy\u0259tini y\u00fcks\u0259k qiym\u0259tl\u0259ndiribl\u0259r v\u0259 onun f\u0259aliyy\u0259ti il\u0259 \u0259rs\u0259y\u0259 g\u0259l\u0259n kitablar\u0131n tarix\u00e7il\u0259r, diplomatlar, politoloqlar \u00fc\u00e7\u00fcn d\u0259y\u0259rli m\u0259nb\u0259 olaca\u011f\u0131n\u0131 qeyd edibl\u0259r. \u00c7\u0131x\u0131\u015flarda V.Quliyevin AXC d\u00f6vr\u00fc il\u0259 ba\u011fl\u0131 m\u00fct\u0259madi ara\u015fd\u0131rmalar apard\u0131\u011f\u0131n\u0131, onun t\u0259dqiqatlar\u0131nda elmi faktlar\u0131n \u00fcst\u00fcnl\u00fck t\u0259\u015fkil etdiyini v\u0259 xalq\u0131m\u0131z\u0131n tarixini, m\u0259d\u0259niyy\u0259tini, ad\u0259t-\u0259n\u0259n\u0259l\u0259rini, \u0259d\u0259biyyat\u0131n\u0131 layiqinc\u0259 t\u0259bli\u011f v\u0259 t\u0259msil etdiyini vur\u011fulay\u0131blar.<\/p>\n\n\n\n<p><\/p>\n\n\n\n<figure class=\"wp-container-2 wp-block-gallery-1 wp-block-gallery columns-3 is-cropped\"><ul class=\"blocks-gallery-grid\"><li class=\"blocks-gallery-item\"><figure><img width=\"640\" height=\"424\" src=\"https:\/\/dia.edu.az\/wp-content\/uploads\/2021\/03\/27.09.jpg\" alt=\"\" data-id=\"11931\" data-full-url=\"https:\/\/dia.edu.az\/wp-content\/uploads\/2021\/03\/27.09.jpg\" data-link=\"https:\/\/dia.edu.az\/?attachment_id=11931\" class=\"wp-image-11931\" srcset=\"https:\/\/legacy.dia.edu.az\/wp-content\/uploads\/2021\/03\/27.09.jpg 640w, https:\/\/legacy.dia.edu.az\/wp-content\/uploads\/2021\/03\/27.09-300x199.jpg 300w, https:\/\/legacy.dia.edu.az\/wp-content\/uploads\/2021\/03\/27.09-16x12.jpg 16w, https:\/\/legacy.dia.edu.az\/wp-content\/uploads\/2021\/03\/27.09-150x100.jpg 150w, https:\/\/legacy.dia.edu.az\/wp-content\/uploads\/2021\/03\/27.09-300x199@2x.jpg 600w\" sizes=\"(max-width: 640px) 100vw, 640px\" \/><\/figure><\/li><li class=\"blocks-gallery-item\"><figure><img width=\"640\" height=\"457\" src=\"https:\/\/dia.edu.az\/wp-content\/uploads\/2021\/03\/27.0918.jpg\" alt=\"\" data-id=\"11932\" data-full-url=\"https:\/\/dia.edu.az\/wp-content\/uploads\/2021\/03\/27.0918.jpg\" data-link=\"https:\/\/dia.edu.az\/?attachment_id=11932\" class=\"wp-image-11932\" srcset=\"https:\/\/legacy.dia.edu.az\/wp-content\/uploads\/2021\/03\/27.0918.jpg 640w, https:\/\/legacy.dia.edu.az\/wp-content\/uploads\/2021\/03\/27.0918-300x214.jpg 300w, https:\/\/legacy.dia.edu.az\/wp-content\/uploads\/2021\/03\/27.0918-16x12.jpg 16w, https:\/\/legacy.dia.edu.az\/wp-content\/uploads\/2021\/03\/27.0918-300x214@2x.jpg 600w\" sizes=\"(max-width: 640px) 100vw, 640px\" \/><\/figure><\/li><li class=\"blocks-gallery-item\"><figure><img width=\"640\" height=\"343\" src=\"https:\/\/dia.edu.az\/wp-content\/uploads\/2021\/03\/2709.jpg\" alt=\"\" data-id=\"11933\" data-full-url=\"https:\/\/dia.edu.az\/wp-content\/uploads\/2021\/03\/2709.jpg\" data-link=\"https:\/\/dia.edu.az\/?attachment_id=11933\" class=\"wp-image-11933\" srcset=\"https:\/\/legacy.dia.edu.az\/wp-content\/uploads\/2021\/03\/2709.jpg 640w, https:\/\/legacy.dia.edu.az\/wp-content\/uploads\/2021\/03\/2709-300x161.jpg 300w, https:\/\/legacy.dia.edu.az\/wp-content\/uploads\/2021\/03\/2709-16x9.jpg 16w, https:\/\/legacy.dia.edu.az\/wp-content\/uploads\/2021\/03\/2709-300x161@2x.jpg 600w\" sizes=\"(max-width: 640px) 100vw, 640px\" \/><\/figure><\/li><li class=\"blocks-gallery-item\"><figure><img width=\"640\" height=\"343\" src=\"https:\/\/dia.edu.az\/wp-content\/uploads\/2021\/03\/270918.jpg\" alt=\"\" data-id=\"11934\" data-full-url=\"https:\/\/dia.edu.az\/wp-content\/uploads\/2021\/03\/270918.jpg\" data-link=\"https:\/\/dia.edu.az\/?attachment_id=11934\" class=\"wp-image-11934\" srcset=\"https:\/\/legacy.dia.edu.az\/wp-content\/uploads\/2021\/03\/270918.jpg 640w, https:\/\/legacy.dia.edu.az\/wp-content\/uploads\/2021\/03\/270918-300x161.jpg 300w, https:\/\/legacy.dia.edu.az\/wp-content\/uploads\/2021\/03\/270918-16x9.jpg 16w, https:\/\/legacy.dia.edu.az\/wp-content\/uploads\/2021\/03\/270918-300x161@2x.jpg 600w\" sizes=\"(max-width: 640px) 100vw, 640px\" \/><\/figure><\/li><\/ul><\/figure>","protected":false},"excerpt":{"rendered":"<p>D\u00f6vl\u0259t \u0130dar\u0259\u00e7ilik Akademiyas\u0131nda \u201c\u018flim\u0259rdan B\u0259y Top\u00e7uba\u015fov. &#8230;Xalq\u0131m\u0131z\u0131n m\u00fcst\u0259qil ya\u015fayaca\u011f\u0131na inan\u0131rd\u0131q&#8221; adl\u0131 kitab\u0131n t\u0259qdimat\u0131 ke\u00e7irilibSen 26 , 2018 &#8211; 09:16 Sentyabr\u0131n 26-da Az\u0259rbaycan Respublikas\u0131n\u0131n Prezidenti yan\u0131nda D\u00f6vl\u0259t \u0130dar\u0259\u00e7ilik Akademiyas\u0131nda Az\u0259rbaycan Xalq C\u00fcmhuriyy\u0259tinin 100 illik yubileyi haqq\u0131nda Az\u0259rbaycan Respublikas\u0131n\u0131n Prezidenti c\u0259nab \u0130lham \u018fliyevin 16 may 2017-ci il tarixli S\u0259r\u0259ncam\u0131n\u0131n icras\u0131 il\u0259 \u0259laq\u0259dar t\u0259dbirl\u0259r \u00e7\u0259r\u00e7iv\u0259sind\u0259 Az\u0259rbaycan\u0131n Macar\u0131standak\u0131 f\u00f6vq\u0259lad\u0259 [&hellip;]<\/p>","protected":false},"author":2,"featured_media":11932,"comment_status":"closed","ping_status":"closed","sticky":false,"template":"","format":"standard","meta":[],"categories":[137],"tags":[],"_links":{"self":[{"href":"https:\/\/legacy.dia.edu.az\/en\/wp-json\/wp\/v2\/posts\/11930"}],"collection":[{"href":"https:\/\/legacy.dia.edu.az\/en\/wp-json\/wp\/v2\/posts"}],"about":[{"href":"https:\/\/legacy.dia.edu.az\/en\/wp-json\/wp\/v2\/types\/post"}],"author":[{"embeddable":true,"href":"https:\/\/legacy.dia.edu.az\/en\/wp-json\/wp\/v2\/users\/2"}],"replies":[{"embeddable":true,"href":"https:\/\/legacy.dia.edu.az\/en\/wp-json\/wp\/v2\/comments?post=11930"}],"version-history":[{"count":0,"href":"https:\/\/legacy.dia.edu.az\/en\/wp-json\/wp\/v2\/posts\/11930\/revisions"}],"wp:featuredmedia":[{"embeddable":true,"href":"https:\/\/legacy.dia.edu.az\/en\/wp-json\/wp\/v2\/media\/11932"}],"wp:attachment":[{"href":"https:\/\/legacy.dia.edu.az\/en\/wp-json\/wp\/v2\/media?parent=11930"}],"wp:term":[{"taxonomy":"category","embeddable":true,"href":"https:\/\/legacy.dia.edu.az\/en\/wp-json\/wp\/v2\/categories?post=11930"},{"taxonomy":"post_tag","embeddable":true,"href":"https:\/\/legacy.dia.edu.az\/en\/wp-json\/wp\/v2\/tags?post=11930"}],"curies":[{"name":"wp","href":"https:\/\/api.w.org\/{rel}","templated":true}]}}