{"id":11924,"date":"2018-10-05T22:05:00","date_gmt":"2018-10-05T19:05:00","guid":{"rendered":"https:\/\/dia.edu.az\/?p=11924"},"modified":"2021-03-14T22:06:37","modified_gmt":"2021-03-14T19:06:37","slug":"dia-da-heyd%c9%99r-%c9%99liyev-dovl%c9%99t-idar%c9%99ciliyi-m%c9%99kt%c9%99binin-novb%c9%99ti-m%c9%99sg%c9%99l%c9%99si-kecirilib-2","status":"publish","type":"post","link":"https:\/\/legacy.dia.edu.az\/en\/arxivl\u0259r\/11924","title":{"rendered":"D\u0130A-da \u201cHeyd\u0259r \u018fliyev D\u00f6vl\u0259t \u0130dar\u0259\u00e7iliyi M\u0259kt\u0259bi\u201dnin n\u00f6vb\u0259ti m\u0259\u015f\u011f\u0259l\u0259si ke\u00e7irilib"},"content":{"rendered":"<p><\/p>\n\n\n\n<p><strong>D\u0130A-da \u201cHeyd\u0259r \u018fliyev D\u00f6vl\u0259t \u0130dar\u0259\u00e7iliyi M\u0259kt\u0259bi\u201dnin n\u00f6vb\u0259ti m\u0259\u015f\u011f\u0259l\u0259si ke\u00e7irilib<\/strong><br><em>Okt 05 , 2018 &#8211; 02:29<\/em><\/p>\n\n\n\n<p>Az\u0259rbaycan Respublikas\u0131n\u0131n Prezidenti yan\u0131nda D\u00f6vl\u0259t \u0130dar\u0259\u00e7ilik Akademiyas\u0131nda Heyd\u0259r \u018fliyev M\u0259rk\u0259zinin d\u0259st\u0259yi il\u0259 f\u0259aliyy\u0259t g\u00f6st\u0259r\u0259n \u201cHeyd\u0259r \u018fliyev D\u00f6vl\u0259t \u0130dar\u0259\u00e7iliyi M\u0259kt\u0259bi\u201dnin n\u00f6vb\u0259ti a\u00e7\u0131q m\u0259\u015f\u011f\u0259l\u0259si ke\u00e7irilib.<\/p>\n\n\n\n<p>Az\u0259rbaycan Respublikas\u0131n\u0131n Prezidenti yan\u0131nda D\u00f6vl\u0259t \u0130dar\u0259\u00e7ilik Akademiyas\u0131 il\u0259 Az\u0259rbaycan Respublikas\u0131n\u0131n Prezidenti yan\u0131nda V\u0259t\u0259nda\u015flara Xidm\u0259t v\u0259 Sosial \u0130nnovasiyalar \u00fczr\u0259 D\u00f6vl\u0259t Agentliyi aras\u0131nda olan \u0259m\u0259kda\u015fl\u0131q \u0259sas\u0131nda bu d\u0259f\u0259ki a\u00e7\u0131q m\u0259\u015f\u011f\u0259l\u0259nin dinl\u0259yicil\u0259ri ASAN k\u00f6n\u00fcll\u00fcl\u0259r idi.<\/p>\n\n\n\n<p>Heyd\u0259r \u018fliyev D\u00f6vl\u0259t \u0130dar\u0259\u00e7iliyi M\u0259kt\u0259bi il\u0259 tan\u0131\u015fl\u0131qdan sonra D\u0130A-n\u0131n rektoru, akademik Urxan \u018fl\u0259kb\u0259rovun \u201cDavaml\u0131 v\u0259 inkl\u00fcziv inki\u015faf \u00fc\u00e7\u00fcn innovativ idar\u0259etm\u0259: Az\u0259rbaycan Respublikas\u0131n\u0131n t\u0259cr\u00fcb\u0259si\u201d m\u00f6vzusunda m\u0259ruz\u0259si dinl\u0259nilib.<\/p>\n\n\n\n<p>\u00dcmummilli lider Heyd\u0259r \u018fliyevin misilsiz tarixi xidm\u0259tl\u0259rind\u0259n, z\u0259ngin d\u00f6vl\u0259t idar\u0259\u00e7ilik t\u0259cr\u00fcb\u0259sinin \u0259h\u0259miyy\u0259tind\u0259n dan\u0131\u015fan akademik U.\u018fl\u0259kb\u0259rov Ulu \u00d6nd\u0259rin ideyalar\u0131n\u0131n Prezident \u0130lham \u018fliyev t\u0259r\u0259find\u0259n q\u0259tiyy\u0259tl\u0259 h\u0259yata ke\u00e7irildiyini bildirib. Rektor bu g\u00fcn \u0259ld\u0259 edilmi\u015f nailiyy\u0259tl\u0259rin \u0259sas\u0131nda Prezident \u0130lham \u018fliyevin h\u0259yata ke\u00e7irdiyi innovativ inki\u015faf strategiyas\u0131n\u0131n dayand\u0131\u011f\u0131n\u0131 diqq\u0259t\u0259 \u00e7atd\u0131r\u0131b. Az\u0259rbaycan\u0131n bir \u00e7ox istiqam\u0259tl\u0259rd\u0259 regional v\u0259 qlobal lider\u0259 \u00e7evrildiyini qeyd ed\u0259n akademik U.\u018fl\u0259kb\u0259rov son 15 ild\u0259 \u00f6lk\u0259mizd\u0259 davaml\u0131 v\u0259 inkl\u00fcziv inki\u015faf \u00fc\u00e7\u00fcn iqtisadi baza yarad\u0131ld\u0131\u011f\u0131n\u0131 vur\u011fulay\u0131b. Qeyd olunub ki, Az\u0259rbaycan son ill\u0259rd\u0259 bir \u00e7ox davaml\u0131 inki\u015faf g\u00f6st\u0259ricil\u0259ri v\u0259 sosial indikatorlara g\u00f6r\u0259 \u201cB\u00f6y\u00fck \u0130yirmilik\u201d v\u0259 \u201cB\u00f6y\u00fck Yeddilik\u201d \u00f6lk\u0259l\u0259rinin \u0259ks\u0259riyy\u0259tini \u00fcst\u0259l\u0259yir. Akademik U.\u018fl\u0259kb\u0259rov \u00f6lk\u0259mizin inki\u015faf g\u00f6st\u0259ricil\u0259rinin bir \u00e7ox beyn\u0259lxalq t\u0259\u015fkilatlar, o c\u00fcml\u0259d\u0259n BMT, D\u00fcnya Bank\u0131 v\u0259 dig\u0259r n\u00fcfuzlu qurumlar\u0131n r\u0259smi s\u0259n\u0259dl\u0259rind\u0259, m\u00fcst\u0259qil ekspertl\u0259r t\u0259r\u0259find\u0259n haz\u0131rlanm\u0131\u015f hesabatlarda t\u0259sdiqini tapd\u0131\u011f\u0131n\u0131 da x\u00fcsusi vur\u011fulay\u0131b.<\/p>\n\n\n\n<p>Rektor bildirib ki, qazan\u0131lan u\u011furlar\u0131n k\u00f6k\u00fcnd\u0259 yaln\u0131z yax\u015f\u0131 idar\u0259\u00e7ilik, Prezident \u0130lham \u018fliyevin t\u0259tbiq etdiyi innovativ idar\u0259etm\u0259 texnologiyalar\u0131 v\u0259 d\u00f6vl\u0259t institutlar\u0131n\u0131n, v\u0259t\u0259nda\u015f c\u0259miyy\u0259tinin v\u0259 \u00f6z\u0259l sektorun birg\u0259 f\u0259aliyy\u0259tinin kombinasiyas\u0131 dayan\u0131r. Qeyd edilib ki, 2018-ci ilin yanvar\u0131nda ke\u00e7iril\u0259n Davos forumunun hesabat\u0131nda inkl\u00fcziv inki\u015faf indeksin\u0259 g\u00f6r\u0259 Az\u0259rbaycan ke\u00e7id iqtisadiyyat\u0131na malik \u00f6lk\u0259l\u0259r aras\u0131nda \u00fc\u00e7\u00fcnc\u00fc yerd\u0259 q\u0259rarla\u015faraq, iqtisadi g\u00f6st\u0259ricil\u0259ri daha y\u00fcks\u0259k olan Avropa \u0130ttifaq\u0131 \u00f6lk\u0259l\u0259rini bel\u0259, gerid\u0259 qoyub. Akademik U.\u018fl\u0259kb\u0259rov innovativ inki\u015faf strategiyas\u0131n\u0131n realla\u015fd\u0131r\u0131lmas\u0131nda Az\u0259rbaycan Respublikas\u0131n\u0131n Birinci vitse-prezidenti Mehriban \u018fliyevan\u0131n x\u00fcsusi rolunu qeyd edib v\u0259 bu sah\u0259d\u0259 d\u00f6vl\u0259t qurumlar\u0131 il\u0259 yana\u015f\u0131, v\u0259t\u0259nda\u015f c\u0259miyy\u0259tinin, x\u00fcsusil\u0259 Heyd\u0259r \u018fliyev Fondunun \u00f6n\u0259mli f\u0259aliyy\u0259tini diqq\u0259t\u0259 \u00e7atd\u0131r\u0131b.<\/p>\n\n\n\n<p>U.\u018fl\u0259kb\u0259rov diqq\u0259t\u0259 \u00e7atd\u0131r\u0131b ki, \u00fcmummilli lider Heyd\u0259r \u018fliyevin S\u0259r\u0259ncam\u0131 il\u0259 D\u0130A-n\u0131n yarad\u0131lmas\u0131n\u0131n m\u0259qs\u0259di d\u00f6vl\u0259t idar\u0259etm\u0259 sah\u0259si \u00fc\u00e7\u00fcn g\u0259nc m\u00fct\u0259x\u0259ssisl\u0259rin haz\u0131rlanmas\u0131 i\u015finin m\u00fcasir t\u0259l\u0259bl\u0259r\u0259 uy\u011fun qurulmas\u0131, onlar\u0131n pe\u015f\u0259karl\u0131q s\u0259viyy\u0259sinin art\u0131r\u0131lmas\u0131, d\u00f6vl\u0259timizin m\u00f6hk\u0259ml\u0259ndirilm\u0259si v\u0259 elmi \u0259saslarla idar\u0259 olunmas\u0131d\u0131r. D\u00f6vl\u0259t qullu\u011fu \u00fc\u00e7\u00fcn g\u0259nc kadrlar\u0131n haz\u0131rlanmas\u0131 m\u0259s\u0259l\u0259l\u0259ri \u00fczr\u0259 \u0259sas elmi-metodiki v\u0259 t\u0259dris m\u0259rk\u0259zi olan D\u0130A-n\u0131n qar\u015f\u0131s\u0131nda \u00e7ox m\u0259sul v\u0259zif\u0259 durmaqdad\u0131r. Rektor \u00f6lk\u0259 iqtisadiyyat\u0131n\u0131n s\u00fcr\u0259tli inki\u015faf\u0131 istiqam\u0259tind\u0259 apar\u0131lan u\u011furlu siyas\u0259tin \u0259sas h\u0259d\u0259fl\u0259rini, el\u0259c\u0259 d\u0259 davaml\u0131 inki\u015fafa t\u0259sir ed\u0259n amill\u0259ri beyn\u0259lxalq t\u0259\u015fkilatlar\u0131n hesabatlar\u0131 il\u0259 m\u00fcqayis\u0259li \u015f\u0259kild\u0259 g\u0259ncl\u0259rin diqq\u0259tin\u0259 \u00e7atd\u0131r\u0131b.<\/p>\n\n\n\n<p>Sonda g\u0259ncl\u0259ri maraqland\u0131ran suallar cavabland\u0131r\u0131l\u0131b.<\/p>\n\n\n\n<p><a href=\"https:\/\/www.youtube.com\/watch?v=HAeYzouZ7QA\">V\u0130DEO ANONS<\/a><\/p>\n\n\n\n<p><\/p>\n\n\n\n<figure class=\"wp-container-2 wp-block-gallery-1 wp-block-gallery columns-3 is-cropped\"><ul class=\"blocks-gallery-grid\"><li class=\"blocks-gallery-item\"><figure><img width=\"640\" height=\"424\" src=\"https:\/\/dia.edu.az\/wp-content\/uploads\/2021\/03\/05.09.jpg\" alt=\"\" data-id=\"11925\" data-full-url=\"https:\/\/dia.edu.az\/wp-content\/uploads\/2021\/03\/05.09.jpg\" data-link=\"https:\/\/dia.edu.az\/?attachment_id=11925\" class=\"wp-image-11925\" srcset=\"https:\/\/legacy.dia.edu.az\/wp-content\/uploads\/2021\/03\/05.09.jpg 640w, https:\/\/legacy.dia.edu.az\/wp-content\/uploads\/2021\/03\/05.09-300x199.jpg 300w, https:\/\/legacy.dia.edu.az\/wp-content\/uploads\/2021\/03\/05.09-16x12.jpg 16w, https:\/\/legacy.dia.edu.az\/wp-content\/uploads\/2021\/03\/05.09-150x100.jpg 150w, https:\/\/legacy.dia.edu.az\/wp-content\/uploads\/2021\/03\/05.09-300x199@2x.jpg 600w\" sizes=\"(max-width: 640px) 100vw, 640px\" \/><\/figure><\/li><li class=\"blocks-gallery-item\"><figure><img width=\"640\" height=\"426\" src=\"https:\/\/dia.edu.az\/wp-content\/uploads\/2021\/03\/123.jpg\" alt=\"\" data-id=\"11926\" data-full-url=\"https:\/\/dia.edu.az\/wp-content\/uploads\/2021\/03\/123.jpg\" data-link=\"https:\/\/dia.edu.az\/?attachment_id=11926\" class=\"wp-image-11926\" srcset=\"https:\/\/legacy.dia.edu.az\/wp-content\/uploads\/2021\/03\/123.jpg 640w, https:\/\/legacy.dia.edu.az\/wp-content\/uploads\/2021\/03\/123-300x200.jpg 300w, https:\/\/legacy.dia.edu.az\/wp-content\/uploads\/2021\/03\/123-16x12.jpg 16w, https:\/\/legacy.dia.edu.az\/wp-content\/uploads\/2021\/03\/123-150x100.jpg 150w, https:\/\/legacy.dia.edu.az\/wp-content\/uploads\/2021\/03\/123-300x200@2x.jpg 600w\" sizes=\"(max-width: 640px) 100vw, 640px\" \/><\/figure><\/li><li class=\"blocks-gallery-item\"><figure><img width=\"640\" height=\"424\" src=\"https:\/\/dia.edu.az\/wp-content\/uploads\/2021\/03\/0509.jpg\" alt=\"\" data-id=\"11927\" data-full-url=\"https:\/\/dia.edu.az\/wp-content\/uploads\/2021\/03\/0509.jpg\" data-link=\"https:\/\/dia.edu.az\/?attachment_id=11927\" class=\"wp-image-11927\" srcset=\"https:\/\/legacy.dia.edu.az\/wp-content\/uploads\/2021\/03\/0509.jpg 640w, https:\/\/legacy.dia.edu.az\/wp-content\/uploads\/2021\/03\/0509-300x199.jpg 300w, https:\/\/legacy.dia.edu.az\/wp-content\/uploads\/2021\/03\/0509-16x12.jpg 16w, https:\/\/legacy.dia.edu.az\/wp-content\/uploads\/2021\/03\/0509-150x100.jpg 150w, https:\/\/legacy.dia.edu.az\/wp-content\/uploads\/2021\/03\/0509-300x199@2x.jpg 600w\" sizes=\"(max-width: 640px) 100vw, 640px\" \/><\/figure><\/li><li class=\"blocks-gallery-item\"><figure><img width=\"640\" height=\"424\" src=\"https:\/\/dia.edu.az\/wp-content\/uploads\/2021\/03\/050918.jpg\" alt=\"\" data-id=\"11928\" data-full-url=\"https:\/\/dia.edu.az\/wp-content\/uploads\/2021\/03\/050918.jpg\" data-link=\"https:\/\/dia.edu.az\/?attachment_id=11928\" class=\"wp-image-11928\" srcset=\"https:\/\/legacy.dia.edu.az\/wp-content\/uploads\/2021\/03\/050918.jpg 640w, https:\/\/legacy.dia.edu.az\/wp-content\/uploads\/2021\/03\/050918-300x199.jpg 300w, https:\/\/legacy.dia.edu.az\/wp-content\/uploads\/2021\/03\/050918-16x12.jpg 16w, https:\/\/legacy.dia.edu.az\/wp-content\/uploads\/2021\/03\/050918-150x100.jpg 150w, https:\/\/legacy.dia.edu.az\/wp-content\/uploads\/2021\/03\/050918-300x199@2x.jpg 600w\" sizes=\"(max-width: 640px) 100vw, 640px\" \/><\/figure><\/li><\/ul><\/figure>","protected":false},"excerpt":{"rendered":"<p>D\u0130A-da \u201cHeyd\u0259r \u018fliyev D\u00f6vl\u0259t \u0130dar\u0259\u00e7iliyi M\u0259kt\u0259bi\u201dnin n\u00f6vb\u0259ti m\u0259\u015f\u011f\u0259l\u0259si ke\u00e7irilibOkt 05 , 2018 &#8211; 02:29 Az\u0259rbaycan Respublikas\u0131n\u0131n Prezidenti yan\u0131nda D\u00f6vl\u0259t \u0130dar\u0259\u00e7ilik Akademiyas\u0131nda Heyd\u0259r \u018fliyev M\u0259rk\u0259zinin d\u0259st\u0259yi il\u0259 f\u0259aliyy\u0259t g\u00f6st\u0259r\u0259n \u201cHeyd\u0259r \u018fliyev D\u00f6vl\u0259t \u0130dar\u0259\u00e7iliyi M\u0259kt\u0259bi\u201dnin n\u00f6vb\u0259ti a\u00e7\u0131q m\u0259\u015f\u011f\u0259l\u0259si ke\u00e7irilib. Az\u0259rbaycan Respublikas\u0131n\u0131n Prezidenti yan\u0131nda D\u00f6vl\u0259t \u0130dar\u0259\u00e7ilik Akademiyas\u0131 il\u0259 Az\u0259rbaycan Respublikas\u0131n\u0131n Prezidenti yan\u0131nda V\u0259t\u0259nda\u015flara Xidm\u0259t v\u0259 Sosial \u0130nnovasiyalar \u00fczr\u0259 [&hellip;]<\/p>","protected":false},"author":2,"featured_media":11925,"comment_status":"closed","ping_status":"closed","sticky":false,"template":"","format":"standard","meta":[],"categories":[137],"tags":[],"_links":{"self":[{"href":"https:\/\/legacy.dia.edu.az\/en\/wp-json\/wp\/v2\/posts\/11924"}],"collection":[{"href":"https:\/\/legacy.dia.edu.az\/en\/wp-json\/wp\/v2\/posts"}],"about":[{"href":"https:\/\/legacy.dia.edu.az\/en\/wp-json\/wp\/v2\/types\/post"}],"author":[{"embeddable":true,"href":"https:\/\/legacy.dia.edu.az\/en\/wp-json\/wp\/v2\/users\/2"}],"replies":[{"embeddable":true,"href":"https:\/\/legacy.dia.edu.az\/en\/wp-json\/wp\/v2\/comments?post=11924"}],"version-history":[{"count":0,"href":"https:\/\/legacy.dia.edu.az\/en\/wp-json\/wp\/v2\/posts\/11924\/revisions"}],"wp:featuredmedia":[{"embeddable":true,"href":"https:\/\/legacy.dia.edu.az\/en\/wp-json\/wp\/v2\/media\/11925"}],"wp:attachment":[{"href":"https:\/\/legacy.dia.edu.az\/en\/wp-json\/wp\/v2\/media?parent=11924"}],"wp:term":[{"taxonomy":"category","embeddable":true,"href":"https:\/\/legacy.dia.edu.az\/en\/wp-json\/wp\/v2\/categories?post=11924"},{"taxonomy":"post_tag","embeddable":true,"href":"https:\/\/legacy.dia.edu.az\/en\/wp-json\/wp\/v2\/tags?post=11924"}],"curies":[{"name":"wp","href":"https:\/\/api.w.org\/{rel}","templated":true}]}}