{"id":11905,"date":"2018-10-24T21:56:00","date_gmt":"2018-10-24T18:56:00","guid":{"rendered":"https:\/\/dia.edu.az\/?p=11905"},"modified":"2021-03-14T21:57:34","modified_gmt":"2021-03-14T18:57:34","slug":"amea-r%c9%99yas%c9%99t-hey%c9%99tinin-v%c9%99-dovl%c9%99t-idar%c9%99cilik-akademiyasinin-elmi-surasinin-birg%c9%99-iclasi-kecirilib","status":"publish","type":"post","link":"https:\/\/legacy.dia.edu.az\/en\/arxivl\u0259r\/11905","title":{"rendered":"AMEA R\u0259yas\u0259t Hey\u0259tinin v\u0259 D\u00f6vl\u0259t \u0130dar\u0259\u00e7ilik Akademiyas\u0131n\u0131n Elmi \u015euras\u0131n\u0131n birg\u0259 iclas\u0131 ke\u00e7irilib"},"content":{"rendered":"<p><\/p>\n\n\n\n<p><strong>AMEA R\u0259yas\u0259t Hey\u0259tinin v\u0259 D\u00f6vl\u0259t \u0130dar\u0259\u00e7ilik Akademiyas\u0131n\u0131n Elmi \u015euras\u0131n\u0131n birg\u0259 iclas\u0131 ke\u00e7irilib<\/strong><br><em>Okt 24 , 2018 &#8211; 09:17<\/em><\/p>\n\n\n\n<p>Oktyabr\u0131n 24-d\u0259 AMEA R\u0259yas\u0259t Hey\u0259ti v\u0259 Az\u0259rbaycan Respublikas\u0131 Prezidenti yan\u0131nda D\u00f6vl\u0259t \u0130dar\u0259\u00e7ilik Akademiyas\u0131n\u0131n Elmi \u015euras\u0131n\u0131n birg\u0259 iclas\u0131 ke\u00e7irilib.<\/p>\n\n\n\n<p>T\u0259dbird\u0259 Az\u0259rbaycan Respublikas\u0131 Prezidenti Administrasiyas\u0131n\u0131n Humanitar siyas\u0259t m\u0259s\u0259l\u0259l\u0259ri \u015f\u00f6b\u0259sinin m\u00fcdiri, professor F\u0259r\u0259h \u018fliyeva, Mill\u0259tl\u0259raras\u0131 m\u00fcnasib\u0259tl\u0259r, multikulturalizm v\u0259 dini m\u0259s\u0259l\u0259l\u0259r \u015f\u00f6b\u0259sinin m\u00fcdiri, professor Etibar N\u0259c\u0259fov, Milli M\u0259clisin deputatlar\u0131, elm xadiml\u0259ri, t\u0259hsil ictimaiyy\u0259tinin n\u00fcmay\u0259nd\u0259l\u0259ri i\u015ftirak edibl\u0259r.<\/p>\n\n\n\n<p>D\u0130A-da ke\u00e7iril\u0259n iclas\u0131 a\u00e7an AMEA-n\u0131n prezidenti, akademik Akif \u018flizad\u0259 bildirib ki, son vaxtlar R\u0259yas\u0259t Hey\u0259ti il\u0259 m\u00fcxt\u0259lif d\u00f6vl\u0259t qurumlar\u0131n\u0131n, ayr\u0131-ayr\u0131 nazirlikl\u0259rin, n\u00fcfuzlu ali t\u0259hsil m\u00fc\u0259ssis\u0259l\u0259rinin birg\u0259 iclaslar\u0131n\u0131n ke\u00e7irilm\u0259si \u0259n\u0259n\u0259 hal\u0131n\u0131 al\u0131b. M\u00fcst\u0259qil Az\u0259rbaycan Respublikas\u0131n\u0131n sosial-iqtisadi v\u0259 m\u0259d\u0259ni-m\u0259n\u0259vi inki\u015faf\u0131n\u0131n son on be\u015f illik tarixinin bilavasit\u0259 Prezident \u0130lham \u018fliyevin ad\u0131 il\u0259 ba\u011fl\u0131 oldu\u011funu dey\u0259n akademik vur\u011fulay\u0131b ki, \u00f6lk\u0259 ba\u015f\u00e7\u0131s\u0131 Prezidentlik f\u0259aliyy\u0259tin\u0259 ba\u015flayark\u0259n ilk ir\u0259li s\u00fcrd\u00fcy\u00fc \u015f\u00fcar &#8220;Neft kapital\u0131n\u0131 insan kapital\u0131na \u00e7evirm\u0259liyik!&#8221; devizi olub. Akademik bu \u015f\u00fcar\u0131n t\u0259bii resurslara \u0259saslanan iqtisadiyyatdan bilikl\u0259r iqtisadiyyat\u0131na ke\u00e7idi \u00f6lk\u0259nin strateji h\u0259d\u0259fi elan etdiyini, son on be\u015f ild\u0259 \u00f6lk\u0259mizin bu h\u0259d\u0259f\u0259 do\u011fru add\u0131m-add\u0131m yol g\u0259ldiyini s\u00f6yl\u0259yib.<\/p>\n\n\n\n<p>Sonra Az\u0259rbaycan Respublikas\u0131 Prezidenti yan\u0131nda D\u00f6vl\u0259t \u0130dar\u0259\u00e7ilik Akademiyas\u0131n\u0131n rektoru, akademik Urxan \u018fl\u0259kb\u0259rov &#8220;\u0130nkl\u00fcziv inki\u015faf v\u0259 innovativ idar\u0259etm\u0259 texnologiyalar\u0131: Az\u0259rbaycan Respublikas\u0131n\u0131n t\u0259cr\u00fcb\u0259si&#8221; m\u00f6vzusunda m\u0259ruz\u0259 il\u0259 \u00e7\u0131x\u0131\u015f edib. \u00d6lk\u0259mizin bu il inkl\u00fcziv inki\u015faf sah\u0259sind\u0259 d\u00fcnyada y\u00fcks\u0259k m\u00f6vqe qazand\u0131\u011f\u0131n\u0131 bildir\u0259n alim vur\u011fulay\u0131b ki, Davos \u0130qtisadi Forumunun d\u0259y\u0259rl\u0259ndirm\u0259l\u0259rin\u0259 g\u00f6r\u0259, Az\u0259rbaycan ke\u00e7id iqtisadiyyat\u0131na malik \u00f6lk\u0259l\u0259r aras\u0131nda \u00fc\u00e7\u00fcnc\u00fc yeri tutur. Qeyd edib ki, bu qrupdak\u0131 \u00f6lk\u0259l\u0259rin \u00fcst\u00fcn iqtisadi imkanlar\u0131n\u0131n olmas\u0131na baxmayaraq, onlar\u0131n aras\u0131nda Az\u0259rbaycan Avropa \u0130ttifaq\u0131, \u0130qtisadi \u018fm\u0259kda\u015fl\u0131q v\u0259 \u0130nki\u015faf T\u0259\u015fkilat\u0131n\u0131n \u00fczv\u00fc olan bir \u00e7ox d\u00f6vl\u0259tl\u0259rd\u0259n \u00f6nd\u0259dir.<\/p>\n\n\n\n<p>Akademik \u00f6lk\u0259mizin inkl\u00fcziv inki\u015faf ed\u0259n c\u0259miyy\u0259tin qurulmas\u0131 istiqam\u0259tind\u0259 qazand\u0131\u011f\u0131 u\u011furlar\u0131n ba\u015fl\u0131ca faktorunun insan potensial\u0131n\u0131n formala\u015fd\u0131r\u0131lmas\u0131 v\u0259 s\u0259f\u0259rb\u0259r edilm\u0259sin\u0259 elmi yana\u015fma oldu\u011funu s\u00f6yl\u0259yib. O, h\u0259m\u00e7inin idar\u0259etm\u0259d\u0259 istifad\u0259 olunan bu yeni sinergetik, komplementar v\u0259 kompensasion texnologiyalar v\u0259 onlar\u0131n kompleks t\u0259tbiqi say\u0259sind\u0259 qazan\u0131lan nailiyy\u0259tl\u0259ri geni\u015f t\u0259hlil edib.<\/p>\n\n\n\n<p>M\u0259ruz\u0259 dinl\u0259nildikd\u0259n sonra m\u00fczakir\u0259 olunub, suallar cavabland\u0131r\u0131l\u0131b, R\u0259yas\u0259t Hey\u0259ti v\u0259 Az\u0259rbaycan Respublikas\u0131n\u0131n Prezidenti yan\u0131nda D\u00f6vl\u0259t \u0130dar\u0259\u00e7ilik Akademiyas\u0131n\u0131n Elmi \u015euras\u0131 m\u00fcvafiq q\u0259rar q\u0259bul edib.<\/p>\n\n\n\n<p>\u0130clasda AMEA-n\u0131n adl\u0131 m\u00fckafatlar\u0131 \u00fczr\u0259 qaydalara d\u0259yi\u015fiklik edilm\u0259si m\u0259s\u0259l\u0259sin\u0259 bax\u0131l\u0131b. Akademik Akif \u018flizad\u0259 bildirib ki, AMEA-n\u0131n adl\u0131 m\u00fckafatlar\u0131 elmin inki\u015faf\u0131na b\u00f6y\u00fck t\u00f6hf\u0259l\u0259r ver\u0259n v\u0259 m\u00fch\u00fcm nailiyy\u0259tl\u0259r qazanan aliml\u0259ri daha y\u00fcks\u0259k s\u0259viyy\u0259li t\u0259dqiqatlar aparma\u011fa h\u0259v\u0259sl\u0259ndirm\u0259k, h\u0259m\u00e7inin Az\u0259rbaycan\u0131n bir s\u0131ra g\u00f6rk\u0259mli aliml\u0259rinin xatir\u0259sini \u0259b\u0259dil\u0259\u015fdirm\u0259k m\u0259qs\u0259dil\u0259 2014-c\u00fc ild\u0259 t\u0259sis edilib. Akademik bildirib ki, \u00f6t\u0259n m\u00fcdd\u0259t \u0259rzind\u0259 h\u0259r il adl\u0131 m\u00fckafatlar \u00fc\u00e7\u00fcn m\u00fcsabiq\u0259 elan olunub, m\u00fcvafiq elm sah\u0259l\u0259rini t\u0259msil ed\u0259n g\u00f6rk\u0259mli aliml\u0259r m\u00fckafatlarla t\u0259ltif edilibl\u0259r.<\/p>\n\n\n\n<p>R\u0259yas\u0259t Hey\u0259ti adl\u0131 m\u00fckafatlara t\u0259qdim olunan aliml\u0259rin daha d\u0259qiq meyar v\u0259 prinsipl\u0259r \u0259sas\u0131nda m\u00fc\u0259yy\u0259nl\u0259\u015fdirilm\u0259si m\u0259qs\u0259dil\u0259 m\u00fcsabiq\u0259nin iki ild\u0259n bir elan edilm\u0259sini q\u0259rara al\u0131b.<\/p>\n\n\n\n<p>G\u00fcnd\u0259likd\u0259 yer alan n\u00f6vb\u0259ti m\u0259s\u0259l\u0259 AMEA professorlar\u0131n\u0131n koordinasiya \u015furas\u0131n\u0131n \u018fsasnam\u0259sinin t\u0259sdiqi il\u0259 ba\u011fl\u0131 olub. AMEA-n\u0131n akademik-katibi, akademik Rasim \u018fliquliyev bildirib ki, &#8220;Az\u0259rbaycan Milli Elml\u0259r Akademiyas\u0131n\u0131n professoru&#8221; elmi ad\u0131 2017-ci ild\u0259 R\u0259yas\u0259t Hey\u0259tinin q\u0259rar\u0131 il\u0259 t\u0259sis olunub. AMEA-n\u0131n professorlar\u0131n\u0131n Akademiyan\u0131n elmi v\u0259 elmi-t\u0259\u015fkilati h\u0259yat\u0131nda daha yax\u0131ndan i\u015ftirak\u0131na nail olmaq, AMEA Nizamnam\u0259si il\u0259 m\u00fc\u0259yy\u0259n edilmi\u015f v\u0259zif\u0259l\u0259rin icras\u0131nda, habel\u0259 kadr haz\u0131rl\u0131\u011f\u0131nda v\u0259 innovativ f\u0259aliyy\u0259tin inki\u015faf\u0131nda onlar\u0131n f\u0259al i\u015ftiraklar\u0131n\u0131 t\u0259min etm\u0259k m\u0259qs\u0259dil\u0259 R\u0259yas\u0259t Hey\u0259tinin m\u00fcvafiq q\u0259rar\u0131 il\u0259 AMEA professorlar\u0131n\u0131n koordinasiya \u015furas\u0131 yarad\u0131l\u0131b. H\u0259min q\u0259rara \u0259sas\u0259n AMEA professorlar\u0131n\u0131n koordinasiya \u015furas\u0131n\u0131n \u018fsasnam\u0259sinin layih\u0259si R\u0259yas\u0259t Hey\u0259tin\u0259 t\u0259qdim edilib.<\/p>\n\n\n\n<p>R\u0259yas\u0259t Hey\u0259ti qeyd olunanlar\u0131 n\u0259z\u0259r\u0259 alaraq \u015furan\u0131n \u018fsasnam\u0259sini v\u0259 t\u0259rkibini t\u0259sdiq edib.<\/p>\n\n\n\n<p>T\u0259dbird\u0259 &#8220;Fizika v\u0259 lirika&#8221; beyn\u0259lxalq elmi konfrans\u0131na dair m\u00fczakir\u0259 apar\u0131l\u0131b. AMEA-n\u0131n vitse-prezidenti, akademik \u0130sa H\u0259bibb\u0259yli bildirib ki, akademiya t\u0259r\u0259find\u0259n m\u00fcxt\u0259lif elm sah\u0259l\u0259ri aras\u0131nda \u0259laq\u0259l\u0259ri inki\u015faf etdirm\u0259k \u00fc\u00e7\u00fcn \u0259n\u0259n\u0259vi olaraq &#8220;Fizika v\u0259 lirika&#8221; konfranslar\u0131 ke\u00e7irilir. Bu g\u00fcn\u0259 kimi d\u00f6rd d\u0259f\u0259 ke\u00e7irilmi\u015f konfranslar respublikada geni\u015f \u0259ks-s\u0259da do\u011furub, humanitar v\u0259 t\u0259tbiqi elml\u0259rin n\u00fcmay\u0259nd\u0259l\u0259ri t\u0259r\u0259find\u0259n r\u0259\u011fb\u0259tl\u0259 qar\u015f\u0131lan\u0131b. Akademik vur\u011fulay\u0131b ki, n\u00f6vb\u0259ti t\u0259dbirin AMEA-n\u0131n v\u0259 MDB d\u00f6vl\u0259tl\u0259rinin humanitar \u0259m\u0259kda\u015fl\u0131q \u00fczr\u0259 Beyn\u0259lxalq Fondun t\u0259\u015fkilati v\u0259 maliyy\u0259 d\u0259st\u0259yi il\u0259 noyabr\u0131n 14-d\u0259n 18-d\u0259k Bak\u0131 v\u0259 \u015eamax\u0131 \u015f\u0259h\u0259rl\u0259rind\u0259, noyabr\u0131n 21-d\u0259n 24-d\u0259k is\u0259 Rusiyan\u0131n Dubna \u015f\u0259h\u0259rind\u0259 ke\u00e7irilm\u0259si n\u0259z\u0259rd\u0259 tutulur. R\u0259yas\u0259t Hey\u0259ti qeyd olunanlar\u0131 n\u0259z\u0259r\u0259 alaraq, n\u00f6vb\u0259ti &#8220;Fizika v\u0259 lirika&#8221; beyn\u0259lxalq elmi konfrans\u0131n\u0131n ke\u00e7irilm\u0259sin\u0259 dair m\u00fcvafiq q\u0259rar q\u0259bul edib.<\/p>\n\n\n\n<p>R\u0259yas\u0259t Hey\u0259tinin dig\u0259r q\u0259rarlar\u0131 il\u0259 AMEA-n\u0131n Elmi-N\u0259\u015friyyat \u015euras\u0131n\u0131n yeni t\u0259rkibi t\u0259sdiq olunub, AMEA-n\u0131n Biologiya v\u0259 Tibb Elml\u0259ri B\u00f6lm\u0259si B\u00fcrosunun t\u0259rkibind\u0259 is\u0259 qism\u0259n d\u0259yi\u015fiklik edilib. H\u0259m\u00e7inin AMEA-n\u0131n Neft-Kimya Prosesl\u0259ri \u0130nstitutunun 90 illik yubileyinin qeyd olunmas\u0131, AMEA-n\u0131n Nizami G\u0259nc\u0259vi ad\u0131na \u018fd\u0259biyyat \u0130nstitutunda U\u015faq \u0259d\u0259biyyat\u0131 \u015f\u00f6b\u0259si, AMEA-n\u0131n N\u0259simi ad\u0131na Dil\u00e7ilik \u0130nstitutunda Eksperimental fonetik ara\u015fd\u0131rmalar laboratoriyas\u0131 v\u0259 AMEA-n\u0131n Memarl\u0131q v\u0259 \u0130nc\u0259s\u0259n\u0259t \u0130nstitutunda t\u0259hsil \u015f\u00f6b\u0259sinin yarad\u0131lmas\u0131 il\u0259 ba\u011fl\u0131 q\u0259rarlar q\u0259bul edilib.<\/p>\n\n\n\n<p><a href=\"https:\/\/youtu.be\/R7Me4DVplFw\">V\u0130DEO ANONS<\/a><\/p>\n\n\n\n<p><\/p>\n\n\n\n<figure class=\"wp-container-2 wp-block-gallery-1 wp-block-gallery columns-2 is-cropped\"><ul class=\"blocks-gallery-grid\"><li class=\"blocks-gallery-item\"><figure><img width=\"640\" height=\"424\" src=\"https:\/\/dia.edu.az\/wp-content\/uploads\/2021\/03\/2410.jpg\" alt=\"\" data-id=\"11906\" data-full-url=\"https:\/\/dia.edu.az\/wp-content\/uploads\/2021\/03\/2410.jpg\" data-link=\"https:\/\/dia.edu.az\/?attachment_id=11906\" class=\"wp-image-11906\" srcset=\"https:\/\/legacy.dia.edu.az\/wp-content\/uploads\/2021\/03\/2410.jpg 640w, https:\/\/legacy.dia.edu.az\/wp-content\/uploads\/2021\/03\/2410-300x199.jpg 300w, https:\/\/legacy.dia.edu.az\/wp-content\/uploads\/2021\/03\/2410-16x12.jpg 16w, https:\/\/legacy.dia.edu.az\/wp-content\/uploads\/2021\/03\/2410-150x100.jpg 150w, https:\/\/legacy.dia.edu.az\/wp-content\/uploads\/2021\/03\/2410-300x199@2x.jpg 600w\" sizes=\"(max-width: 640px) 100vw, 640px\" \/><\/figure><\/li><li class=\"blocks-gallery-item\"><figure><img width=\"640\" height=\"424\" src=\"https:\/\/dia.edu.az\/wp-content\/uploads\/2021\/03\/3010.jpg\" alt=\"\" data-id=\"11907\" data-full-url=\"https:\/\/dia.edu.az\/wp-content\/uploads\/2021\/03\/3010.jpg\" data-link=\"https:\/\/dia.edu.az\/?attachment_id=11907\" class=\"wp-image-11907\" srcset=\"https:\/\/legacy.dia.edu.az\/wp-content\/uploads\/2021\/03\/3010.jpg 640w, https:\/\/legacy.dia.edu.az\/wp-content\/uploads\/2021\/03\/3010-300x199.jpg 300w, https:\/\/legacy.dia.edu.az\/wp-content\/uploads\/2021\/03\/3010-16x12.jpg 16w, https:\/\/legacy.dia.edu.az\/wp-content\/uploads\/2021\/03\/3010-150x100.jpg 150w, https:\/\/legacy.dia.edu.az\/wp-content\/uploads\/2021\/03\/3010-300x199@2x.jpg 600w\" sizes=\"(max-width: 640px) 100vw, 640px\" \/><\/figure><\/li><\/ul><\/figure>","protected":false},"excerpt":{"rendered":"<p>AMEA R\u0259yas\u0259t Hey\u0259tinin v\u0259 D\u00f6vl\u0259t \u0130dar\u0259\u00e7ilik Akademiyas\u0131n\u0131n Elmi \u015euras\u0131n\u0131n birg\u0259 iclas\u0131 ke\u00e7irilibOkt 24 , 2018 &#8211; 09:17 Oktyabr\u0131n 24-d\u0259 AMEA R\u0259yas\u0259t Hey\u0259ti v\u0259 Az\u0259rbaycan Respublikas\u0131 Prezidenti yan\u0131nda D\u00f6vl\u0259t \u0130dar\u0259\u00e7ilik Akademiyas\u0131n\u0131n Elmi \u015euras\u0131n\u0131n birg\u0259 iclas\u0131 ke\u00e7irilib. T\u0259dbird\u0259 Az\u0259rbaycan Respublikas\u0131 Prezidenti Administrasiyas\u0131n\u0131n Humanitar siyas\u0259t m\u0259s\u0259l\u0259l\u0259ri \u015f\u00f6b\u0259sinin m\u00fcdiri, professor F\u0259r\u0259h \u018fliyeva, Mill\u0259tl\u0259raras\u0131 m\u00fcnasib\u0259tl\u0259r, multikulturalizm v\u0259 dini m\u0259s\u0259l\u0259l\u0259r \u015f\u00f6b\u0259sinin [&hellip;]<\/p>","protected":false},"author":2,"featured_media":11906,"comment_status":"closed","ping_status":"closed","sticky":false,"template":"","format":"standard","meta":[],"categories":[137],"tags":[],"_links":{"self":[{"href":"https:\/\/legacy.dia.edu.az\/en\/wp-json\/wp\/v2\/posts\/11905"}],"collection":[{"href":"https:\/\/legacy.dia.edu.az\/en\/wp-json\/wp\/v2\/posts"}],"about":[{"href":"https:\/\/legacy.dia.edu.az\/en\/wp-json\/wp\/v2\/types\/post"}],"author":[{"embeddable":true,"href":"https:\/\/legacy.dia.edu.az\/en\/wp-json\/wp\/v2\/users\/2"}],"replies":[{"embeddable":true,"href":"https:\/\/legacy.dia.edu.az\/en\/wp-json\/wp\/v2\/comments?post=11905"}],"version-history":[{"count":0,"href":"https:\/\/legacy.dia.edu.az\/en\/wp-json\/wp\/v2\/posts\/11905\/revisions"}],"wp:featuredmedia":[{"embeddable":true,"href":"https:\/\/legacy.dia.edu.az\/en\/wp-json\/wp\/v2\/media\/11906"}],"wp:attachment":[{"href":"https:\/\/legacy.dia.edu.az\/en\/wp-json\/wp\/v2\/media?parent=11905"}],"wp:term":[{"taxonomy":"category","embeddable":true,"href":"https:\/\/legacy.dia.edu.az\/en\/wp-json\/wp\/v2\/categories?post=11905"},{"taxonomy":"post_tag","embeddable":true,"href":"https:\/\/legacy.dia.edu.az\/en\/wp-json\/wp\/v2\/tags?post=11905"}],"curies":[{"name":"wp","href":"https:\/\/api.w.org\/{rel}","templated":true}]}}