{"id":11853,"date":"2018-12-03T21:34:00","date_gmt":"2018-12-03T18:34:00","guid":{"rendered":"https:\/\/dia.edu.az\/?p=11853"},"modified":"2021-03-14T21:36:22","modified_gmt":"2021-03-14T18:36:22","slug":"dia-da-b%c9%99l%c9%99diyy%c9%99-idar%c9%99ciliyinin-aktual-probleml%c9%99ri-istiqam%c9%99ti-uzr%c9%99-qisamudd%c9%99tli-ixtisasartirma-kursu-v%c9%99-r%c9%99q%c9%99msal-iqtis","status":"publish","type":"post","link":"https:\/\/legacy.dia.edu.az\/en\/arxivl\u0259r\/11853","title":{"rendered":"D\u0130A-da \u201cB\u0259l\u0259diyy\u0259 idar\u0259\u00e7iliyinin aktual probleml\u0259ri\u201d istiqam\u0259ti \u00fczr\u0259 q\u0131sam\u00fcdd\u0259tli ixtisasart\u0131rma kursu v\u0259 \u201cR\u0259q\u0259msal iqtisadiyyat\u201d m\u00f6vzusunda t\u0259lim ke\u00e7irilib"},"content":{"rendered":"<p><strong>D\u0130A-da \u201cB\u0259l\u0259diyy\u0259 idar\u0259\u00e7iliyinin aktual probleml\u0259ri\u201d istiqam\u0259ti \u00fczr\u0259 q\u0131sam\u00fcdd\u0259tli ixtisasart\u0131rma kursu v\u0259 \u201cR\u0259q\u0259msal iqtisadiyyat\u201d m\u00f6vzusunda t\u0259lim ke\u00e7irilib<\/strong><br><em>Dek 03 , 2018 &#8211; 11:22<\/em><\/p>\n\n\n\n<p>Az\u0259rbaycan Respublikas\u0131n\u0131n Prezidenti yan\u0131nda D\u00f6vl\u0259t \u0130dar\u0259\u00e7ilik Akademiyas\u0131nda 26-30 noyabr 2018-ci il tarixl\u0259rind\u0259 \u201cB\u0259l\u0259diyy\u0259 idar\u0259\u00e7iliyinin aktual probleml\u0259ri\u201d istiqam\u0259ti \u00fczr\u0259q\u0131sam\u00fcdd\u0259tli&nbsp; ixtisasart\u0131rma kursu ke\u00e7irilib. Kursa yerli \u00f6z\u00fcn\u00fcidar\u0259etm\u0259 orqanlar\u0131nda \u00e7al\u0131\u015fan b\u0259l\u0259diyy\u0259 s\u0259drl\u0259ri c\u0259lb olunub.<\/p>\n\n\n\n<p>&nbsp;&nbsp;&nbsp;&nbsp; &nbsp;&nbsp;&nbsp;&nbsp;&nbsp;&nbsp; \u201cB\u0259l\u0259diyy\u0259 idar\u0259\u00e7iliyinin aktual probleml\u0259ri\u201d istiqam\u0259tind\u0259 kursun \u0259sas m\u0259qs\u0259di&nbsp;Yerli \u00f6z\u00fcn\u00fcidar\u0259etm\u0259nin h\u00fcquqi \u0259saslar\u0131 v\u0259 h\u00fcquqi t\u0259minatlar\u0131,Az\u0259rbaycan Respublikas\u0131n\u0131n inkl\u00fcziv inki\u015faf\u0131 v\u0259 onun davaml\u0131l\u0131\u011f\u0131nda b\u0259l\u0259diyy\u0259l\u0259rin rolu, &nbsp;Yerli \u00f6z\u00fcn\u00fcidar\u0259etm\u0259nin maliyy\u0259-iqtisadi \u0259saslar\u0131v\u0259 s. probleml\u0259rl\u0259&nbsp; ba\u011fl\u0131 bilikl\u0259rin dinl\u0259yicil\u0259r\u0259 \u00e7atd\u0131r\u0131lmas\u0131 v\u0259 onlar il\u0259 fikir m\u00fcbadil\u0259sinin apar\u0131lmas\u0131dir.<\/p>\n\n\n\n<p>&nbsp;&nbsp;&nbsp; &nbsp;&nbsp;&nbsp;&nbsp;&nbsp;&nbsp;&nbsp; &nbsp;Kurs \u0259rzind\u0259 \u201cB\u0259l\u0259diyy\u0259 idar\u0259\u00e7iliyinin aktual probleml\u0259ri\u201d istiqam\u0259ti \u00fczr\u0259 &#8211; Milli M\u0259clisin Regional M\u0259s\u0259l\u0259l\u0259r Komit\u0259sinin s\u0259dri Arif R\u0259himzad\u0259, Prezidenti yan\u0131nda D\u00f6vl\u0259t \u0130dar\u0259\u00e7ilik Akademiyas\u0131n\u0131n rektoru akademik Urxan \u018fl\u0259kb\u0259rov, Milli M\u0259clisin Regional M\u0259s\u0259l\u0259l\u0259r Komit\u0259sinin \u00fczv\u00fc Kamran Bayramov, &nbsp;\u018fdliyy\u0259 Nazirliyi B\u0259l\u0259diyy\u0259l\u0259rl\u0259 \u0130\u015f M\u0259rk\u0259zinin \u0259m\u0259kda\u015flar\u0131-apar\u0131c\u0131 m\u0259sl\u0259h\u0259t\u00e7i S\u0259fa C\u0259f\u0259rov, apar\u0131c\u0131 m\u0259sl\u0259h\u0259t\u00e7i \u0130lyas K\u0259rimov, apar\u0131c\u0131 m\u0259sl\u0259h\u0259t\u00e7i \u0130sg\u0259nd\u0259r Orucov, apar\u0131c\u0131 m\u0259sl\u0259h\u0259t\u00e7i Bahadur K\u0259rimov, m\u0259sl\u0259h\u0259t\u00e7i Nail\u0259 R\u0259sulzad\u0259, Az\u0259rbaycanQ\u0259s\u0259b\u0259 B\u0259l\u0259diyy\u0259l\u0259ri Milli Assosasiyas\u0131n\u0131n icra katibi Tofiq H\u0259s\u0259nov,D\u0130A-n\u0131n \u0259m\u0259kda\u015flar\u0131-professor Xatir\u0259 H\u00fcseynova, dosent \u0130brahimx\u0259lil \u0130brahimov, dosent Murt\u0259za H\u0259s\u0259nov,&nbsp; dosent A\u011famehdi Mehdi\u0259liyev m\u00fcxt\u0259lif m\u00f6vzularda m\u00fchazir\u0259l\u0259rl\u0259 \u00e7\u0131x\u0131\u015f etmi\u015fl\u0259r.<\/p>\n\n\n\n<p>&nbsp;&nbsp;&nbsp;&nbsp;&nbsp;&nbsp;&nbsp;&nbsp; Kursun sonunda Akademiyan\u0131n rektoru akademik Urxan \u018fl\u0259kb\u0259rov v\u0259 Akademiyan\u0131n T\u0259dris i\u015fl\u0259ri \u00fczr\u0259 I prorektoru professor \u018flikram Abdullayev&nbsp; dinl\u0259yicil\u0259r qar\u015f\u0131s\u0131nda \u00e7\u0131x\u0131\u015f etmi\u015f v\u0259 onlara kursu m\u00fcv\u0259ff\u0259qiyy\u0259tl\u0259 bitirdikl\u0259rin\u0259 g\u00f6r\u0259 sertifikatlar t\u0259qdim ed\u0259r\u0259k g\u0259l\u0259c\u0259k i\u015fl\u0259rind\u0259 u\u011furlar arzu etmi\u015fl\u0259r.<\/p>\n\n\n\n<p>D\u0130A-da eyni zamanda ASAN Xidm\u0259td\u0259 \u00e7al\u0131\u015fan k\u00f6n\u00fcll\u00fcl\u0259r \u00fc\u00e7\u00fcn \u201cR\u0259q\u0259msal iqtisadiyyat\u201d m\u00f6vzusunda t\u0259lim t\u0259lil edilmi\u015fdir. T\u0259limd\u0259 Az\u0259rbaycan Respublikas\u0131 Milli M\u0259clisinin deputat\u0131 iqtisad elml\u0259ri \u00fczr\u0259 f\u0259ls\u0259f\u0259 doktoru Tahir Mirki\u015fili v\u0259 dig\u0259rl\u0259ri \u00e7\u0131x\u0131\u015f etmi\u015fl\u0259r.<\/p>\n\n\n\n<figure class=\"wp-container-2 wp-block-gallery-1 wp-block-gallery columns-3 is-cropped\"><ul class=\"blocks-gallery-grid\"><li class=\"blocks-gallery-item\"><figure><img width=\"640\" height=\"424\" src=\"https:\/\/dia.edu.az\/wp-content\/uploads\/2021\/03\/03.12.jpg\" alt=\"\" data-id=\"11854\" data-full-url=\"https:\/\/dia.edu.az\/wp-content\/uploads\/2021\/03\/03.12.jpg\" data-link=\"https:\/\/dia.edu.az\/?attachment_id=11854\" class=\"wp-image-11854\" srcset=\"https:\/\/legacy.dia.edu.az\/wp-content\/uploads\/2021\/03\/03.12.jpg 640w, https:\/\/legacy.dia.edu.az\/wp-content\/uploads\/2021\/03\/03.12-300x199.jpg 300w, https:\/\/legacy.dia.edu.az\/wp-content\/uploads\/2021\/03\/03.12-16x12.jpg 16w, https:\/\/legacy.dia.edu.az\/wp-content\/uploads\/2021\/03\/03.12-150x100.jpg 150w, https:\/\/legacy.dia.edu.az\/wp-content\/uploads\/2021\/03\/03.12-300x199@2x.jpg 600w\" sizes=\"(max-width: 640px) 100vw, 640px\" \/><\/figure><\/li><li class=\"blocks-gallery-item\"><figure><img width=\"640\" height=\"424\" src=\"https:\/\/dia.edu.az\/wp-content\/uploads\/2021\/03\/0312.jpg\" alt=\"\" data-id=\"11855\" data-full-url=\"https:\/\/dia.edu.az\/wp-content\/uploads\/2021\/03\/0312.jpg\" data-link=\"https:\/\/dia.edu.az\/?attachment_id=11855\" class=\"wp-image-11855\" srcset=\"https:\/\/legacy.dia.edu.az\/wp-content\/uploads\/2021\/03\/0312.jpg 640w, https:\/\/legacy.dia.edu.az\/wp-content\/uploads\/2021\/03\/0312-300x199.jpg 300w, https:\/\/legacy.dia.edu.az\/wp-content\/uploads\/2021\/03\/0312-16x12.jpg 16w, https:\/\/legacy.dia.edu.az\/wp-content\/uploads\/2021\/03\/0312-150x100.jpg 150w, https:\/\/legacy.dia.edu.az\/wp-content\/uploads\/2021\/03\/0312-300x199@2x.jpg 600w\" sizes=\"(max-width: 640px) 100vw, 640px\" \/><\/figure><\/li><li class=\"blocks-gallery-item\"><figure><img width=\"640\" height=\"424\" src=\"https:\/\/dia.edu.az\/wp-content\/uploads\/2021\/03\/031218.jpg\" alt=\"\" data-id=\"11856\" data-full-url=\"https:\/\/dia.edu.az\/wp-content\/uploads\/2021\/03\/031218.jpg\" data-link=\"https:\/\/dia.edu.az\/?attachment_id=11856\" class=\"wp-image-11856\" srcset=\"https:\/\/legacy.dia.edu.az\/wp-content\/uploads\/2021\/03\/031218.jpg 640w, https:\/\/legacy.dia.edu.az\/wp-content\/uploads\/2021\/03\/031218-300x199.jpg 300w, https:\/\/legacy.dia.edu.az\/wp-content\/uploads\/2021\/03\/031218-16x12.jpg 16w, https:\/\/legacy.dia.edu.az\/wp-content\/uploads\/2021\/03\/031218-150x100.jpg 150w, https:\/\/legacy.dia.edu.az\/wp-content\/uploads\/2021\/03\/031218-300x199@2x.jpg 600w\" sizes=\"(max-width: 640px) 100vw, 640px\" \/><\/figure><\/li><\/ul><\/figure>","protected":false},"excerpt":{"rendered":"<p>D\u0130A-da \u201cB\u0259l\u0259diyy\u0259 idar\u0259\u00e7iliyinin aktual probleml\u0259ri\u201d istiqam\u0259ti \u00fczr\u0259 q\u0131sam\u00fcdd\u0259tli ixtisasart\u0131rma kursu v\u0259 \u201cR\u0259q\u0259msal iqtisadiyyat\u201d m\u00f6vzusunda t\u0259lim ke\u00e7irilibDek 03 , 2018 &#8211; 11:22 Az\u0259rbaycan Respublikas\u0131n\u0131n Prezidenti yan\u0131nda D\u00f6vl\u0259t \u0130dar\u0259\u00e7ilik Akademiyas\u0131nda 26-30 noyabr 2018-ci il tarixl\u0259rind\u0259 \u201cB\u0259l\u0259diyy\u0259 idar\u0259\u00e7iliyinin aktual probleml\u0259ri\u201d istiqam\u0259ti \u00fczr\u0259q\u0131sam\u00fcdd\u0259tli&nbsp; ixtisasart\u0131rma kursu ke\u00e7irilib. Kursa yerli \u00f6z\u00fcn\u00fcidar\u0259etm\u0259 orqanlar\u0131nda \u00e7al\u0131\u015fan b\u0259l\u0259diyy\u0259 s\u0259drl\u0259ri c\u0259lb olunub. &nbsp;&nbsp;&nbsp;&nbsp; &nbsp;&nbsp;&nbsp;&nbsp;&nbsp;&nbsp; \u201cB\u0259l\u0259diyy\u0259 idar\u0259\u00e7iliyinin [&hellip;]<\/p>","protected":false},"author":2,"featured_media":11855,"comment_status":"closed","ping_status":"closed","sticky":false,"template":"","format":"standard","meta":[],"categories":[137],"tags":[],"_links":{"self":[{"href":"https:\/\/legacy.dia.edu.az\/en\/wp-json\/wp\/v2\/posts\/11853"}],"collection":[{"href":"https:\/\/legacy.dia.edu.az\/en\/wp-json\/wp\/v2\/posts"}],"about":[{"href":"https:\/\/legacy.dia.edu.az\/en\/wp-json\/wp\/v2\/types\/post"}],"author":[{"embeddable":true,"href":"https:\/\/legacy.dia.edu.az\/en\/wp-json\/wp\/v2\/users\/2"}],"replies":[{"embeddable":true,"href":"https:\/\/legacy.dia.edu.az\/en\/wp-json\/wp\/v2\/comments?post=11853"}],"version-history":[{"count":0,"href":"https:\/\/legacy.dia.edu.az\/en\/wp-json\/wp\/v2\/posts\/11853\/revisions"}],"wp:featuredmedia":[{"embeddable":true,"href":"https:\/\/legacy.dia.edu.az\/en\/wp-json\/wp\/v2\/media\/11855"}],"wp:attachment":[{"href":"https:\/\/legacy.dia.edu.az\/en\/wp-json\/wp\/v2\/media?parent=11853"}],"wp:term":[{"taxonomy":"category","embeddable":true,"href":"https:\/\/legacy.dia.edu.az\/en\/wp-json\/wp\/v2\/categories?post=11853"},{"taxonomy":"post_tag","embeddable":true,"href":"https:\/\/legacy.dia.edu.az\/en\/wp-json\/wp\/v2\/tags?post=11853"}],"curies":[{"name":"wp","href":"https:\/\/api.w.org\/{rel}","templated":true}]}}