{"id":11845,"date":"2018-12-11T21:21:00","date_gmt":"2018-12-11T18:21:00","guid":{"rendered":"https:\/\/dia.edu.az\/?p=11845"},"modified":"2021-03-14T21:22:20","modified_gmt":"2021-03-14T18:22:20","slug":"dovl%c9%99t-idar%c9%99cilik-akademiyasinda-miqrasiya-prosesl%c9%99rinin-dovl%c9%99t-t%c9%99nziml%c9%99nm%c9%99si-istiqam%c9%99ti-uzr%c9%99-ixtisasartirma-kursu-t%c9%99skil-edilib","status":"publish","type":"post","link":"https:\/\/legacy.dia.edu.az\/en\/arxivl\u0259r\/11845","title":{"rendered":"D\u00f6vl\u0259t \u0130dar\u0259\u00e7ilik Akademiyas\u0131nda \u201cMiqrasiya prosesl\u0259rinin d\u00f6vl\u0259t t\u0259nziml\u0259nm\u0259si\u201d istiqam\u0259ti \u00fczr\u0259 ixtisasart\u0131rma kursu t\u0259\u015fkil edilib"},"content":{"rendered":"<p><\/p>\n\n\n\n<p><strong>D\u00f6vl\u0259t \u0130dar\u0259\u00e7ilik Akademiyas\u0131nda \u201cMiqrasiya prosesl\u0259rinin d\u00f6vl\u0259t t\u0259nziml\u0259nm\u0259si\u201d istiqam\u0259ti \u00fczr\u0259 ixtisasart\u0131rma kursu t\u0259\u015fkil edilib<\/strong><br><em>Dek 11 , 2018 &#8211; 04:41<\/em><\/p>\n\n\n\n<p>Az\u0259rbaycan Respublikas\u0131n\u0131n Prezidenti yan\u0131nda D\u00f6vl\u0259t \u0130dar\u0259\u00e7ilik Akademiyas\u0131nda \u201cMiqrasiya prosesl\u0259rinin d\u00f6vl\u0259t t\u0259nziml\u0259nm\u0259si\u201d istiqam\u0259ti \u00fczr\u0259 ixtisasart\u0131rma kursunun a\u00e7\u0131l\u0131\u015f\u0131 olub.<\/p>\n\n\n\n<p>T\u0259dbird\u0259 D\u0130A-n\u0131n rektoru, akademik Urxan \u018fl\u0259kb\u0259rov v\u0259 Xidm\u0259t r\u0259isi V\u00fcsal H\u00fcseynov \u00e7\u0131x\u0131\u015f ed\u0259r\u0259k \u00f6lk\u0259d\u0259 miqrasiya prosesl\u0259rinin idar\u0259 olunmas\u0131 v\u0259 bu istiqam\u0259td\u0259 realla\u015fd\u0131r\u0131lan d\u00f6vl\u0259t siyas\u0259tinin h\u00fcquq-m\u00fchafiz\u0259 v\u0259 dig\u0259r d\u00f6vl\u0259t qurumlar\u0131nda \u00e7al\u0131\u015fan r\u0259hb\u0259r \u0259m\u0259kda\u015flara \u00e7atd\u0131r\u0131lmas\u0131, izah\u0131 v\u0259 \u015f\u0259rh edilm\u0259si m\u0259qs\u0259dil\u0259 kursun \u0259h\u0259miyy\u0259tind\u0259n dan\u0131\u015f\u0131blar. \u0130xtisasart\u0131rma kursu respublikada miqrasiya sah\u0259sin\u0259 aid islahatlar\u0131n aktual probleml\u0259ri, beyn\u0259lxalq t\u0259cr\u00fcb\u0259nin \u00f6yr\u0259nilm\u0259si v\u0259 t\u0259tbiqi, beyn\u0259lxalq insan h\u00fcquqlar\u0131 konsepsiyas\u0131 v\u0259 dig\u0259r m\u0259s\u0259l\u0259l\u0259rl\u0259 ba\u011fl\u0131 bilikl\u0259rin sisteml\u0259\u015fdirilm\u0259sin\u0259, dinl\u0259yicil\u0259r\u0259 yeni bilikl\u0259rin verilm\u0259sin\u0259 xidm\u0259t edir.<\/p>\n\n\n\n<p><\/p>","protected":false},"excerpt":{"rendered":"<p>D\u00f6vl\u0259t \u0130dar\u0259\u00e7ilik Akademiyas\u0131nda \u201cMiqrasiya prosesl\u0259rinin d\u00f6vl\u0259t t\u0259nziml\u0259nm\u0259si\u201d istiqam\u0259ti \u00fczr\u0259 ixtisasart\u0131rma kursu t\u0259\u015fkil edilibDek 11 , 2018 &#8211; 04:41 Az\u0259rbaycan Respublikas\u0131n\u0131n Prezidenti yan\u0131nda D\u00f6vl\u0259t \u0130dar\u0259\u00e7ilik Akademiyas\u0131nda \u201cMiqrasiya prosesl\u0259rinin d\u00f6vl\u0259t t\u0259nziml\u0259nm\u0259si\u201d istiqam\u0259ti \u00fczr\u0259 ixtisasart\u0131rma kursunun a\u00e7\u0131l\u0131\u015f\u0131 olub. T\u0259dbird\u0259 D\u0130A-n\u0131n rektoru, akademik Urxan \u018fl\u0259kb\u0259rov v\u0259 Xidm\u0259t r\u0259isi V\u00fcsal H\u00fcseynov \u00e7\u0131x\u0131\u015f ed\u0259r\u0259k \u00f6lk\u0259d\u0259 miqrasiya prosesl\u0259rinin idar\u0259 olunmas\u0131 v\u0259 bu [&hellip;]<\/p>","protected":false},"author":2,"featured_media":11846,"comment_status":"closed","ping_status":"closed","sticky":false,"template":"","format":"standard","meta":[],"categories":[137],"tags":[],"_links":{"self":[{"href":"https:\/\/legacy.dia.edu.az\/en\/wp-json\/wp\/v2\/posts\/11845"}],"collection":[{"href":"https:\/\/legacy.dia.edu.az\/en\/wp-json\/wp\/v2\/posts"}],"about":[{"href":"https:\/\/legacy.dia.edu.az\/en\/wp-json\/wp\/v2\/types\/post"}],"author":[{"embeddable":true,"href":"https:\/\/legacy.dia.edu.az\/en\/wp-json\/wp\/v2\/users\/2"}],"replies":[{"embeddable":true,"href":"https:\/\/legacy.dia.edu.az\/en\/wp-json\/wp\/v2\/comments?post=11845"}],"version-history":[{"count":0,"href":"https:\/\/legacy.dia.edu.az\/en\/wp-json\/wp\/v2\/posts\/11845\/revisions"}],"wp:featuredmedia":[{"embeddable":true,"href":"https:\/\/legacy.dia.edu.az\/en\/wp-json\/wp\/v2\/media\/11846"}],"wp:attachment":[{"href":"https:\/\/legacy.dia.edu.az\/en\/wp-json\/wp\/v2\/media?parent=11845"}],"wp:term":[{"taxonomy":"category","embeddable":true,"href":"https:\/\/legacy.dia.edu.az\/en\/wp-json\/wp\/v2\/categories?post=11845"},{"taxonomy":"post_tag","embeddable":true,"href":"https:\/\/legacy.dia.edu.az\/en\/wp-json\/wp\/v2\/tags?post=11845"}],"curies":[{"name":"wp","href":"https:\/\/api.w.org\/{rel}","templated":true}]}}