{"id":11837,"date":"2018-12-12T21:06:00","date_gmt":"2018-12-12T18:06:00","guid":{"rendered":"https:\/\/dia.edu.az\/?p=11837"},"modified":"2021-03-14T21:09:12","modified_gmt":"2021-03-14T18:09:12","slug":"az%c9%99rbaycan-respublikasinin-prezidenti-yaninda-dovl%c9%99t-idar%c9%99cilik-akademiyasinin-kollektivi-ulu-ond%c9%99r-heyd%c9%99r-%c9%99liyevin-m%c9%99zarini-ziyar%c9%99t-edib","status":"publish","type":"post","link":"https:\/\/legacy.dia.edu.az\/en\/arxivl\u0259r\/11837","title":{"rendered":"Az\u0259rbaycan Respublikas\u0131n\u0131n Prezidenti yan\u0131nda D\u00f6vl\u0259t \u0130dar\u0259\u00e7ilik Akademiyas\u0131n\u0131n kollektivi ulu \u00f6nd\u0259r Heyd\u0259r \u018fliyevin m\u0259zar\u0131n\u0131 ziyar\u0259t edib"},"content":{"rendered":"<p><\/p>\n\n\n\n<p><strong>Az\u0259rbaycan Respublikas\u0131n\u0131n Prezidenti yan\u0131nda D\u00f6vl\u0259t \u0130dar\u0259\u00e7ilik Akademiyas\u0131n\u0131n kollektivi ulu \u00f6nd\u0259r Heyd\u0259r \u018fliyevin m\u0259zar\u0131n\u0131 ziyar\u0259t edib<\/strong><br><em>Dek 12 , 2018 &#8211; 11:24<\/em><\/p>\n\n\n\n<p>Dekabr\u0131n 12-d\u0259 Az\u0259rbaycan Respublikas\u0131n\u0131n Prezidenti yan\u0131nda D\u00f6vl\u0259t \u0130dar\u0259\u00e7ilik Akademiyas\u0131n\u0131n kollektivi\u00fcmummilli lider Heyd\u0259r \u018fliyevin v\u0259fat\u0131n\u0131n 15-ci ild\u00f6n\u00fcm\u00fc il\u0259 \u0259laq\u0259dar F\u0259xri xiyaban\u0131 ziyar\u0259t edib.<\/p>\n\n\n\n<p>Akademiyan\u0131n kollektivi m\u00fcst\u0259qil d\u00f6vl\u0259timizin qurucusu ulu \u00f6nd\u0259r Heyd\u0259r \u018fliyevin xatir\u0259sini h\u00f6rm\u0259t v\u0259 ehtiramla yad edib, m\u0259zar\u0131 \u00fcz\u0259rin\u0259 g\u00fcl d\u0259st\u0259l\u0259ri d\u00fcz\u00fcbl\u0259r.<\/p>\n\n\n\n<figure class=\"wp-container-2 wp-block-gallery-1 wp-block-gallery columns-2 is-cropped\"><ul class=\"blocks-gallery-grid\"><li class=\"blocks-gallery-item\"><figure><img width=\"1024\" height=\"731\" src=\"https:\/\/dia.edu.az\/wp-content\/uploads\/2021\/03\/1212-1024x731.jpg\" alt=\"\" data-id=\"11838\" data-full-url=\"https:\/\/dia.edu.az\/wp-content\/uploads\/2021\/03\/1212.jpg\" data-link=\"https:\/\/dia.edu.az\/?attachment_id=11838\" class=\"wp-image-11838\" srcset=\"https:\/\/legacy.dia.edu.az\/wp-content\/uploads\/2021\/03\/1212-1024x731.jpg 1024w, https:\/\/legacy.dia.edu.az\/wp-content\/uploads\/2021\/03\/1212-300x214.jpg 300w, https:\/\/legacy.dia.edu.az\/wp-content\/uploads\/2021\/03\/1212-1536x1097.jpg 1536w, https:\/\/legacy.dia.edu.az\/wp-content\/uploads\/2021\/03\/1212-2048x1463.jpg 2048w, https:\/\/legacy.dia.edu.az\/wp-content\/uploads\/2021\/03\/1212-16x12.jpg 16w, https:\/\/legacy.dia.edu.az\/wp-content\/uploads\/2021\/03\/1212-300x214@2x.jpg 600w\" sizes=\"(max-width: 1024px) 100vw, 1024px\" \/><\/figure><\/li><li class=\"blocks-gallery-item\"><figure><img width=\"1024\" height=\"678\" src=\"https:\/\/dia.edu.az\/wp-content\/uploads\/2021\/03\/1213-1024x678.jpg\" alt=\"\" data-id=\"11839\" data-full-url=\"https:\/\/dia.edu.az\/wp-content\/uploads\/2021\/03\/1213.jpg\" data-link=\"https:\/\/dia.edu.az\/?attachment_id=11839\" class=\"wp-image-11839\" srcset=\"https:\/\/legacy.dia.edu.az\/wp-content\/uploads\/2021\/03\/1213-1024x678.jpg 1024w, https:\/\/legacy.dia.edu.az\/wp-content\/uploads\/2021\/03\/1213-300x199.jpg 300w, https:\/\/legacy.dia.edu.az\/wp-content\/uploads\/2021\/03\/1213-1536x1017.jpg 1536w, https:\/\/legacy.dia.edu.az\/wp-content\/uploads\/2021\/03\/1213-2048x1356.jpg 2048w, https:\/\/legacy.dia.edu.az\/wp-content\/uploads\/2021\/03\/1213-16x12.jpg 16w, https:\/\/legacy.dia.edu.az\/wp-content\/uploads\/2021\/03\/1213-150x100.jpg 150w, https:\/\/legacy.dia.edu.az\/wp-content\/uploads\/2021\/03\/1213-300x199@2x.jpg 600w\" sizes=\"(max-width: 1024px) 100vw, 1024px\" \/><\/figure><\/li><\/ul><\/figure>","protected":false},"excerpt":{"rendered":"<p>Az\u0259rbaycan Respublikas\u0131n\u0131n Prezidenti yan\u0131nda D\u00f6vl\u0259t \u0130dar\u0259\u00e7ilik Akademiyas\u0131n\u0131n kollektivi ulu \u00f6nd\u0259r Heyd\u0259r \u018fliyevin m\u0259zar\u0131n\u0131 ziyar\u0259t edibDek 12 , 2018 &#8211; 11:24 Dekabr\u0131n 12-d\u0259 Az\u0259rbaycan Respublikas\u0131n\u0131n Prezidenti yan\u0131nda D\u00f6vl\u0259t \u0130dar\u0259\u00e7ilik Akademiyas\u0131n\u0131n kollektivi\u00fcmummilli lider Heyd\u0259r \u018fliyevin v\u0259fat\u0131n\u0131n 15-ci ild\u00f6n\u00fcm\u00fc il\u0259 \u0259laq\u0259dar F\u0259xri xiyaban\u0131 ziyar\u0259t edib. Akademiyan\u0131n kollektivi m\u00fcst\u0259qil d\u00f6vl\u0259timizin qurucusu ulu \u00f6nd\u0259r Heyd\u0259r \u018fliyevin xatir\u0259sini h\u00f6rm\u0259t v\u0259 ehtiramla [&hellip;]<\/p>","protected":false},"author":2,"featured_media":11839,"comment_status":"closed","ping_status":"closed","sticky":false,"template":"","format":"standard","meta":[],"categories":[137],"tags":[],"_links":{"self":[{"href":"https:\/\/legacy.dia.edu.az\/en\/wp-json\/wp\/v2\/posts\/11837"}],"collection":[{"href":"https:\/\/legacy.dia.edu.az\/en\/wp-json\/wp\/v2\/posts"}],"about":[{"href":"https:\/\/legacy.dia.edu.az\/en\/wp-json\/wp\/v2\/types\/post"}],"author":[{"embeddable":true,"href":"https:\/\/legacy.dia.edu.az\/en\/wp-json\/wp\/v2\/users\/2"}],"replies":[{"embeddable":true,"href":"https:\/\/legacy.dia.edu.az\/en\/wp-json\/wp\/v2\/comments?post=11837"}],"version-history":[{"count":0,"href":"https:\/\/legacy.dia.edu.az\/en\/wp-json\/wp\/v2\/posts\/11837\/revisions"}],"wp:featuredmedia":[{"embeddable":true,"href":"https:\/\/legacy.dia.edu.az\/en\/wp-json\/wp\/v2\/media\/11839"}],"wp:attachment":[{"href":"https:\/\/legacy.dia.edu.az\/en\/wp-json\/wp\/v2\/media?parent=11837"}],"wp:term":[{"taxonomy":"category","embeddable":true,"href":"https:\/\/legacy.dia.edu.az\/en\/wp-json\/wp\/v2\/categories?post=11837"},{"taxonomy":"post_tag","embeddable":true,"href":"https:\/\/legacy.dia.edu.az\/en\/wp-json\/wp\/v2\/tags?post=11837"}],"curies":[{"name":"wp","href":"https:\/\/api.w.org\/{rel}","templated":true}]}}