{"id":11808,"date":"2019-02-08T20:43:00","date_gmt":"2019-02-08T17:43:00","guid":{"rendered":"https:\/\/dia.edu.az\/?p=11808"},"modified":"2021-03-14T20:44:58","modified_gmt":"2021-03-14T17:44:58","slug":"akademik-ramiz-mehdiyevin-yeni-%c9%99s%c9%99rinin-muzakir%c9%99si-kecirilib","status":"publish","type":"post","link":"https:\/\/legacy.dia.edu.az\/en\/arxivl\u0259r\/11808","title":{"rendered":"Akademik Ramiz Mehdiyevin yeni \u0259s\u0259rinin m\u00fczakir\u0259si ke\u00e7irilib"},"content":{"rendered":"<p><strong>Akademik Ramiz Mehdiyevin yeni \u0259s\u0259rinin m\u00fczakir\u0259si ke\u00e7irilib<\/strong><br><em>Fev 08 , 2019 &#8211; 01:28<\/em><\/p>\n\n\n\n<p>Fevral\u0131n 7-d\u0259 Az\u0259rbaycan Respublikas\u0131n\u0131n Prezidenti yan\u0131nda D\u00f6vl\u0259t \u0130dar\u0259\u00e7ilik Akademiyas\u0131nda (D\u0130A) Prezident Administrasiyas\u0131n\u0131n r\u0259hb\u0259ri, akademik Ramiz Mehdiyevin bu g\u00fcnl\u0259rd\u0259 m\u0259tbuatda d\u0259rc olunmu\u015f \u201cQeyri-sabit qlobal prosesl\u0259r \u015f\u0259raitind\u0259 ikiq\u00fctbl\u00fcl\u00fckd\u0259n sonrak\u0131 d\u00fcnya\u201d adl\u0131 yeni \u0259s\u0259rinin m\u00fczakir\u0259si ke\u00e7irilib.<\/p>\n\n\n\n<p><strong>\u018fs\u0259r d\u00f6vl\u0259t idar\u0259\u00e7iliyi sah\u0259sind\u0259 m\u00fct\u0259x\u0259ssisl\u0259rin haz\u0131rlanmas\u0131 \u00fc\u00e7\u00fcn olduqca \u0259h\u0259miyy\u0259tlidir<\/strong><\/p>\n\n\n\n<p>T\u0259dbird\u0259 D\u0130A-n\u0131n rektoru, akademik Urxan \u018fl\u0259kb\u0259rov akademik Ramiz Mehdiyevin m\u00fcasir \u015f\u0259raitd\u0259 d\u00f6vl\u0259t idar\u0259etm\u0259 m\u0259s\u0259l\u0259l\u0259ri il\u0259 ba\u011fl\u0131 yeni \u0259s\u0259rinin \u00f6lk\u0259mizin son 15 ild\u0259 iqtisadi, sosial, siyasi, humanitar sah\u0259l\u0259rd\u0259 qazand\u0131\u011f\u0131 y\u00fcks\u0259k nailiyy\u0259tl\u0259rin \u0259sas\u0131nda duran idar\u0259etm\u0259 mexanizml\u0259rinin t\u0259hlilin\u0259 h\u0259sr olundu\u011funu qeyd edib.<\/p>\n\n\n\n<p>Rektor vur\u011fulay\u0131b ki, m\u00fc\u0259llif Az\u0259rbaycan Respublikas\u0131n\u0131n davaml\u0131 v\u0259 inkl\u00fcziv inki\u015faf sah\u0259sind\u0259 qazand\u0131\u011f\u0131 u\u011furlar\u0131 t\u0259kzibolunmaz d\u0259lil-s\u00fcbutlarla \u0259sasland\u0131r\u0131b, onlar\u0131 f\u0259ls\u0259fi fikir s\u00fczg\u0259cind\u0259n ke\u00e7ir\u0259r\u0259k elmi konseptual \u015f\u0259kild\u0259 ifad\u0259 edib. \u018fs\u0259r d\u00f6vl\u0259t idar\u0259\u00e7iliyi sah\u0259sind\u0259 m\u00fct\u0259x\u0259ssisl\u0259rin haz\u0131rlanmas\u0131 \u00fc\u00e7\u00fcn \u00e7ox faydal\u0131d\u0131r v\u0259 bu s\u0259b\u0259bd\u0259n m\u00fczakir\u0259nin n\u00f6vb\u0259ti t\u0259dris sessiyas\u0131 \u0259r\u0259f\u0259sind\u0259 ke\u00e7irilm\u0259si olduqca \u0259h\u0259miyy\u0259tlidir.<\/p>\n\n\n\n<p>Akademik Urxan \u018fl\u0259kb\u0259rov Heyd\u0259r \u018fliyev siyas\u0259tinin u\u011furlu n\u0259tic\u0259l\u0259rind\u0259n dan\u0131\u015faraq, Ulu \u00d6nd\u0259rin ideyalar\u0131n\u0131n Prezident \u0130lham \u018fliyev t\u0259r\u0259find\u0259n \u0259zml\u0259 h\u0259yata ke\u00e7irildiyini bildirib v\u0259 bu g\u00fcn Az\u0259rbaycan\u0131n s\u00fcr\u0259tl\u0259 inki\u015faf etdiyini konkret faktlarla diqq\u0259t\u0259 \u00e7atd\u0131r\u0131b. Qeyd olunub ki, bir s\u0131ra iqtisadi v\u0259 sosial g\u00f6st\u0259ricil\u0259rin\u0259 g\u00f6r\u0259 m\u00fcasir Az\u0259rbaycan Respublikas\u0131 haz\u0131rda y\u00fczillik tarixi olan v\u0259 d\u00fcnya liderl\u0259ri say\u0131lan \u00f6lk\u0259l\u0259rl\u0259 r\u0259qab\u0259t aparmaq durumundad\u0131r.<\/p>\n\n\n\n<p><strong>Zaman el\u0259 liderl\u0259ri ir\u0259li \u00e7\u0131xarmal\u0131d\u0131r ki, onlar d\u00fcnyan\u0131 bu \u00e7\u0259tin v\u0259ziyy\u0259td\u0259n xilas ed\u0259 bilsinl\u0259r<\/strong><\/p>\n\n\n\n<p>D\u00f6vl\u0259t \u0130dar\u0259\u00e7ilik Akademiyas\u0131n\u0131n I prorektoru, professor \u018flikram Abdullayev bildirib ki, \u201cQeyri-sabit qlobal prosesl\u0259r \u015f\u0259raitind\u0259 ikiq\u00fctbl\u00fcl\u00fckd\u0259n sonrak\u0131 d\u00fcnya\u201d \u0259s\u0259ri \u00e7\u0259tin v\u0259 m\u00fcr\u0259kk\u0259b bir m\u00f6vzuda yaz\u0131lmas\u0131na baxmayaraq, \u00e7ox asan oxunur. \u201c\u018fs\u0259r \u00e7ox da r\u0259van olmayan, ziddiyy\u0259tli, m\u00fcbariz\u0259l\u0259rl\u0259 dolu, b\u00f6y\u00fck h\u0259yat yolu ke\u00e7mi\u015f, z\u0259ngin d\u00f6vl\u0259t idar\u0259\u00e7iliyi t\u0259cr\u00fcb\u0259sin\u0259 malik, g\u00f6rk\u0259mli bir c\u0259miyy\u0259t\u015f\u00fcnas\u0131n d\u00fcnya, \u00f6lk\u0259, d\u00f6vl\u0259t, lider haqq\u0131nda t\u0259kc\u0259 t\u0259dqiqat\u0131 deyil, h\u0259m d\u0259 d\u00fc\u015f\u00fcnc\u0259l\u0259ridir. Bu m\u0259nada biz h\u0259r s\u0259hif\u0259d\u0259 yeni m\u00fcdd\u0259alarla, m\u0259lum m\u0259s\u0259l\u0259l\u0259rin yeni \u00e7alarlar\u0131 il\u0259 rastla\u015f\u0131r\u0131q v\u0259 bu da t\u0259biidir. \u018fs\u0259r, h\u0259m\u00e7inin b\u0259\u015f\u0259riyy\u0259ti narahat ed\u0259n qeyri-m\u00fc\u0259yy\u0259nlikd\u0259n \u00e7\u0131x\u0131\u015f yollar\u0131 axtar\u0131\u015f\u0131n\u0131n, \u0259dal\u0259tli d\u00fcnya nizam\u0131 haqq\u0131nda qay\u011f\u0131lar\u0131n \u0259ks olundu\u011fu fikirl\u0259rd\u0259n ibr\u0259tdir. Biz, ictimai elm n\u00fcmay\u0259nd\u0259l\u0259ri ad\u0259t\u0259n \u00f6yr\u0259nmi\u015fik ki, liderl\u0259ri zaman yeti\u015fdirir. Amma \u0259s\u0259rd\u0259 bel\u0259 bir fikir vur\u011fulan\u0131r ki, zaman\u0131 liderl\u0259r formala\u015fd\u0131rmal\u0131d\u0131r, ba\u015fqa yol yoxdur. Zaman el\u0259 liderl\u0259ri ir\u0259li \u00e7\u0131xarmal\u0131d\u0131r ki, onlarda b\u0259\u015f\u0259riyy\u0259tin v\u0259 t\u0259msil etdiyi mill\u0259tin taleyi \u00fc\u00e7\u00fcn m\u0259suliyy\u0259t hissi olsun v\u0259 onlar d\u00fcnyan\u0131n bu \u00e7\u0259tin v\u0259ziyy\u0259td\u0259n xilas\u0131n\u0131 t\u0259min ed\u0259 bilsinl\u0259r\u201d, &#8211; dey\u0259 \u018flikram Abdullayev qeyd edib.<\/p>\n\n\n\n<p><strong>\u0130ndiki t\u0259hl\u00fck\u0259l\u0259r soyuq m\u00fcharib\u0259 d\u00f6vr\u00fcnd\u0259 oldu\u011fundan daha ciddidir<\/strong><\/p>\n\n\n\n<p>Milli M\u0259clisin deputat\u0131, \u201cSiyasi ara\u015fd\u0131rmalar institutunun\u201d direktoru, professor Elman N\u0259sirov \u00e7\u0131x\u0131\u015f\u0131nda deyib ki, akademik Ramiz Mehdiyev h\u0259r zaman \u0259s\u0259rl\u0259rind\u0259 b\u00f6y\u00fck narahatl\u0131q do\u011furan m\u0259s\u0259l\u0259l\u0259ri qald\u0131r\u0131r: \u201cBu \u0259s\u0259r is\u0259 t\u0259kc\u0259 az\u0259rbaycanl\u0131lar\u0131 deyil, b\u00fct\u00f6vl\u00fckd\u0259 d\u00fcnyam\u0131z\u0131 narahat ed\u0259n \u0259n m\u00fcr\u0259kk\u0259b m\u0259s\u0259l\u0259l\u0259rin m\u00fczakir\u0259si v\u0259 onlardan \u00e7\u0131x\u0131\u015f yollar\u0131n\u0131n tap\u0131lmas\u0131 il\u0259 ba\u011fl\u0131 bir t\u0259dqiqat i\u015fidir\u201d. Bu g\u00fcn qar\u015f\u0131da \u00e7ox ciddi t\u0259hl\u00fck\u0259l\u0259rin, h\u0259tta b\u00f6y\u00fck m\u00fcharib\u0259l\u0259rin olmas\u0131 reall\u0131\u011f\u0131ndan b\u0259hs ed\u0259rk\u0259n akademik Ramiz Mehdiyev soyuq m\u00fcharib\u0259 d\u00f6vr\u00fc il\u0259 bug\u00fcnk\u00fc m\u00fcharib\u0259 d\u00f6vr\u00fcn\u00fc m\u00fcqayis\u0259 edib, onlardan hans\u0131n\u0131n daha t\u0259hl\u00fck\u0259li olmas\u0131 sual\u0131n\u0131 qoyub v\u0259 cavab\u0131n\u0131 da \u0259sasland\u0131r\u0131b. M\u00fc\u0259llifin fikrinc\u0259, indiki t\u0259hl\u00fck\u0259l\u0259r soyuq m\u00fcharib\u0259 d\u00f6vr\u00fcnd\u0259kind\u0259n daha ciddidir. Bel\u0259 ki, 60-80-ci ill\u0259rd\u0259 SSR\u0130 v\u0259 AB\u015e aras\u0131nda ba\u011flanm\u0131\u015f m\u00fcqavil\u0259l\u0259r \u0259slind\u0259 m\u00fcharib\u0259nin qar\u015f\u0131s\u0131n\u0131 alan m\u00fcqavil\u0259l\u0259r idi. Bu g\u00fcn h\u0259min s\u0259n\u0259dl\u0259rin he\u00e7 biri i\u015fl\u0259mir. Dig\u0259r t\u0259r\u0259fd\u0259n is\u0259 d\u00fcnyada g\u00fcc m\u0259rk\u0259zl\u0259ri formala\u015f\u0131r. Bu g\u00fcc m\u0259rk\u0259zl\u0259rinin maraqlar\u0131 toqqu\u015fanda m\u00fcharib\u0259 ba\u015f verir.<\/p>\n\n\n\n<p><strong>Qeyri-sabit qlobal prosesl\u0259r \u015f\u0259raitind\u0259 ba\u015f ver\u0259n hadis\u0259l\u0259rin geni\u015f t\u0259hlili<\/strong><\/p>\n\n\n\n<p>D\u00f6vl\u0259t \u0130dar\u0259\u00e7ilik Akademiyas\u0131n\u0131n siyasi idar\u0259etm\u0259 fak\u00fclt\u0259sinin dekan\u0131, siyasi elml\u0259r doktoru, professor El\u00e7in \u018fhm\u0259dov bildirib ki, \u0259s\u0259rd\u0259 ikiq\u00fctbl\u00fc d\u00fcnyadan sonra qeyri-sabit qlobal prosesl\u0259r \u015f\u0259raitind\u0259 ba\u015f ver\u0259n hadis\u0259l\u0259r geni\u015f t\u0259hlil olunur. \u201cAkademik \u00f6z kitab\u0131na Prezident \u0130lham \u018fliyevin Nazirl\u0259r Kabinetinin 2017-ci ilin yekunlar\u0131na h\u0259sr olunan iclas\u0131ndak\u0131 nitqind\u0259n sitatla ba\u015flay\u0131b. H\u0259min sitatda bu g\u00fcn d\u00fcnyan\u0131n m\u00fcxt\u0259lif yerl\u0259rind\u0259 riskl\u0259rin, t\u0259hl\u00fck\u0259l\u0259rin, qanl\u0131 m\u00fcnaqi\u015f\u0259l\u0259rin, qar\u015f\u0131durmalar\u0131n artmas\u0131, b\u00fct\u00fcn bunlardan d\u00fcnya ictimaiyy\u0259tinin narahatl\u0131q hissi ke\u00e7irm\u0259si, Az\u0259rbaycanda is\u0259 sabitliyin, t\u0259hl\u00fck\u0259sizliyin, normal h\u0259yat\u0131n t\u0259min edildiyi qeyd olunur\u201d, &#8211; dey\u0259n El\u00e7in \u018fhm\u0259dov diqq\u0259t\u0259 \u00e7atd\u0131r\u0131b ki, \u0259s\u0259rd\u0259 d\u00fcnya nizam\u0131n\u0131n pozuldu\u011fu h\u0259rt\u0259r\u0259fli t\u0259hlil edilib.<\/p>\n\n\n\n<p>Siyasi idar\u0259etm\u0259 fak\u00fclt\u0259sinin dekan\u0131 xat\u0131rlad\u0131b ki, SSR\u0130 da\u011f\u0131landan sonra AB\u015e n\u0259 q\u0259d\u0259r superd\u00f6vl\u0259t\u0259 \u00e7evrilmi\u015f olsa da, onun 2001-ci il 11 sentyabr hadis\u0259l\u0259rind\u0259n sonra \u201c\u0130slam d\u00f6vl\u0259ti ideyas\u0131n\u0131n qar\u015f\u0131s\u0131n\u0131 almaq \u00fc\u00e7\u00fcn\u201d \u0259r\u0259b \u00f6lk\u0259l\u0259rin\u0259 h\u00fccumu d\u00fcnya nizam\u0131n\u0131 bir q\u0259d\u0259r d\u0259 pozdu. \u201c\u0130ndi AB\u015e bunun n\u0259tic\u0259l\u0259rini bumeranq \u015f\u0259kilind\u0259 g\u00f6r\u00fcr. Bu g\u00fcn miqrant ad\u0131 qoyulan qa\u00e7q\u0131nlar \u0259r\u0259b \u00f6lk\u0259l\u0259rind\u0259n Avropaya ax\u0131\u015f\u0131rsa, bu art\u0131q d\u00fcnya nizam\u0131n\u0131n pozulmas\u0131ndan, beyn\u0259lxalq h\u00fcququn i\u015fl\u0259m\u0259m\u0259sind\u0259n x\u0259b\u0259r verir. \u018fs\u0259rd\u0259, h\u0259m\u00e7inin g\u00fcc m\u0259rk\u0259zl\u0259rinin formala\u015fmas\u0131, hibrid m\u00fcharib\u0259l\u0259ri, AB\u015e-\u0131n hegemonlu\u011funun qar\u015f\u0131s\u0131n\u0131 alan amill\u0259r kifay\u0259t q\u0259d\u0259r z\u0259ngin m\u0259nb\u0259l\u0259r \u0259sas\u0131nda g\u00f6st\u0259rilir. Akademik Ramiz Mehdiyev son 15 ild\u0259 Az\u0259rbaycan\u0131n dinamik inki\u015faf\u0131na diqq\u0259t yetirir. Bu dinamik inki\u015faf\u0131n \u0259sas\u0131n\u0131 xalq-iqtidar birliyind\u0259, eyni zamanda, Az\u0259rbaycan\u0131n m\u00fcst\u0259qil, \u00e7oxvektorlu, balansla\u015fd\u0131r\u0131lm\u0131\u015f, milli maraqlara s\u00f6yk\u0259n\u0259n xarici siyas\u0259tind\u0259 g\u00f6r\u00fcr v\u0259 bu, son 15 ild\u0259 Prezident \u0130lham \u018fliyevin m\u00fcdrik siyas\u0259tinin n\u0259tic\u0259si kimi qiym\u0259tl\u0259ndirilir\u201d, &#8211; dey\u0259 El\u00e7in \u018fhm\u0259dov qeyd edib.<\/p>\n\n\n\n<p>D\u00f6vl\u0259t \u0130dar\u0259\u00e7ilik Akademiyas\u0131n\u0131n tarix kafedras\u0131n\u0131n m\u00fcdiri, dosent Firdovsiyy\u0259 \u018fhm\u0259dova bildirib ki, \u0259s\u0259rd\u0259 m\u00fc\u0259llifin fikirl\u0259ri il\u0259 yana\u015f\u0131, apar\u0131c\u0131 analitikl\u0259rin, Avropa \u0130ttifaq\u0131 \u00f6lk\u0259l\u0259rind\u0259, AB\u015e v\u0259 Rusiyada olan beyin m\u0259rk\u0259zl\u0259rinin regional v\u0259 \u00f6lk\u0259l\u0259r \u00fczr\u0259 m\u00fct\u0259x\u0259ssisl\u0259rinin fikirl\u0259ri d\u0259 verilir. Bu da qeyri-sabit qlobal prosesl\u0259r \u015f\u0259raitind\u0259 ikiq\u00fctbl\u00fcl\u00fckd\u0259n sonrak\u0131 d\u00fcnyan\u0131n daha obyektiv v\u0259 real m\u0259nz\u0259r\u0259sini ortaya qoyub.<\/p>\n\n\n\n<p>T\u0259dbird\u0259 \u00e7\u0131x\u0131\u015f ed\u0259nl\u0259r akademik dair\u0259l\u0259rin m\u00fcraci\u0259t ed\u0259c\u0259yi \u00f6n\u0259mli m\u0259nb\u0259l\u0259rd\u0259n biri olacaq \u0259s\u0259rin \u0259h\u0259miyy\u0259tini vur\u011fulay\u0131blar.<\/p>\n\n\n\n<figure class=\"wp-container-2 wp-block-gallery-1 wp-block-gallery columns-1 is-cropped\"><ul class=\"blocks-gallery-grid\"><li class=\"blocks-gallery-item\"><figure><img width=\"640\" height=\"392\" src=\"https:\/\/dia.edu.az\/wp-content\/uploads\/2021\/03\/08.0219.jpg\" alt=\"\" data-id=\"11809\" data-full-url=\"https:\/\/dia.edu.az\/wp-content\/uploads\/2021\/03\/08.0219.jpg\" data-link=\"https:\/\/dia.edu.az\/?attachment_id=11809\" class=\"wp-image-11809\" srcset=\"https:\/\/legacy.dia.edu.az\/wp-content\/uploads\/2021\/03\/08.0219.jpg 640w, https:\/\/legacy.dia.edu.az\/wp-content\/uploads\/2021\/03\/08.0219-300x184.jpg 300w, https:\/\/legacy.dia.edu.az\/wp-content\/uploads\/2021\/03\/08.0219-16x10.jpg 16w, https:\/\/legacy.dia.edu.az\/wp-content\/uploads\/2021\/03\/08.0219-300x184@2x.jpg 600w\" sizes=\"(max-width: 640px) 100vw, 640px\" \/><\/figure><\/li><\/ul><\/figure>","protected":false},"excerpt":{"rendered":"<p>Akademik Ramiz Mehdiyevin yeni \u0259s\u0259rinin m\u00fczakir\u0259si ke\u00e7irilibFev 08 , 2019 &#8211; 01:28 Fevral\u0131n 7-d\u0259 Az\u0259rbaycan Respublikas\u0131n\u0131n Prezidenti yan\u0131nda D\u00f6vl\u0259t \u0130dar\u0259\u00e7ilik Akademiyas\u0131nda (D\u0130A) Prezident Administrasiyas\u0131n\u0131n r\u0259hb\u0259ri, akademik Ramiz Mehdiyevin bu g\u00fcnl\u0259rd\u0259 m\u0259tbuatda d\u0259rc olunmu\u015f \u201cQeyri-sabit qlobal prosesl\u0259r \u015f\u0259raitind\u0259 ikiq\u00fctbl\u00fcl\u00fckd\u0259n sonrak\u0131 d\u00fcnya\u201d adl\u0131 yeni \u0259s\u0259rinin m\u00fczakir\u0259si ke\u00e7irilib. \u018fs\u0259r d\u00f6vl\u0259t idar\u0259\u00e7iliyi sah\u0259sind\u0259 m\u00fct\u0259x\u0259ssisl\u0259rin haz\u0131rlanmas\u0131 \u00fc\u00e7\u00fcn olduqca \u0259h\u0259miyy\u0259tlidir T\u0259dbird\u0259 [&hellip;]<\/p>","protected":false},"author":2,"featured_media":11809,"comment_status":"closed","ping_status":"closed","sticky":false,"template":"","format":"standard","meta":[],"categories":[137],"tags":[],"_links":{"self":[{"href":"https:\/\/legacy.dia.edu.az\/en\/wp-json\/wp\/v2\/posts\/11808"}],"collection":[{"href":"https:\/\/legacy.dia.edu.az\/en\/wp-json\/wp\/v2\/posts"}],"about":[{"href":"https:\/\/legacy.dia.edu.az\/en\/wp-json\/wp\/v2\/types\/post"}],"author":[{"embeddable":true,"href":"https:\/\/legacy.dia.edu.az\/en\/wp-json\/wp\/v2\/users\/2"}],"replies":[{"embeddable":true,"href":"https:\/\/legacy.dia.edu.az\/en\/wp-json\/wp\/v2\/comments?post=11808"}],"version-history":[{"count":0,"href":"https:\/\/legacy.dia.edu.az\/en\/wp-json\/wp\/v2\/posts\/11808\/revisions"}],"wp:featuredmedia":[{"embeddable":true,"href":"https:\/\/legacy.dia.edu.az\/en\/wp-json\/wp\/v2\/media\/11809"}],"wp:attachment":[{"href":"https:\/\/legacy.dia.edu.az\/en\/wp-json\/wp\/v2\/media?parent=11808"}],"wp:term":[{"taxonomy":"category","embeddable":true,"href":"https:\/\/legacy.dia.edu.az\/en\/wp-json\/wp\/v2\/categories?post=11808"},{"taxonomy":"post_tag","embeddable":true,"href":"https:\/\/legacy.dia.edu.az\/en\/wp-json\/wp\/v2\/tags?post=11808"}],"curies":[{"name":"wp","href":"https:\/\/api.w.org\/{rel}","templated":true}]}}