{"id":11804,"date":"2019-02-15T20:38:00","date_gmt":"2019-02-15T17:38:00","guid":{"rendered":"https:\/\/dia.edu.az\/?p=11804"},"modified":"2021-03-14T20:39:03","modified_gmt":"2021-03-14T17:39:03","slug":"dovl%c9%99t-idar%c9%99cilik-akademiyasi-il%c9%99-dovl%c9%99t-miqrasiya-xidm%c9%99ti-arasinda-anlasma-memorandumu-imzalanib","status":"publish","type":"post","link":"https:\/\/legacy.dia.edu.az\/en\/arxivl\u0259r\/11804","title":{"rendered":"D\u00f6vl\u0259t \u0130dar\u0259\u00e7ilik Akademiyas\u0131 il\u0259 D\u00f6vl\u0259t Miqrasiya Xidm\u0259ti aras\u0131nda Anla\u015fma Memorandumu imzalan\u0131b"},"content":{"rendered":"<p><strong>D\u00f6vl\u0259t \u0130dar\u0259\u00e7ilik Akademiyas\u0131 il\u0259 D\u00f6vl\u0259t Miqrasiya Xidm\u0259ti aras\u0131nda Anla\u015fma Memorandumu imzalan\u0131b<\/strong><br><em>Fev 15 , 2019 &#8211; 11:05<\/em><\/p>\n\n\n\n<p>Fevral\u0131n 14-d\u0259 Az\u0259rbaycan Respublikas\u0131n\u0131n Prezidenti yan\u0131nda D\u00f6vl\u0259t \u0130dar\u0259\u00e7ilik Akademiyas\u0131 (D\u0130A) il\u0259 D\u00f6vl\u0259t Miqrasiya Xidm\u0259ti (DMX) aras\u0131nda Anla\u015fma Memorandumu imzalan\u0131b.<\/p>\n\n\n\n<p>S\u0259n\u0259di D\u0130A-n\u0131n rektoru, akademik Urxan \u018fl\u0259kb\u0259rov v\u0259 DMX-nin r\u0259isi V\u00fcsal H\u00fcseynov imzalay\u0131blar.<\/p>\n\n\n\n<p>Memorandum kadr potensial\u0131n\u0131n g\u00fccl\u0259ndirilm\u0259si m\u0259qs\u0259dil\u0259 y\u00fcks\u0259kixtisasl\u0131 kadrlar\u0131n haz\u0131rlanmas\u0131, d\u00f6vl\u0259t qullu\u011fu sistemind\u0259 \u00e7al\u0131\u015fan g\u0259nc kadrlar\u0131n ixtisas\u0131n\u0131n art\u0131r\u0131lmas\u0131 \u00fczr\u0259 ixtisasart\u0131rma kurslar\u0131n\u0131n t\u0259\u015fkili, d\u00f6vl\u0259t idar\u0259etm\u0259si sah\u0259sind\u0259 t\u0259hsil alan g\u0259nc kadrlar\u0131n k\u00f6n\u00fcll\u00fcl\u00fck proqramlar\u0131nda i\u015ftirak\u0131n\u0131, onlar\u0131n praktik t\u0259cr\u00fcb\u0259 \u0259ld\u0259 etm\u0259l\u0259rini d\u0259st\u0259kl\u0259m\u0259k istiqam\u0259tind\u0259 \u0259m\u0259kda\u015fl\u0131q v\u0259 dig\u0259r m\u0259s\u0259l\u0259l\u0259ri \u0259hat\u0259 edir.<\/p>\n\n\n\n<p>\u0130mzalanma m\u0259rasimind\u0259 \u00e7\u0131x\u0131\u015f ed\u0259n rektor Urxan \u018fl\u0259kb\u0259rov \u00fcmummilli lider Heyd\u0259r \u018fliyevin m\u00fc\u0259llifi oldu\u011fu inki\u015faf strategiyas\u0131n\u0131n nailiyy\u0259tl\u0259ri v\u0259 Ulu \u00d6nd\u0259rin layiqli davam\u00e7\u0131s\u0131 Prezident \u0130lham \u018fliyevin son 15 ild\u0259 \u00f6lk\u0259d\u0259 h\u0259yata ke\u00e7irdiyi davaml\u0131 inki\u015faf\u0131n u\u011furlu n\u0259tic\u0259l\u0259ri, inkl\u00fcziv c\u0259miyy\u0259tin formala\u015fmas\u0131 sah\u0259sind\u0259 g\u00f6r\u00fcl\u0259n i\u015fl\u0259rin m\u00fcsb\u0259t n\u0259tic\u0259l\u0259rini qeyd edib. Rektor \u00f6lk\u0259mizd\u0259 nadir idar\u0259\u00e7ilik texnologiyalar\u0131n\u0131n t\u0259tbiqi, \u00e7evik d\u00f6vl\u0259t idar\u0259etm\u0259 sisteminin formala\u015fd\u0131r\u0131lmas\u0131, elm\u0259 \u0259saslanan innovativ inki\u015faf strategiyas\u0131n\u0131n realla\u015fd\u0131r\u0131lmas\u0131, d\u00f6vl\u0259t quruculu\u011fu v\u0259 d\u00f6vl\u0259t qullu\u011funun inki\u015faf\u0131na diqq\u0259t \u00e7\u0259kib. U.\u018fl\u0259kb\u0259rov vur\u011fulay\u0131b ki, \u00f6lk\u0259mizin q\u0131sa m\u00fcdd\u0259td\u0259 iqtisadi, sosial, siyasi, humanitar v\u0259 dig\u0259r sah\u0259l\u0259rd\u0259 qazand\u0131\u011f\u0131 y\u00fcks\u0259k nailiyy\u0259tl\u0259r, XXI \u0259srin \u00e7a\u011f\u0131r\u0131\u015flar\u0131n\u0131n h\u0259llin\u0259 y\u00f6n\u0259lmi\u015f d\u00fcnya \u0259h\u0259miyy\u0259tli t\u0259\u015f\u0259bb\u00fcsl\u0259ri, ild\u0259n-il\u0259 artan beyn\u0259lxalq n\u00fcfuzu Az\u0259rbaycan\u0131 bir \u00e7ox istiqam\u0259tl\u0259rd\u0259 regional v\u0259 qlobal lider\u0259 \u00e7evirib.<\/p>\n\n\n\n<p>DMX-nin r\u0259isi V\u00fcsal H\u00fcseynov bildirib ki, \u00f6lk\u0259mizd\u0259 idar\u0259\u00e7ilik sah\u0259sind\u0259 pe\u015f\u0259kar kadrlar\u0131n yeti\u015fdirilm\u0259sin\u0259 x\u00fcsusi diqq\u0259t ay\u0131ran qabaqc\u0131l apar\u0131c\u0131 t\u0259dris, metodik, elm v\u0259 analitik informasiya m\u0259rk\u0259zi olan D\u00f6vl\u0259t \u0130dar\u0259\u00e7ilik Akademiyas\u0131 il\u0259 birg\u0259 \u0259m\u0259kda\u015fl\u0131q \u00f6n\u0259mli add\u0131mlardan biridir. Son ill\u0259r iqtisadi g\u00fcc\u00fc daha da artan respublikam\u0131z\u0131n d\u00fcnyada i\u015f adamlar\u0131 \u00fc\u00e7\u00fcn \u0259lveri\u015fli biznes m\u00fchitin\u0259 malik d\u00f6vl\u0259tl\u0259rd\u0259n birin\u0259 \u00e7evrildiyini vur\u011fulayan Xidm\u0259t r\u0259isi bel\u0259 bir \u015f\u0259raitd\u0259 \u00f6lk\u0259miz\u0259 keyfiyy\u0259tli i\u015f\u00e7i q\u00fcvv\u0259sinin c\u0259lb edilm\u0259sinin, dig\u0259r t\u0259r\u0259fd\u0259n, qanunsuz miqrasiyaya qar\u015f\u0131 m\u00fcbariz\u0259 t\u0259dbirl\u0259rinin g\u00fccl\u0259ndirilm\u0259sinin \u00fcmd\u0259 v\u0259zif\u0259l\u0259rd\u0259n oldu\u011funu, miqrasiya prosesl\u0259rinin n\u0259zar\u0259td\u0259 saxlan\u0131lmas\u0131nda bacar\u0131ql\u0131 kadr potensial\u0131na ehtiyac duyuldu\u011funu diqq\u0259t\u0259 \u00e7atd\u0131r\u0131b. Memorandumun m\u0259qs\u0259dind\u0259n dan\u0131\u015fan V.H\u00fcseynov bildirib ki, s\u0259n\u0259dd\u0259 d\u00f6vl\u0259t idar\u0259etm\u0259si sah\u0259sind\u0259 ixtisasla\u015fan g\u0259ncl\u0259r aras\u0131nda respublikam\u0131zda miqrasiya sah\u0259sind\u0259 islahatlar\u0131n apar\u0131lmas\u0131, d\u00fcnya t\u0259cr\u00fcb\u0259sinin \u00f6yr\u0259nilm\u0259si v\u0259 t\u0259tbiqi, beyn\u0259lxalq insan h\u00fcquqlar\u0131 konsepsiyas\u0131 v\u0259 dig\u0259r m\u0259s\u0259l\u0259l\u0259rl\u0259 ba\u011fl\u0131 bilikl\u0259rin sisteml\u0259\u015fdirilm\u0259si, onlara yeni bilikl\u0259rin verilm\u0259si, g\u0259ncl\u0259r aras\u0131nda miqrasiya sah\u0259sin\u0259 mara\u011f\u0131n art\u0131r\u0131lmas\u0131 n\u0259z\u0259rd\u0259 tutulur.<\/p>\n\n\n\n<figure class=\"wp-container-2 wp-block-gallery-1 wp-block-gallery columns-2 is-cropped\"><ul class=\"blocks-gallery-grid\"><li class=\"blocks-gallery-item\"><figure><img width=\"640\" height=\"396\" src=\"https:\/\/dia.edu.az\/wp-content\/uploads\/2021\/03\/15.02.jpg\" alt=\"\" data-id=\"11805\" data-full-url=\"https:\/\/dia.edu.az\/wp-content\/uploads\/2021\/03\/15.02.jpg\" data-link=\"https:\/\/dia.edu.az\/?attachment_id=11805\" class=\"wp-image-11805\" srcset=\"https:\/\/legacy.dia.edu.az\/wp-content\/uploads\/2021\/03\/15.02.jpg 640w, https:\/\/legacy.dia.edu.az\/wp-content\/uploads\/2021\/03\/15.02-300x186.jpg 300w, https:\/\/legacy.dia.edu.az\/wp-content\/uploads\/2021\/03\/15.02-16x10.jpg 16w, https:\/\/legacy.dia.edu.az\/wp-content\/uploads\/2021\/03\/15.02-300x186@2x.jpg 600w\" sizes=\"(max-width: 640px) 100vw, 640px\" \/><\/figure><\/li><li class=\"blocks-gallery-item\"><figure><img width=\"640\" height=\"421\" src=\"https:\/\/dia.edu.az\/wp-content\/uploads\/2021\/03\/1502.jpg\" alt=\"\" data-id=\"11806\" data-full-url=\"https:\/\/dia.edu.az\/wp-content\/uploads\/2021\/03\/1502.jpg\" data-link=\"https:\/\/dia.edu.az\/?attachment_id=11806\" class=\"wp-image-11806\" srcset=\"https:\/\/legacy.dia.edu.az\/wp-content\/uploads\/2021\/03\/1502.jpg 640w, https:\/\/legacy.dia.edu.az\/wp-content\/uploads\/2021\/03\/1502-300x197.jpg 300w, https:\/\/legacy.dia.edu.az\/wp-content\/uploads\/2021\/03\/1502-16x12.jpg 16w, https:\/\/legacy.dia.edu.az\/wp-content\/uploads\/2021\/03\/1502-150x100.jpg 150w, https:\/\/legacy.dia.edu.az\/wp-content\/uploads\/2021\/03\/1502-300x197@2x.jpg 600w\" sizes=\"(max-width: 640px) 100vw, 640px\" \/><\/figure><\/li><\/ul><\/figure>","protected":false},"excerpt":{"rendered":"<p>D\u00f6vl\u0259t \u0130dar\u0259\u00e7ilik Akademiyas\u0131 il\u0259 D\u00f6vl\u0259t Miqrasiya Xidm\u0259ti aras\u0131nda Anla\u015fma Memorandumu imzalan\u0131bFev 15 , 2019 &#8211; 11:05 Fevral\u0131n 14-d\u0259 Az\u0259rbaycan Respublikas\u0131n\u0131n Prezidenti yan\u0131nda D\u00f6vl\u0259t \u0130dar\u0259\u00e7ilik Akademiyas\u0131 (D\u0130A) il\u0259 D\u00f6vl\u0259t Miqrasiya Xidm\u0259ti (DMX) aras\u0131nda Anla\u015fma Memorandumu imzalan\u0131b. S\u0259n\u0259di D\u0130A-n\u0131n rektoru, akademik Urxan \u018fl\u0259kb\u0259rov v\u0259 DMX-nin r\u0259isi V\u00fcsal H\u00fcseynov imzalay\u0131blar. Memorandum kadr potensial\u0131n\u0131n g\u00fccl\u0259ndirilm\u0259si m\u0259qs\u0259dil\u0259 y\u00fcks\u0259kixtisasl\u0131 kadrlar\u0131n haz\u0131rlanmas\u0131, [&hellip;]<\/p>","protected":false},"author":2,"featured_media":11805,"comment_status":"closed","ping_status":"closed","sticky":false,"template":"","format":"standard","meta":[],"categories":[137],"tags":[],"_links":{"self":[{"href":"https:\/\/legacy.dia.edu.az\/en\/wp-json\/wp\/v2\/posts\/11804"}],"collection":[{"href":"https:\/\/legacy.dia.edu.az\/en\/wp-json\/wp\/v2\/posts"}],"about":[{"href":"https:\/\/legacy.dia.edu.az\/en\/wp-json\/wp\/v2\/types\/post"}],"author":[{"embeddable":true,"href":"https:\/\/legacy.dia.edu.az\/en\/wp-json\/wp\/v2\/users\/2"}],"replies":[{"embeddable":true,"href":"https:\/\/legacy.dia.edu.az\/en\/wp-json\/wp\/v2\/comments?post=11804"}],"version-history":[{"count":0,"href":"https:\/\/legacy.dia.edu.az\/en\/wp-json\/wp\/v2\/posts\/11804\/revisions"}],"wp:featuredmedia":[{"embeddable":true,"href":"https:\/\/legacy.dia.edu.az\/en\/wp-json\/wp\/v2\/media\/11805"}],"wp:attachment":[{"href":"https:\/\/legacy.dia.edu.az\/en\/wp-json\/wp\/v2\/media?parent=11804"}],"wp:term":[{"taxonomy":"category","embeddable":true,"href":"https:\/\/legacy.dia.edu.az\/en\/wp-json\/wp\/v2\/categories?post=11804"},{"taxonomy":"post_tag","embeddable":true,"href":"https:\/\/legacy.dia.edu.az\/en\/wp-json\/wp\/v2\/tags?post=11804"}],"curies":[{"name":"wp","href":"https:\/\/api.w.org\/{rel}","templated":true}]}}