{"id":11786,"date":"2019-02-21T20:33:00","date_gmt":"2019-02-21T17:33:00","guid":{"rendered":"https:\/\/dia.edu.az\/?p=11786"},"modified":"2021-03-14T20:35:06","modified_gmt":"2021-03-14T17:35:06","slug":"az%c9%99rbaycanda-davamli-insan-inkisafi-namin%c9%99-pes%c9%99-seciminin-%c9%99h%c9%99miyy%c9%99ti-movzusunda-muzakir%c9%99l%c9%99r-aparilib","status":"publish","type":"post","link":"https:\/\/legacy.dia.edu.az\/en\/arxivl\u0259r\/11786","title":{"rendered":"Az\u0259rbaycanda davaml\u0131 insan inki\u015faf\u0131 namin\u0259 pe\u015f\u0259 se\u00e7iminin \u0259h\u0259miyy\u0259ti m\u00f6vzusunda m\u00fczakir\u0259l\u0259r apar\u0131l\u0131b"},"content":{"rendered":"<p><strong>Az\u0259rbaycanda davaml\u0131 insan inki\u015faf\u0131 namin\u0259 pe\u015f\u0259 se\u00e7iminin \u0259h\u0259miyy\u0259ti m\u00f6vzusunda m\u00fczakir\u0259l\u0259r apar\u0131l\u0131b<\/strong><br><em>Fev 21 , 2019 &#8211; 11:11<\/em><\/p>\n\n\n\n<p>Fevral\u0131n 19-da Bak\u0131 Konqres M\u0259rk\u0259zind\u0259 Az\u0259rbaycan Respublikas\u0131 G\u0259ncl\u0259r Fondunun d\u0259st\u0259yi v\u0259 Dostluq G\u0259ncl\u0259rin \u018flaq\u0259l\u0259ndirm\u0259 M\u0259rk\u0259zi \u0130ctimai Birliyinin t\u0259\u015fkilat\u00e7\u0131l\u0131\u011f\u0131 il\u0259 \u201cAz\u0259rbaycan Respublikas\u0131nda davaml\u0131 insan inki\u015faf\u0131 namin\u0259 pe\u015f\u0259 se\u00e7iminin \u0259h\u0259miyy\u0259ti\u201d m\u00f6vzusunda t\u0259dbir ke\u00e7irilib.<\/p>\n\n\n\n<p>M\u00fcvafiq qurumlar\u0131n n\u00fcmay\u0259nd\u0259l\u0259rinin, t\u0259l\u0259b\u0259 v\u0259 g\u0259ncl\u0259rin i\u015ftirak etdikl\u0259ri t\u0259dbird\u0259 Dostluq G\u0259ncl\u0259rin \u018flaq\u0259l\u0259ndirm\u0259 M\u0259rk\u0259zi \u0130ctimai Birliyinin s\u0259dri, dosent Yusif A\u011fayev \u00fcmummilli lider Heyd\u0259r \u018fliyevin g\u0259ncl\u0259rin t\u0259hsilin\u0259 daim b\u00f6y\u00fck \u00f6n\u0259m verdiyini, Ulu \u00d6nd\u0259rin ideyalar\u0131n\u0131n Az\u0259rbaycan Prezidenti \u0130lham \u018fliyev t\u0259r\u0259find\u0259n q\u0259tiyy\u0259tl\u0259 h\u0259yata ke\u00e7irildiyini vur\u011fulay\u0131b.<\/p>\n\n\n\n<p>Davaml\u0131 insan inki\u015faf\u0131 namin\u0259 pe\u015f\u0259 se\u00e7imi bar\u0259d\u0259 dan\u0131\u015fan Y.A\u011fayev bildirib ki, davaml\u0131 insan inki\u015faf\u0131 bax\u0131m\u0131ndan pe\u015f\u0259 se\u00e7iminin \u0259h\u0259miyy\u0259ti t\u0259bii s\u0259rv\u0259tl\u0259rl\u0259 z\u0259ngin olan \u00f6lk\u0259l\u0259r \u00fc\u00e7\u00fcn x\u00fcsusi \u00f6n\u0259m da\u015f\u0131y\u0131r. Son ill\u0259rd\u0259 ged\u0259n prosesl\u0259r onu g\u00f6st\u0259rir ki, d\u00fcnya s\u00fcr\u0259tl\u0259 d\u0259yi\u015fm\u0259kd\u0259dir. Bu d\u0259yi\u015fiklik b\u00fct\u00fcn sah\u0259l\u0259rd\u0259 \u00f6z\u00fcn\u00fc g\u00f6st\u0259rir. Riskl\u0259r artmaqda, \u00f6lk\u0259l\u0259raras\u0131 r\u0259qab\u0259t g\u00fccl\u0259nm\u0259kd\u0259, ali t\u0259hsill\u0259 \u0259m\u0259k bazar\u0131 aras\u0131nda ciddi d\u0259yi\u015fiklikl\u0259r ba\u015f verm\u0259kd\u0259dir. Bug\u00fcnk\u00fc reall\u0131qlar\u0131 n\u0259z\u0259r\u0259 alaraq, dem\u0259k olar ki, bundan sonra innovativ, inkl\u00fcziv, bilik \u00fcz\u0259rind\u0259 qurulan strategiyalar u\u011fur \u0259ld\u0259 ed\u0259 bil\u0259c\u0259k.<\/p>\n\n\n\n<p>Az\u0259rbaycan Prezidenti \u0130lham \u018fliyevin \u201cqara q\u0131z\u0131l\u0131 insan kapital\u0131na \u00e7evirm\u0259k\u201d konsepsiyas\u0131n\u0131n bu g\u00fcn \u00e7ox u\u011furla h\u0259yata ke\u00e7irildiyini dey\u0259n \u0130ctimai Birliyinin s\u0259dri qeyd edib ki, \u00f6lk\u0259mizd\u0259 m\u00fc\u0259yy\u0259n edil\u0259n inki\u015faf strategiyas\u0131 m\u0259hz bu istiqam\u0259td\u0259dir. Davaml\u0131 inki\u015faf strategiyas\u0131n\u0131n \u0259h\u0259miyy\u0259ti respublikan\u0131n bu g\u00fcn\u00fcn\u0259, g\u0259l\u0259c\u0259yin\u0259 v\u0259 d\u00fcnyan\u0131n qorunmas\u0131na y\u00f6n\u0259lm\u0259sidir. Y\u0259ni, b\u00fct\u00fcn resurslar el\u0259 istifad\u0259 edilm\u0259lidir ki, h\u0259m inki\u015faf davaml\u0131 olsun, h\u0259m d\u0259 d\u00fcnya deqradasiyadan qorunsun. Bu h\u0259d\u0259fl\u0259r\u0259 \u00e7atmaq v\u0259 t\u00f6hf\u0259 verm\u0259k v\u0259t\u0259nda\u015f c\u0259miyy\u0259tinin t\u0259msil\u00e7isi olaraq bizi d\u0259 d\u00fc\u015f\u00fcnd\u00fcr\u00fcr v\u0259 problemin h\u0259llin\u0259 t\u00f6hf\u0259 verm\u0259y\u0259 t\u0259\u015fviq edir.<\/p>\n\n\n\n<p>Vur\u011fulan\u0131b ki, m\u00fcvafiq layih\u0259nin ideyas\u0131 Az\u0259rbaycan Respublikas\u0131n\u0131n Prezidenti yan\u0131nda D\u00f6vl\u0259t \u0130dar\u0259\u00e7ilik Akademiyas\u0131n\u0131n (D\u0130A) rektoru, akademik Urxan \u018fl\u0259kb\u0259rovun \u201cDavaml\u0131 inki\u015fafdan ekoloji sivilizasiyaya: ali t\u0259hsil v\u0259 \u0259m\u0259k bazar\u0131\u201d adl\u0131 m\u0259qal\u0259sind\u0259n qaynaqlan\u0131b. M\u0259qs\u0259d c\u0259miyy\u0259tin t\u0259l\u0259bl\u0259rin\u0259 uy\u011fun s\u0259ri\u015ft\u0259 \u0259sasl\u0131 ilk pe\u015f\u0259 v\u0259 orta ixtisas t\u0259hsili standartlar\u0131, \u0259m\u0259k bazar\u0131n\u0131n t\u0259l\u0259bat\u0131na uy\u011fun pe\u015f\u0259l\u0259r v\u0259 ixtisaslar \u00fczr\u0259 pe\u015f\u0259 v\u0259 orta ixtisas t\u0259hsilli kadr v\u0259 m\u00fct\u0259x\u0259ssis haz\u0131rl\u0131\u011f\u0131n\u0131n t\u0259min edilm\u0259si, m\u00fcasir pe\u015f\u0259-t\u0259dris m\u0259rk\u0259z v\u0259 kompleksl\u0259rinin yarad\u0131lmas\u0131, qeyri-h\u00f6kum\u0259t t\u0259\u015fkilatlar\u0131 il\u0259 v\u0259 beyn\u0259lxalq qurumlarla \u0259m\u0259kda\u015fl\u0131\u011f\u0131n inki\u015faf etdirilm\u0259sidir.<\/p>\n\n\n\n<p>G\u0259ncl\u0259r Fondunun n\u00fcmay\u0259nd\u0259si M\u00fcbariz Q\u0259dirov m\u00fcasir d\u00fcnyada t\u0259hsilin m\u00fch\u00fcm rolunu vur\u011fulay\u0131b, \u00f6lk\u0259mizd\u0259 bu sah\u0259y\u0259 x\u00fcsusi diqq\u0259t g\u00f6st\u0259rildiyini s\u00f6yl\u0259yib.<\/p>\n\n\n\n<p>D\u00f6vl\u0259t g\u0259ncl\u0259r siyas\u0259tinin u\u011furlu n\u0259tic\u0259l\u0259rind\u0259n b\u0259hs ed\u0259n M.Q\u0259dirov G\u0259ncl\u0259r Fondunun f\u0259aliyy\u0259ti, h\u0259yata ke\u00e7irdiyi layih\u0259l\u0259r, t\u0259dbirl\u0259r bar\u0259d\u0259 m\u0259lumat verib. O, d\u00fczg\u00fcn pe\u015f\u0259 se\u00e7iminin \u00f6n\u0259mli m\u0259s\u0259l\u0259 oldu\u011funu s\u00f6yl\u0259yib.<\/p>\n\n\n\n<p>D\u00f6vl\u0259t \u0130dar\u0259\u00e7ilik Akademiyas\u0131n\u0131n analitika v\u0259 t\u0259drisin informasiya t\u0259minat\u0131 \u015f\u00f6b\u0259sinin m\u00fcdiri, siyasi elml\u0259r doktoru, professor Ziyaf\u0259t H\u0259bibova bildirib ki, d\u00fcnyan\u0131n postindustrial fazaya, bilik iqtisadiyyat\u0131na ke\u00e7idi d\u00f6n\u0259mind\u0259 d\u00fcnya t\u0259cr\u00fcb\u0259sind\u0259 sosial v\u0259 iqtisadi inki\u015fafda insan amilinin dominantl\u0131\u011f\u0131 fakt\u0131 ham\u0131 t\u0259r\u0259find\u0259n q\u0259bul edilir. Bu fakt milli iqtisadiyyatlar\u0131n inki\u015faf\u0131 v\u0259 s\u0259viyy\u0259si bax\u0131m\u0131ndan h\u0259lledici rol oynay\u0131r. Bu g\u00fcn Az\u0259rbaycan Respublikas\u0131nda da b\u00f6y\u00fck u\u011furlar v\u0259 s\u00fcr\u0259tl\u0259 innovativ iqtisadiyyat\u0131n formala\u015fd\u0131r\u0131lmas\u0131na y\u00f6n\u0259l\u0259n add\u0131mlar at\u0131l\u0131r. Yaranm\u0131\u015f \u015f\u0259raitd\u0259 uzunm\u00fcdd\u0259tli v\u0259 keyfiyy\u0259tli insan potensial\u0131n\u0131n yarad\u0131lmas\u0131 m\u0259s\u0259l\u0259si olduqca \u00f6n\u0259mlidir. Bel\u0259 ki, innovativ modernl\u0259\u015fm\u0259 v\u0259 insan potensial\u0131n\u0131n davaml\u0131 inki\u015faf\u0131 aras\u0131nda s\u0131x \u0259laq\u0259 \u00f6lk\u0259ni zaman\u0131n \u00e7a\u011f\u0131r\u0131\u015flar\u0131na uy\u011fun yeni inki\u015faf s\u0259viyy\u0259sin\u0259 \u00e7\u0131xarma\u011fa imkan ver\u0259c\u0259k. Z.H\u0259bibova Az\u0259rbaycanda innovativ inki\u015faf\u0131n t\u0259min olunmas\u0131 m\u0259qs\u0259dil\u0259 planla\u015fd\u0131r\u0131lan innovativ insan inki\u015faf\u0131 ssenarisinin realla\u015fd\u0131r\u0131lmas\u0131n\u0131n m\u00fc\u0259yy\u0259n \u015f\u0259rtl\u0259rl\u0259 ba\u011fl\u0131 oldu\u011funu deyib.<\/p>\n\n\n\n<p>T\u0259hsil Nazirliyi yan\u0131nda Pe\u015f\u0259 T\u0259hsili \u00fczr\u0259 D\u00f6vl\u0259t Agentliyinin pe\u015f\u0259y\u00f6n\u00fcm\u00fc v\u0259 i\u015f\u0259g\u00f6t\u00fcr\u0259nl\u0259rl\u0259 \u0259m\u0259kda\u015fl\u0131q \u015f\u00f6b\u0259sinin m\u00fcdir m\u00fcavini Nigar \u0130smay\u0131lzad\u0259 \u00f6lk\u0259mizd\u0259 pe\u015f\u0259 t\u0259hsilinin inki\u015faf\u0131 istiqam\u0259tind\u0259 realla\u015fd\u0131r\u0131lan layih\u0259l\u0259r v\u0259 onun n\u0259tic\u0259l\u0259ri haqq\u0131nda m\u0259lumat verib.<\/p>\n\n\n\n<p>D\u00f6vl\u0259t \u0130dar\u0259\u00e7ilik Akademiyas\u0131n\u0131n davaml\u0131 inki\u015faf\u0131n planla\u015fd\u0131r\u0131lmas\u0131 v\u0259 idar\u0259 edilm\u0259si kafedras\u0131n\u0131n dosenti, f\u0259ls\u0259f\u0259 doktoru El\u015fan \u018fhm\u0259dov, inzibati idar\u0259etm\u0259 fak\u00fclt\u0259sinin dekan\u0131, professor Xatir\u0259 H\u00fcseynova, davaml\u0131 inki\u015faf\u0131n planla\u015fd\u0131r\u0131lmas\u0131 v\u0259 idar\u0259 edilm\u0259si kafedras\u0131n\u0131n dosenti, f\u0259ls\u0259f\u0259 doktoru Miraqil Seyidzad\u0259, Ombudsman Aparat\u0131n\u0131n \u015f\u00f6b\u0259 m\u00fcdiri, insan h\u00fcquqlar\u0131 sah\u0259si \u00fczr\u0259 milli ekspert R\u0259\u015fid Rumzad\u0259, D\u00f6vl\u0259t Miqrasiya Xidm\u0259tinin miqrasiya siyas\u0259ti v\u0259 h\u00fcquqi t\u0259minat ba\u015f idar\u0259sinin r\u0259is m\u00fcavini, miqrasiya xidm\u0259ti m\u00fc\u015faviri K\u0259yan Hac\u0131yev, pe\u015f\u0259 t\u0259hsili v\u0259 informasiya kommunikasiya texnologiyalar\u0131 \u00fczr\u0259 ekspert \u018fliyar Musayev, actor.az sayt\u0131n\u0131n t\u0259sis\u00e7isi Telman \u0130sa, AQRO Konsultasiya M\u0259rk\u0259zinin r\u0259hb\u0259ri Cavidan A\u011fazad\u0259, D\u0130A-n\u0131n davaml\u0131 inki\u015faf\u0131n idar\u0259 edilm\u0259si ixtisas\u0131 \u00fczr\u0259 t\u0259hsil alan t\u0259l\u0259b\u0259l\u0259ri, layih\u0259nin k\u00f6n\u00fcll\u00fcl\u0259ri olan g\u0259ncl\u0259r \u00e7\u0131x\u0131\u015f ed\u0259r\u0259k c\u0259miyy\u0259t h\u0259yat\u0131 \u00fc\u00e7\u00fcn pe\u015f\u0259 t\u0259hsilinin \u0259h\u0259miyy\u0259ti v\u0259 inki\u015faf\u0131 konsepsiyas\u0131n\u0131n t\u0259drisi layih\u0259si \u00e7\u0259r\u00e7iv\u0259sind\u0259 pe\u015f\u0259 t\u0259hsilinin \u0259h\u0259miyy\u0259ti konsepsiyas\u0131 v\u0259 prinsipl\u0259rin\u0259 t\u0259\u015fviq edilm\u0259sinin vacibliyini vur\u011fulay\u0131blar.<\/p>\n\n\n\n<p>Qeyd edilib ki, h\u0259r k\u0259s \u00f6z bacar\u0131\u011f\u0131n\u0131 k\u0259\u015ff etm\u0259li, inki\u015faf etdirm\u0259li v\u0259 sah\u0259si \u00fczr\u0259 pe\u015f\u0259kar m\u00fct\u0259x\u0259ssis olaraq \u00f6z\u00fcn\u00fc formala\u015fd\u0131rmal\u0131d\u0131r. D\u00fczg\u00fcn pe\u015f\u0259 se\u00e7imi v\u0259 sevdiyin i\u015fl\u0259 m\u0259\u015f\u011ful olmaq insan\u0131n z\u00f6vql\u00fc v\u0259 rahat ya\u015fay\u0131\u015f\u0131n\u0131n t\u0259minat\u0131d\u0131r. Bu, eyni zamanda, c\u0259miyy\u0259td\u0259 m\u0259\u015f\u011fulluq probleminin h\u0259ll edilm\u0259si bax\u0131m\u0131ndan z\u0259ruridir.<\/p>\n\n\n\n<p>Sonra suallar cavabland\u0131r\u0131l\u0131b, k\u00f6n\u00fcll\u00fcl\u0259r\u0259 sertifikatlar t\u0259qdim edilib.<\/p>\n\n\n\n<figure class=\"wp-container-2 wp-block-gallery-1 wp-block-gallery columns-4 is-cropped\"><ul class=\"blocks-gallery-grid\"><li class=\"blocks-gallery-item\"><figure><img width=\"640\" height=\"424\" src=\"https:\/\/dia.edu.az\/wp-content\/uploads\/2021\/03\/21.02.19.jpg\" alt=\"\" data-id=\"11787\" data-full-url=\"https:\/\/dia.edu.az\/wp-content\/uploads\/2021\/03\/21.02.19.jpg\" data-link=\"https:\/\/dia.edu.az\/?attachment_id=11787\" class=\"wp-image-11787\" srcset=\"https:\/\/legacy.dia.edu.az\/wp-content\/uploads\/2021\/03\/21.02.19.jpg 640w, https:\/\/legacy.dia.edu.az\/wp-content\/uploads\/2021\/03\/21.02.19-300x199.jpg 300w, https:\/\/legacy.dia.edu.az\/wp-content\/uploads\/2021\/03\/21.02.19-16x12.jpg 16w, https:\/\/legacy.dia.edu.az\/wp-content\/uploads\/2021\/03\/21.02.19-150x100.jpg 150w, https:\/\/legacy.dia.edu.az\/wp-content\/uploads\/2021\/03\/21.02.19-300x199@2x.jpg 600w\" sizes=\"(max-width: 640px) 100vw, 640px\" \/><\/figure><\/li><li class=\"blocks-gallery-item\"><figure><img width=\"640\" height=\"424\" src=\"https:\/\/dia.edu.az\/wp-content\/uploads\/2021\/03\/21.02.2019.jpg\" alt=\"\" data-id=\"11788\" data-full-url=\"https:\/\/dia.edu.az\/wp-content\/uploads\/2021\/03\/21.02.2019.jpg\" data-link=\"https:\/\/dia.edu.az\/?attachment_id=11788\" class=\"wp-image-11788\" srcset=\"https:\/\/legacy.dia.edu.az\/wp-content\/uploads\/2021\/03\/21.02.2019.jpg 640w, https:\/\/legacy.dia.edu.az\/wp-content\/uploads\/2021\/03\/21.02.2019-300x199.jpg 300w, https:\/\/legacy.dia.edu.az\/wp-content\/uploads\/2021\/03\/21.02.2019-16x12.jpg 16w, https:\/\/legacy.dia.edu.az\/wp-content\/uploads\/2021\/03\/21.02.2019-150x100.jpg 150w, https:\/\/legacy.dia.edu.az\/wp-content\/uploads\/2021\/03\/21.02.2019-300x199@2x.jpg 600w\" sizes=\"(max-width: 640px) 100vw, 640px\" \/><\/figure><\/li><li class=\"blocks-gallery-item\"><figure><img width=\"640\" height=\"424\" src=\"https:\/\/dia.edu.az\/wp-content\/uploads\/2021\/03\/21.02.jpg\" alt=\"\" data-id=\"11789\" data-full-url=\"https:\/\/dia.edu.az\/wp-content\/uploads\/2021\/03\/21.02.jpg\" data-link=\"https:\/\/dia.edu.az\/?attachment_id=11789\" class=\"wp-image-11789\" srcset=\"https:\/\/legacy.dia.edu.az\/wp-content\/uploads\/2021\/03\/21.02.jpg 640w, https:\/\/legacy.dia.edu.az\/wp-content\/uploads\/2021\/03\/21.02-300x199.jpg 300w, https:\/\/legacy.dia.edu.az\/wp-content\/uploads\/2021\/03\/21.02-16x12.jpg 16w, https:\/\/legacy.dia.edu.az\/wp-content\/uploads\/2021\/03\/21.02-150x100.jpg 150w, https:\/\/legacy.dia.edu.az\/wp-content\/uploads\/2021\/03\/21.02-300x199@2x.jpg 600w\" sizes=\"(max-width: 640px) 100vw, 640px\" \/><\/figure><\/li><li class=\"blocks-gallery-item\"><figure><img width=\"640\" height=\"424\" src=\"https:\/\/dia.edu.az\/wp-content\/uploads\/2021\/03\/2102.jpg\" alt=\"\" data-id=\"11790\" data-full-url=\"https:\/\/dia.edu.az\/wp-content\/uploads\/2021\/03\/2102.jpg\" data-link=\"https:\/\/dia.edu.az\/?attachment_id=11790\" class=\"wp-image-11790\" srcset=\"https:\/\/legacy.dia.edu.az\/wp-content\/uploads\/2021\/03\/2102.jpg 640w, https:\/\/legacy.dia.edu.az\/wp-content\/uploads\/2021\/03\/2102-300x199.jpg 300w, https:\/\/legacy.dia.edu.az\/wp-content\/uploads\/2021\/03\/2102-16x12.jpg 16w, https:\/\/legacy.dia.edu.az\/wp-content\/uploads\/2021\/03\/2102-150x100.jpg 150w, https:\/\/legacy.dia.edu.az\/wp-content\/uploads\/2021\/03\/2102-300x199@2x.jpg 600w\" sizes=\"(max-width: 640px) 100vw, 640px\" \/><\/figure><\/li><li class=\"blocks-gallery-item\"><figure><img width=\"640\" height=\"424\" src=\"https:\/\/dia.edu.az\/wp-content\/uploads\/2021\/03\/210219.jpg\" alt=\"\" data-id=\"11791\" data-full-url=\"https:\/\/dia.edu.az\/wp-content\/uploads\/2021\/03\/210219.jpg\" data-link=\"https:\/\/dia.edu.az\/?attachment_id=11791\" class=\"wp-image-11791\" srcset=\"https:\/\/legacy.dia.edu.az\/wp-content\/uploads\/2021\/03\/210219.jpg 640w, https:\/\/legacy.dia.edu.az\/wp-content\/uploads\/2021\/03\/210219-300x199.jpg 300w, https:\/\/legacy.dia.edu.az\/wp-content\/uploads\/2021\/03\/210219-16x12.jpg 16w, https:\/\/legacy.dia.edu.az\/wp-content\/uploads\/2021\/03\/210219-150x100.jpg 150w, https:\/\/legacy.dia.edu.az\/wp-content\/uploads\/2021\/03\/210219-300x199@2x.jpg 600w\" sizes=\"(max-width: 640px) 100vw, 640px\" \/><\/figure><\/li><li class=\"blocks-gallery-item\"><figure><img width=\"1024\" height=\"678\" src=\"https:\/\/dia.edu.az\/wp-content\/uploads\/2021\/03\/2100219-1024x678.jpg\" alt=\"\" data-id=\"11792\" data-full-url=\"https:\/\/dia.edu.az\/wp-content\/uploads\/2021\/03\/2100219-scaled.jpg\" data-link=\"https:\/\/dia.edu.az\/?attachment_id=11792\" class=\"wp-image-11792\" srcset=\"https:\/\/legacy.dia.edu.az\/wp-content\/uploads\/2021\/03\/2100219-1024x678.jpg 1024w, https:\/\/legacy.dia.edu.az\/wp-content\/uploads\/2021\/03\/2100219-300x199.jpg 300w, https:\/\/legacy.dia.edu.az\/wp-content\/uploads\/2021\/03\/2100219-1536x1017.jpg 1536w, https:\/\/legacy.dia.edu.az\/wp-content\/uploads\/2021\/03\/2100219-2048x1356.jpg 2048w, https:\/\/legacy.dia.edu.az\/wp-content\/uploads\/2021\/03\/2100219-16x12.jpg 16w, https:\/\/legacy.dia.edu.az\/wp-content\/uploads\/2021\/03\/2100219-150x100.jpg 150w, https:\/\/legacy.dia.edu.az\/wp-content\/uploads\/2021\/03\/2100219-300x199@2x.jpg 600w\" sizes=\"(max-width: 1024px) 100vw, 1024px\" \/><\/figure><\/li><li class=\"blocks-gallery-item\"><figure><img width=\"640\" height=\"424\" src=\"https:\/\/dia.edu.az\/wp-content\/uploads\/2021\/03\/21022019.jpg\" alt=\"\" data-id=\"11793\" data-full-url=\"https:\/\/dia.edu.az\/wp-content\/uploads\/2021\/03\/21022019.jpg\" data-link=\"https:\/\/dia.edu.az\/?attachment_id=11793\" class=\"wp-image-11793\" srcset=\"https:\/\/legacy.dia.edu.az\/wp-content\/uploads\/2021\/03\/21022019.jpg 640w, https:\/\/legacy.dia.edu.az\/wp-content\/uploads\/2021\/03\/21022019-300x199.jpg 300w, https:\/\/legacy.dia.edu.az\/wp-content\/uploads\/2021\/03\/21022019-16x12.jpg 16w, https:\/\/legacy.dia.edu.az\/wp-content\/uploads\/2021\/03\/21022019-150x100.jpg 150w, https:\/\/legacy.dia.edu.az\/wp-content\/uploads\/2021\/03\/21022019-300x199@2x.jpg 600w\" sizes=\"(max-width: 640px) 100vw, 640px\" \/><\/figure><\/li><li class=\"blocks-gallery-item\"><figure><img width=\"640\" height=\"424\" src=\"https:\/\/dia.edu.az\/wp-content\/uploads\/2021\/03\/21000202019.jpg\" alt=\"\" data-id=\"11794\" data-full-url=\"https:\/\/dia.edu.az\/wp-content\/uploads\/2021\/03\/21000202019.jpg\" data-link=\"https:\/\/dia.edu.az\/?attachment_id=11794\" class=\"wp-image-11794\" srcset=\"https:\/\/legacy.dia.edu.az\/wp-content\/uploads\/2021\/03\/21000202019.jpg 640w, https:\/\/legacy.dia.edu.az\/wp-content\/uploads\/2021\/03\/21000202019-300x199.jpg 300w, https:\/\/legacy.dia.edu.az\/wp-content\/uploads\/2021\/03\/21000202019-16x12.jpg 16w, https:\/\/legacy.dia.edu.az\/wp-content\/uploads\/2021\/03\/21000202019-150x100.jpg 150w, https:\/\/legacy.dia.edu.az\/wp-content\/uploads\/2021\/03\/21000202019-300x199@2x.jpg 600w\" sizes=\"(max-width: 640px) 100vw, 640px\" \/><\/figure><\/li><\/ul><\/figure>","protected":false},"excerpt":{"rendered":"<p>Az\u0259rbaycanda davaml\u0131 insan inki\u015faf\u0131 namin\u0259 pe\u015f\u0259 se\u00e7iminin \u0259h\u0259miyy\u0259ti m\u00f6vzusunda m\u00fczakir\u0259l\u0259r apar\u0131l\u0131bFev 21 , 2019 &#8211; 11:11 Fevral\u0131n 19-da Bak\u0131 Konqres M\u0259rk\u0259zind\u0259 Az\u0259rbaycan Respublikas\u0131 G\u0259ncl\u0259r Fondunun d\u0259st\u0259yi v\u0259 Dostluq G\u0259ncl\u0259rin \u018flaq\u0259l\u0259ndirm\u0259 M\u0259rk\u0259zi \u0130ctimai Birliyinin t\u0259\u015fkilat\u00e7\u0131l\u0131\u011f\u0131 il\u0259 \u201cAz\u0259rbaycan Respublikas\u0131nda davaml\u0131 insan inki\u015faf\u0131 namin\u0259 pe\u015f\u0259 se\u00e7iminin \u0259h\u0259miyy\u0259ti\u201d m\u00f6vzusunda t\u0259dbir ke\u00e7irilib. M\u00fcvafiq qurumlar\u0131n n\u00fcmay\u0259nd\u0259l\u0259rinin, t\u0259l\u0259b\u0259 v\u0259 g\u0259ncl\u0259rin i\u015ftirak etdikl\u0259ri [&hellip;]<\/p>","protected":false},"author":2,"featured_media":11789,"comment_status":"closed","ping_status":"closed","sticky":false,"template":"","format":"standard","meta":[],"categories":[137],"tags":[],"_links":{"self":[{"href":"https:\/\/legacy.dia.edu.az\/en\/wp-json\/wp\/v2\/posts\/11786"}],"collection":[{"href":"https:\/\/legacy.dia.edu.az\/en\/wp-json\/wp\/v2\/posts"}],"about":[{"href":"https:\/\/legacy.dia.edu.az\/en\/wp-json\/wp\/v2\/types\/post"}],"author":[{"embeddable":true,"href":"https:\/\/legacy.dia.edu.az\/en\/wp-json\/wp\/v2\/users\/2"}],"replies":[{"embeddable":true,"href":"https:\/\/legacy.dia.edu.az\/en\/wp-json\/wp\/v2\/comments?post=11786"}],"version-history":[{"count":0,"href":"https:\/\/legacy.dia.edu.az\/en\/wp-json\/wp\/v2\/posts\/11786\/revisions"}],"wp:featuredmedia":[{"embeddable":true,"href":"https:\/\/legacy.dia.edu.az\/en\/wp-json\/wp\/v2\/media\/11789"}],"wp:attachment":[{"href":"https:\/\/legacy.dia.edu.az\/en\/wp-json\/wp\/v2\/media?parent=11786"}],"wp:term":[{"taxonomy":"category","embeddable":true,"href":"https:\/\/legacy.dia.edu.az\/en\/wp-json\/wp\/v2\/categories?post=11786"},{"taxonomy":"post_tag","embeddable":true,"href":"https:\/\/legacy.dia.edu.az\/en\/wp-json\/wp\/v2\/tags?post=11786"}],"curies":[{"name":"wp","href":"https:\/\/api.w.org\/{rel}","templated":true}]}}