{"id":11778,"date":"2019-03-07T20:30:00","date_gmt":"2019-03-07T17:30:00","guid":{"rendered":"https:\/\/dia.edu.az\/?p=11778"},"modified":"2021-03-14T20:31:16","modified_gmt":"2021-03-14T17:31:16","slug":"dovl%c9%99t-t%c9%99hluk%c9%99sizliyin-t%c9%99min-olunmasinda-g%c9%99ncl%c9%99rin-rolu-movzusunda-konfrans-kecirilmisdir","status":"publish","type":"post","link":"https:\/\/legacy.dia.edu.az\/en\/arxivl\u0259r\/11778","title":{"rendered":"\u201cD\u00f6vl\u0259t t\u0259hl\u00fck\u0259sizliyin t\u0259min olunmas\u0131nda g\u0259ncl\u0259rin rolu\u201d m\u00f6vzusunda konfrans ke\u00e7irilmi\u015fdir"},"content":{"rendered":"<p><strong>\u201cD\u00f6vl\u0259t t\u0259hl\u00fck\u0259sizliyin t\u0259min olunmas\u0131nda g\u0259ncl\u0259rin rolu\u201d m\u00f6vzusunda konfrans ke\u00e7irilmi\u015fdir<\/strong><br><em>Mart 07 , 2019 &#8211; 09:52<\/em><\/p>\n\n\n\n<p>Az\u0259rbaycan Respublikas\u0131n\u0131n Prezidenti yan\u0131nda D\u00f6vl\u0259t \u0130dar\u0259\u00e7ilik Akademiyas\u0131nda t\u0259hl\u00fck\u0259sizlik orqanlar\u0131n\u0131n yaranmas\u0131n\u0131n 100 illik yubileyi \u0259r\u0259f\u0259sind\u0259 \u201cD\u00f6vl\u0259t t\u0259hl\u00fck\u0259sizliyin t\u0259min olunmas\u0131nda g\u0259ncl\u0259rin rolu\u201d m\u00f6vzusunda konfrans ke\u00e7irilmi\u015fdir.<\/p>\n\n\n\n<p>Xidm\u0259tin m\u0259sul \u0259m\u0259kda\u015flar\u0131n\u0131n, akademiyan\u0131n professor-m\u00fc\u0259llim hey\u0259ti v\u0259 t\u0259l\u0259b\u0259l\u0259rinin i\u015ftirak etdikl\u0259ri konfrans\u0131 D\u0130A-n\u0131n rektoru, akademik Urxan \u018fl\u0259kb\u0259rov a\u00e7m\u0131\u015fd\u0131r. Rektor d\u00f6vl\u0259t t\u0259hl\u00fck\u0259sizlik orqanlar\u0131n\u0131n ke\u00e7diyi \u015f\u0259r\u0259fli yoldan, xalq\u0131m\u0131z\u0131n \u00dcmummilli Lideri, m\u00fcst\u0259qil d\u00f6vl\u0259timizin memar\u0131 v\u0259 qurucusu Heyd\u0259r \u018fliyevin d\u00f6vl\u0259t strukturlar\u0131n\u0131n, o c\u00fcml\u0259d\u0259n t\u0259hl\u00fck\u0259sizlik orqanlar\u0131n\u0131n inki\u015faf\u0131 v\u0259 t\u0259kmill\u0259\u015fm\u0259si \u00fc\u00e7\u00fcn g\u00f6st\u0259rdiyi diqq\u0259t v\u0259 qay\u011f\u0131dan dan\u0131\u015fm\u0131\u015f, Ulu \u00d6nd\u0259rin siyas\u0259tinin Prezident \u0130lham \u018fliyev t\u0259r\u0259find\u0259n inamla v\u0259 u\u011furla davam etdirildiyini s\u00f6yl\u0259mi\u015fdir. Bildirilmi\u015fdir ki, g\u00fcnd\u0259n-g\u00fcn\u0259 inki\u015faf ed\u0259n respublikam\u0131z\u0131n u\u011furlar\u0131na q\u0131sqancl\u0131qla yana\u015fan q\u00fcvv\u0259l\u0259r h\u0259r c\u0259hdd\u0259 \u00f6lk\u0259mizin n\u00fcfuzuna x\u0259l\u0259l g\u0259tirm\u0259y\u0259 \u00e7al\u0131\u015f\u0131rlar. Ancaq h\u0259r bir v\u0259t\u0259np\u0259rv\u0259r az\u0259rbaycanl\u0131, x\u00fcsus\u0259n d\u0259 g\u0259ncl\u0259rimiz harada olmas\u0131na baxmayaraq, m\u00fcasir m\u00fcst\u0259qil Az\u0259rbaycan\u0131n milli m\u0259nafeyini qorumal\u0131, inki\u015faf\u0131 v\u0259 q\u00fcdr\u0259tl\u0259nm\u0259si \u00fc\u00e7\u00fcn b\u00fct\u00fcn s\u0259yl\u0259rini s\u0259f\u0259rb\u0259r etm\u0259li, h\u0259mi\u015f\u0259 t\u0259hsild\u0259 u\u011furlar qazanmal\u0131 v\u0259 \u0259zml\u0259 \u00e7al\u0131\u015fmal\u0131d\u0131rlar.<\/p>\n\n\n\n<p>D\u00f6vl\u0259t\u00e7iliyimizin, milli maraqlar\u0131m\u0131z\u0131n etibarl\u0131 qorunmas\u0131nda d\u00f6vl\u0259t t\u0259hl\u00fck\u0259sizlik orqanlar\u0131n\u0131n m\u00fch\u00fcm rolunu qeyd ed\u0259n rektor, qar\u015f\u0131dan g\u0259l\u0259n pe\u015f\u0259 bayram\u0131 m\u00fcnasib\u0259til\u0259 D\u00f6vl\u0259t T\u0259hl\u00fck\u0259sizlik Xidm\u0259tinin r\u0259hb\u0259rliyini v\u0259 \u0259m\u0259kda\u015flar\u0131n\u0131 t\u0259brik etmi\u015f, onlara u\u011furlar arzulam\u0131\u015fd\u0131r.<\/p>\n\n\n\n<p>D\u00f6vl\u0259t T\u0259hl\u00fck\u0259sizlik Xidm\u0259tinin \u0259m\u0259kda\u015f\u0131 Tural M\u0259mm\u0259dov \u00e7\u0131x\u0131\u015f\u0131nda 100 il \u00f6nc\u0259 yarad\u0131lan Az\u0259rbaycan t\u0259hl\u00fck\u0259sizlik orqanlar\u0131n\u0131n tarixind\u0259n b\u0259hs etmi\u015fdir. Bildirmi\u015fdir ki, Az\u0259rbaycan\u0131n ilk t\u0259hl\u00fck\u0259sizlik orqan\u0131 1919-cu il mart\u0131n 28-d\u0259 f\u0259aliyy\u0259t\u0259 ba\u015flam\u0131\u015fd\u0131r. Bu orqanlarda milli m\u0259nafel\u0259r\u0259 xidm\u0259t strategiyas\u0131n\u0131n \u0259sas\u0131n\u0131n ulu \u00f6nd\u0259r Heyd\u0259r \u018fliyevin Az\u0259rbaycan D\u00f6vl\u0259t T\u0259hl\u00fck\u0259sizlik Komit\u0259sind\u0259 \u0259ks-k\u0259\u015ffiyyata r\u0259hb\u0259rlik etdiyi 1956-1965-ci ill\u0259rd\u0259 yarad\u0131ld\u0131\u011f\u0131n\u0131 diqq\u0259t\u0259 \u00e7atd\u0131ran natiq demi\u015fdir ki, bel\u0259likl\u0259 d\u0259 h\u0259min ill\u0259rd\u0259 g\u0259l\u0259c\u0259k x\u00fcsusi xidm\u0259t orqan\u0131n\u0131n pe\u015f\u0259kar kadr potensial\u0131n\u0131n formala\u015fmas\u0131 \u00fc\u00e7\u00fcn ba\u015fl\u0131ca z\u0259min haz\u0131rlanm\u0131\u015fd\u0131r.<\/p>\n\n\n\n<p>Vur\u011fulanm\u0131\u015fd\u0131r ki, \u00fcmummilli lider Heyd\u0259r \u018fliyevin d\u00f6vl\u0259t t\u0259hl\u00fck\u0259sizlik orqanlar\u0131n\u0131n f\u0259aliyy\u0259tinin yenid\u0259n qurulmas\u0131na v\u0259 t\u0259kmill\u0259\u015fdirilm\u0259sin\u0259 g\u00f6st\u0259rdiyi t\u0259l\u0259bkarl\u0131q, g\u00fcnd\u0259lik qay\u011f\u0131 v\u0259 diqq\u0259t yeni d\u00f6vr\u00fcn \u00e7a\u011f\u0131r\u0131\u015flar\u0131na uy\u011fun t\u0259hl\u00fck\u0259sizlik sisteminin yarad\u0131lmas\u0131na imkan vermi\u015fdir. B\u00fct\u00fcn bunlar t\u0259hl\u00fck\u0259sizlik orqanlar\u0131n\u0131n \u00f6lk\u0259nin \u00fcmumi t\u0259r\u0259qqisinin m\u00f6hk\u0259m t\u0259m\u0259ll\u0259rinin qoyulmas\u0131nda daha yax\u0131ndan i\u015ftirak\u0131na \u015f\u0259rait yaratm\u0131\u015fd\u0131r.<\/p>\n\n\n\n<p>Ulu \u00f6nd\u0259r Heyd\u0259r \u018fliyevin Az\u0259rbaycan\u0131n sivil, demokratik, h\u00fcquqi d\u00f6vl\u0259t kimi inki\u015faf\u0131na y\u00f6n\u0259lmi\u015f siyas\u0259tinin Prezident \u0130lham \u018fliyev t\u0259r\u0259find\u0259n u\u011furla davam etdirilm\u0259si \u00fc\u00e7\u00fcn \u0259lveri\u015fli \u015f\u0259raitin yarad\u0131lmas\u0131nda DTX \u0259m\u0259kda\u015flar\u0131 da yax\u0131ndan i\u015ftirak edirl\u0259r.<\/p>\n\n\n\n<p>&nbsp;T.M\u0259mm\u0259dov vur\u011fulam\u0131\u015fd\u0131r ki, son d\u00f6vrl\u0259r b\u0259zi \u00f6lk\u0259l\u0259rd\u0259 c\u0259r\u0259yan ed\u0259n prosesl\u0259r, x\u00fcsusil\u0259 m\u00fcnaqi\u015f\u0259 ocaqlar\u0131ndak\u0131 m\u00fcr\u0259kk\u0259b v\u0259ziyy\u0259t, m\u00fct\u0259\u015f\u0259kkil cinay\u0259tkarl\u0131\u011f\u0131n do\u011furdu\u011fu t\u0259hdidl\u0259r, m\u00fcxt\u0259lif radikal meyill\u0259rl\u0259 \u00fczl\u0259\u015fm\u0259k v\u0259 s. t\u0259hl\u00fck\u0259l\u0259r h\u0259rt\u0259r\u0259fli say\u0131q olma\u011f\u0131m\u0131z\u0131 t\u0259l\u0259b edir. B\u00fct\u00fcn bunlar bizl\u0259ri malik oldu\u011fumuz d\u0259y\u0259rl\u0259r\u0259 sahib \u00e7\u0131xma\u011fa, \u0259ld\u0259 edilmi\u015f sabitliyi, milli birliyi v\u0259 tolerantl\u0131\u011f\u0131 qoruma\u011fa \u00e7a\u011f\u0131r\u0131r. G\u0259ncl\u0259rimiz d\u00f6vl\u0259tin, xalq\u0131n g\u0259l\u0259c\u0259yinin, \u00f6lk\u0259nin sabit v\u0259 dinamik inki\u015faf\u0131n\u0131n onlar\u0131n v\u0259t\u0259np\u0259rv\u0259rliyind\u0259n, d\u00f6vl\u0259t\u00e7iliy\u0259 v\u0259 m\u00fcst\u0259qilliy\u0259 s\u0259daq\u0259tind\u0259n as\u0131l\u0131 oldu\u011funu bir an bel\u0259 unutmamal\u0131d\u0131rlar. \u00c7\u00fcnki Az\u0259rbaycan\u0131n inki\u015faf\u0131na q\u0131sqancl\u0131qla yana\u015fan q\u00fcvv\u0259l\u0259r d\u0259 vard\u0131r. Bizim m\u00fcst\u0259qil siyas\u0259timizi h\u0259zm ed\u0259 bilm\u0259y\u0259n bel\u0259 q\u00fcvv\u0259l\u0259r Az\u0259rbaycan \u0259razisind\u0259 yeni separat\u00e7\u0131l\u0131q ocaqlar\u0131 yaratmaq niyy\u0259tind\u0259n \u0259l \u00e7\u0259kmirl\u0259r. Onlar g\u0259ncl\u0259rimizi m\u00fc\u0259yy\u0259n istiqam\u0259tl\u0259r\u0259 \u00e7\u0259km\u0259y\u0259 c\u0259hdl\u0259r g\u00f6st\u0259rirl\u0259r. Ancaq g\u0259ncl\u0259rimizin m\u00fctl\u0259q \u0259ks\u0259riyy\u0259ti bel\u0259 yad t\u0259sirl\u0259rd\u0259n uzaq dururlar. Onlar \u00f6lk\u0259mizin t\u0259r\u0259qqisi, \u00f6z g\u0259l\u0259c\u0259kl\u0259ri namin\u0259 y\u00fcr\u00fcd\u00fcl\u0259n siyas\u0259t\u0259 d\u0259st\u0259k verirl\u0259r. \u018fmin\u0259m ki, g\u0259ncl\u0259rimiz Ulu \u00d6nd\u0259rin z\u0259ngin irsini d\u0259rind\u0259n \u00f6yr\u0259nm\u0259kl\u0259 onun xalq\u0131m\u0131z\u0131n i\u015f\u0131ql\u0131 g\u0259l\u0259c\u0259yin\u0259 \u00fcnvanlanm\u0131\u015f ideallar\u0131na sadiq qalacaq, milli maraqlar\u0131n v\u0259 t\u0259hl\u00fck\u0259sizliyimizin t\u0259minat\u00e7\u0131s\u0131 kimi \u00fcz\u0259rl\u0259rin\u0259 d\u00fc\u015f\u0259n v\u0259zif\u0259l\u0259rin \u00f6hd\u0259sind\u0259n layiqinc\u0259 g\u0259l\u0259c\u0259kl\u0259r.<\/p>\n\n\n\n<p>Sonra akademiyan\u0131n Siyasi idar\u0259etm\u0259 fak\u00fclt\u0259sinin dekan\u0131, professor El\u00e7in \u018fhm\u0259dov, \u201cTarix\u201d kafedras\u0131n\u0131n m\u00fcdiri, dosent Firdovsiy\u0259 \u018fhm\u0259dova \u00e7\u0131x\u0131\u015f etmi\u015fl\u0259r. \u00c7\u0131x\u0131\u015flarda d\u00f6vl\u0259t t\u0259hl\u00fck\u0259sizlik orqanlar\u0131n\u0131n yaranmas\u0131 v\u0259 f\u0259aliyy\u0259ti tarixi aspektd\u0259n t\u0259hlil edilmi\u015f, m\u00fcasir d\u00f6vrd\u0259 d\u00f6vl\u0259t t\u0259hl\u00fck\u0259sizliyin t\u0259minat\u0131nda g\u0259ncl\u0259rin rolundan dan\u0131\u015f\u0131lm\u0131\u015fd\u0131r. Bildirilmi\u015fdir ki, t\u0259hl\u00fck\u0259sizlik orqanlar\u0131n\u0131n f\u0259aliyy\u0259ti c\u0259miyy\u0259td\u0259 y\u00fcks\u0259k qiym\u0259tl\u0259ndirilir. Ulu \u00f6nd\u0259r Heyd\u0259r \u018fliyevin siyasi x\u0259ttini q\u0259tiyy\u0259tl\u0259 v\u0259 u\u011furla davam etdir\u0259n Prezident \u0130lham \u018fliyevin r\u0259hb\u0259rliyi il\u0259 \u00f6lk\u0259mizin h\u0259rt\u0259r\u0259fli t\u0259r\u0259qqisi v\u0259 q\u00fcdr\u0259tl\u0259nm\u0259si namin\u0259 g\u00f6r\u00fcl\u0259n i\u015fl\u0259r n\u0259tic\u0259sind\u0259 Az\u0259rbaycan d\u00fcnyada \u0259n sabit, s\u00fcr\u0259tl\u0259 inki\u015faf ed\u0259n v\u0259 t\u0259hl\u00fck\u0259sizlik m\u00fchitin\u0259 malik \u00f6lk\u0259l\u0259rd\u0259n birin\u0259 \u00e7evrilmi\u015fdir.<\/p>\n\n\n\n<p>Sonda konfrans i\u015ftirak\u00e7\u0131lar\u0131n\u0131n \u00e7oxsayl\u0131 suallar\u0131 cavabland\u0131r\u0131lm\u0131\u015fd\u0131r.<\/p>\n\n\n\n<p>Konfrans i\u015ftirak\u00e7\u0131lar\u0131 olan qonaqlar D\u0130A-da f\u0259aliyy\u0259t g\u00f6st\u0259r\u0259n Heyd\u0259r \u018fliyev D\u00f6vl\u0259t \u0130dar\u0259\u00e7ilik M\u0259kt\u0259bi v\u0259 Qaraba\u011f Ara\u015fd\u0131rmalar M\u0259rk\u0259zi il\u0259 tan\u0131\u015f olmu\u015flar.<\/p>\n\n\n\n<figure class=\"wp-container-2 wp-block-gallery-1 wp-block-gallery columns-3 is-cropped\"><ul class=\"blocks-gallery-grid\"><li class=\"blocks-gallery-item\"><figure><img width=\"640\" height=\"424\" src=\"https:\/\/dia.edu.az\/wp-content\/uploads\/2021\/03\/1122.jpg\" alt=\"\" data-id=\"11779\" data-full-url=\"https:\/\/dia.edu.az\/wp-content\/uploads\/2021\/03\/1122.jpg\" data-link=\"https:\/\/dia.edu.az\/?attachment_id=11779\" class=\"wp-image-11779\" srcset=\"https:\/\/legacy.dia.edu.az\/wp-content\/uploads\/2021\/03\/1122.jpg 640w, https:\/\/legacy.dia.edu.az\/wp-content\/uploads\/2021\/03\/1122-300x199.jpg 300w, https:\/\/legacy.dia.edu.az\/wp-content\/uploads\/2021\/03\/1122-16x12.jpg 16w, https:\/\/legacy.dia.edu.az\/wp-content\/uploads\/2021\/03\/1122-150x100.jpg 150w, https:\/\/legacy.dia.edu.az\/wp-content\/uploads\/2021\/03\/1122-300x199@2x.jpg 600w\" sizes=\"(max-width: 640px) 100vw, 640px\" \/><\/figure><\/li><li class=\"blocks-gallery-item\"><figure><img width=\"640\" height=\"424\" src=\"https:\/\/dia.edu.az\/wp-content\/uploads\/2021\/03\/2233.jpg\" alt=\"\" data-id=\"11780\" data-full-url=\"https:\/\/dia.edu.az\/wp-content\/uploads\/2021\/03\/2233.jpg\" data-link=\"https:\/\/dia.edu.az\/?attachment_id=11780\" class=\"wp-image-11780\" srcset=\"https:\/\/legacy.dia.edu.az\/wp-content\/uploads\/2021\/03\/2233.jpg 640w, https:\/\/legacy.dia.edu.az\/wp-content\/uploads\/2021\/03\/2233-300x199.jpg 300w, https:\/\/legacy.dia.edu.az\/wp-content\/uploads\/2021\/03\/2233-16x12.jpg 16w, https:\/\/legacy.dia.edu.az\/wp-content\/uploads\/2021\/03\/2233-150x100.jpg 150w, https:\/\/legacy.dia.edu.az\/wp-content\/uploads\/2021\/03\/2233-300x199@2x.jpg 600w\" sizes=\"(max-width: 640px) 100vw, 640px\" \/><\/figure><\/li><li class=\"blocks-gallery-item\"><figure><img width=\"640\" height=\"424\" src=\"https:\/\/dia.edu.az\/wp-content\/uploads\/2021\/03\/2244.jpg\" alt=\"\" data-id=\"11781\" data-full-url=\"https:\/\/dia.edu.az\/wp-content\/uploads\/2021\/03\/2244.jpg\" data-link=\"https:\/\/dia.edu.az\/?attachment_id=11781\" class=\"wp-image-11781\" srcset=\"https:\/\/legacy.dia.edu.az\/wp-content\/uploads\/2021\/03\/2244.jpg 640w, https:\/\/legacy.dia.edu.az\/wp-content\/uploads\/2021\/03\/2244-300x199.jpg 300w, https:\/\/legacy.dia.edu.az\/wp-content\/uploads\/2021\/03\/2244-16x12.jpg 16w, https:\/\/legacy.dia.edu.az\/wp-content\/uploads\/2021\/03\/2244-150x100.jpg 150w, https:\/\/legacy.dia.edu.az\/wp-content\/uploads\/2021\/03\/2244-300x199@2x.jpg 600w\" sizes=\"(max-width: 640px) 100vw, 640px\" \/><\/figure><\/li><\/ul><\/figure>","protected":false},"excerpt":{"rendered":"<p>\u201cD\u00f6vl\u0259t t\u0259hl\u00fck\u0259sizliyin t\u0259min olunmas\u0131nda g\u0259ncl\u0259rin rolu\u201d m\u00f6vzusunda konfrans ke\u00e7irilmi\u015fdirMart 07 , 2019 &#8211; 09:52 Az\u0259rbaycan Respublikas\u0131n\u0131n Prezidenti yan\u0131nda D\u00f6vl\u0259t \u0130dar\u0259\u00e7ilik Akademiyas\u0131nda t\u0259hl\u00fck\u0259sizlik orqanlar\u0131n\u0131n yaranmas\u0131n\u0131n 100 illik yubileyi \u0259r\u0259f\u0259sind\u0259 \u201cD\u00f6vl\u0259t t\u0259hl\u00fck\u0259sizliyin t\u0259min olunmas\u0131nda g\u0259ncl\u0259rin rolu\u201d m\u00f6vzusunda konfrans ke\u00e7irilmi\u015fdir. Xidm\u0259tin m\u0259sul \u0259m\u0259kda\u015flar\u0131n\u0131n, akademiyan\u0131n professor-m\u00fc\u0259llim hey\u0259ti v\u0259 t\u0259l\u0259b\u0259l\u0259rinin i\u015ftirak etdikl\u0259ri konfrans\u0131 D\u0130A-n\u0131n rektoru, akademik Urxan \u018fl\u0259kb\u0259rov a\u00e7m\u0131\u015fd\u0131r. Rektor [&hellip;]<\/p>","protected":false},"author":2,"featured_media":11779,"comment_status":"closed","ping_status":"closed","sticky":false,"template":"","format":"standard","meta":[],"categories":[137],"tags":[],"_links":{"self":[{"href":"https:\/\/legacy.dia.edu.az\/en\/wp-json\/wp\/v2\/posts\/11778"}],"collection":[{"href":"https:\/\/legacy.dia.edu.az\/en\/wp-json\/wp\/v2\/posts"}],"about":[{"href":"https:\/\/legacy.dia.edu.az\/en\/wp-json\/wp\/v2\/types\/post"}],"author":[{"embeddable":true,"href":"https:\/\/legacy.dia.edu.az\/en\/wp-json\/wp\/v2\/users\/2"}],"replies":[{"embeddable":true,"href":"https:\/\/legacy.dia.edu.az\/en\/wp-json\/wp\/v2\/comments?post=11778"}],"version-history":[{"count":0,"href":"https:\/\/legacy.dia.edu.az\/en\/wp-json\/wp\/v2\/posts\/11778\/revisions"}],"wp:featuredmedia":[{"embeddable":true,"href":"https:\/\/legacy.dia.edu.az\/en\/wp-json\/wp\/v2\/media\/11779"}],"wp:attachment":[{"href":"https:\/\/legacy.dia.edu.az\/en\/wp-json\/wp\/v2\/media?parent=11778"}],"wp:term":[{"taxonomy":"category","embeddable":true,"href":"https:\/\/legacy.dia.edu.az\/en\/wp-json\/wp\/v2\/categories?post=11778"},{"taxonomy":"post_tag","embeddable":true,"href":"https:\/\/legacy.dia.edu.az\/en\/wp-json\/wp\/v2\/tags?post=11778"}],"curies":[{"name":"wp","href":"https:\/\/api.w.org\/{rel}","templated":true}]}}