{"id":11766,"date":"2019-03-13T20:23:00","date_gmt":"2019-03-13T17:23:00","guid":{"rendered":"https:\/\/dia.edu.az\/?p=11766"},"modified":"2021-03-14T20:25:02","modified_gmt":"2021-03-14T17:25:02","slug":"g%c9%99ncl%c9%99r-sektorunun-idar%c9%99-edilm%c9%99si-v%c9%99-g%c9%99ncl%c9%99r-siyas%c9%99tin%c9%99-dair-t%c9%99dris-proqrami-t%c9%99qdim-olunub","status":"publish","type":"post","link":"https:\/\/legacy.dia.edu.az\/en\/arxivl\u0259r\/11766","title":{"rendered":"G\u0259ncl\u0259r sektorunun idar\u0259 edilm\u0259si v\u0259 g\u0259ncl\u0259r siyas\u0259tin\u0259 dair t\u0259dris proqram\u0131 t\u0259qdim olunub"},"content":{"rendered":"<p><strong>G\u0259ncl\u0259r sektorunun idar\u0259 edilm\u0259si v\u0259 g\u0259ncl\u0259r siyas\u0259tin\u0259 dair t\u0259dris proqram\u0131 t\u0259qdim olunub<\/strong><br><em>Mart 13 , 2019 &#8211; 11:36<\/em><\/p>\n\n\n\n<p>Mart\u0131n 12-d\u0259 Az\u0259rbaycan Respublikas\u0131n\u0131n Prezidenti yan\u0131nda D\u00f6vl\u0259t \u0130dar\u0259\u00e7ilik Akademiyas\u0131nda (D\u0130A) \u201cG\u0259ncl\u0259r sektorunun idar\u0259 edilm\u0259si v\u0259 g\u0259ncl\u0259r siyas\u0259ti\u201d yeni magistr ixtisasla\u015fmas\u0131 \u00fczr\u0259 t\u0259dris proqram\u0131n\u0131n t\u0259qdimat\u0131 ke\u00e7irilib.<\/p>\n\n\n\n<p>T\u0259dris proqram\u0131n\u0131n haz\u0131rlanmas\u0131nda Az\u0259rbaycan Respublikas\u0131 Prezident Administrasiyas\u0131n\u0131n G\u0259ncl\u0259r siyas\u0259ti v\u0259 idman m\u0259s\u0259l\u0259l\u0259ri \u015f\u00f6b\u0259si, Az\u0259rbaycan Respublikas\u0131n\u0131n Prezidenti yan\u0131nda D\u00f6vl\u0259t \u0130dar\u0259\u00e7ilik Akademiyas\u0131, BMT-nin U\u015faq Fondu (UNICEF), T\u0259hsil Nazirliyi, G\u0259ncl\u0259r v\u0259 \u0130dman Nazirliyi, G\u0259ncl\u0259r Fondu, Az\u0259rbaycan Respublikas\u0131 G\u0259ncl\u0259r T\u0259\u015fkilatlar\u0131 Milli \u015euras\u0131n\u0131n m\u00fct\u0259x\u0259ssisl\u0259ri i\u015ftirak edibl\u0259r.<\/p>\n\n\n\n<p>T\u0259dbiri giri\u015f s\u00f6z\u00fc il\u0259 a\u00e7an D\u0130A-n\u0131n rektoru, akademik Urxan \u018fl\u0259kb\u0259rov proqram haqq\u0131nda geni\u015f m\u0259lumat verib. Bildirib ki, proqram\u0131n \u0259sas m\u0259qs\u0259di g\u0259ncl\u0259r sektorunun idar\u0259 edilm\u0259si, g\u0259ncl\u0259r siyas\u0259tini \u0259hat\u0259 ed\u0259n yeni modell\u0259rin m\u00fc\u0259yy\u0259nl\u0259\u015fdirilm\u0259si, bu sah\u0259d\u0259 beyn\u0259lxalq t\u0259cr\u00fcb\u0259nin \u00f6yr\u0259nilm\u0259si, Az\u0259rbaycan d\u00f6vl\u0259tinin g\u0259ncl\u0259r siyas\u0259tinin \u0259sas istiqam\u0259tl\u0259rinin innovativ idar\u0259 edilm\u0259si v\u0259 dig\u0259r m\u00f6vzularla ba\u011fl\u0131 bilikl\u0259rin \u00e7atd\u0131r\u0131lmas\u0131d\u0131r.<\/p>\n\n\n\n<p>Akademik Urxan \u018fl\u0259kb\u0259rov deyib: \u201cBeyn\u0259lxalq t\u0259\u015fkilatlarla layih\u0259l\u0259r 2 yer\u0259 b\u00f6l\u00fcn\u00fcr \u2013 proses\u0259 v\u0259 n\u0259tic\u0259y\u0259 y\u00f6n\u0259ldil\u0259n. Sevindirici hald\u0131r ki, bizim layih\u0259miz n\u0259tic\u0259y\u0259 y\u00f6n\u0259lib. T\u0259dbirimizin m\u0259qs\u0259di Az\u0259rbaycanda g\u0259ncl\u0259r siyas\u0259tinin t\u0259drisinin inki\u015faf\u0131na dair m\u00fczakir\u0259l\u0259r aparmaqd\u0131r. Az\u0259rbaycan\u0131n inki\u015faf\u0131n\u0131n davaml\u0131l\u0131\u011f\u0131n\u0131 t\u0259min etm\u0259k \u00fc\u00e7\u00fcn y\u00fcks\u0259k bilik v\u0259 bacar\u0131qlara malik g\u0259ncl\u0259r yeti\u015fdirm\u0259liyik. Bu bax\u0131mdan t\u0259qdimat\u0131 ke\u00e7iril\u0259n layih\u0259 x\u00fcsusi \u0259h\u0259miyy\u0259t da\u015f\u0131y\u0131r\u201d.<\/p>\n\n\n\n<p>BMT-nin U\u015faq Fondunun (UNICEF) Az\u0259rbaycan n\u00fcmay\u0259nd\u0259liyinin r\u0259hb\u0259rinin m\u00fcavini Min Yuan insan kapital\u0131n\u0131n inki\u015faf etdirilm\u0259sinin \u0259h\u0259miyy\u0259tind\u0259n dan\u0131\u015faraq deyib: \u201cAz\u0259rbaycan h\u00f6kum\u0259ti insan kapital\u0131n\u0131n inki\u015faf\u0131na \u00f6n\u0259m verir. Biz d\u0259 BMT-nin U\u015faq Fondu olaraq bu proses\u0259 \u00f6z t\u00f6hf\u0259mizi verm\u0259kd\u0259n \u00e7ox m\u0259mnunuq\u201d.<\/p>\n\n\n\n<p>Az\u0259rbaycan Respublikas\u0131 Prezidenti Administrasiyas\u0131n\u0131n g\u0259ncl\u0259r siyas\u0259ti v\u0259 idman m\u0259s\u0259l\u0259l\u0259ri \u015f\u00f6b\u0259sinin sektor m\u00fcdiri \u0130rfan Davudov qeyd edib ki, h\u0259r bir c\u0259miyy\u0259t u\u011furlu inki\u015faf\u0131 \u00fc\u00e7\u00fcn malik oldu\u011fu resurslardan s\u0259m\u0259r\u0259li istifad\u0259 etm\u0259yi bacarmal\u0131d\u0131r. \u0130nsan resurslar\u0131n\u0131n, x\u00fcsusil\u0259 d\u0259 g\u0259ncl\u0259rin inki\u015faf\u0131 vacib m\u0259s\u0259l\u0259dir, \u00e7\u00fcnki d\u00f6vl\u0259timizin g\u0259l\u0259c\u0259yi g\u0259ncl\u0259rin \u0259ll\u0259rind\u0259 olacaq. Prezident \u0130lham \u018fliyev g\u0259ncl\u0259rin h\u0259rt\u0259r\u0259fli inki\u015faf\u0131n\u0131 daim diqq\u0259t m\u0259rk\u0259zind\u0259 saxlay\u0131r.<\/p>\n\n\n\n<p>\u0130rfan Davudov t\u0259qdimat\u0131 ke\u00e7iril\u0259n magistr proqram\u0131n\u0131n g\u0259ncl\u0259r siyas\u0259tin\u0259 t\u00f6hf\u0259 ver\u0259c\u0259yin\u0259 \u0259minliyini bildirib.<\/p>\n\n\n\n<p>G\u0259ncl\u0259r v\u0259 \u0130dman Nazirliyinin \u015f\u00f6b\u0259 m\u00fcdiri \u0130ndira Hac\u0131yeva m\u00f6vzunun vacibliyini diqq\u0259t\u0259 \u00e7atd\u0131r\u0131b. Bildirib ki, g\u0259ncl\u0259rl\u0259 i\u015fl\u0259y\u0259n n\u0259z\u0259ri v\u0259 t\u0259cr\u00fcbi bilikl\u0259r\u0259 malik m\u00fct\u0259x\u0259ssisl\u0259r\u0259 ehtiyac var. \u00dcmid edir\u0259m ki, proqrama maraq g\u00f6zl\u0259nil\u0259nd\u0259n d\u0259 y\u00fcks\u0259k olacaq.<\/p>\n\n\n\n<p>T\u0259hsil Nazirliyinin \u0259m\u0259kda\u015f\u0131 V\u00fcsal\u0259 Qurbanova qeyd edib ki, proqram\u0131n haz\u0131rlanmas\u0131nda g\u0259ncl\u0259r siyas\u0259ti sah\u0259sin\u0259 aid olan r\u0259smi s\u0259n\u0259dl\u0259r toplan\u0131b, elektron sor\u011fu apar\u0131l\u0131b, sah\u0259nin indiki v\u0259ziyy\u0259ti t\u0259hlil edilib v\u0259 g\u00f6zl\u0259ntil\u0259r \u00f6yr\u0259nilib. Eyni zamanda, g\u0259ncl\u0259rl\u0259 i\u015f sah\u0259sind\u0259 \u00e7al\u0131\u015fan yerli v\u0259 xarici m\u00fct\u0259x\u0259ssisl\u0259rin fikirl\u0259ri v\u0259 t\u0259cr\u00fcb\u0259l\u0259ri n\u0259z\u0259r\u0259 al\u0131naraq t\u0259dris proqram\u0131 \u0259sas\u0131nda haz\u0131rlanacaq m\u00fct\u0259x\u0259ssisl\u0259rin sah\u0259 \u00fczr\u0259 t\u0259l\u0259b olunan \u0259sas s\u0259ri\u015ft\u0259l\u0259r\u0259 yiy\u0259l\u0259nm\u0259l\u0259ri n\u0259z\u0259rd\u0259 tutulub. T\u0259dris proqram\u0131 T\u0259hsil Nazirliyinin d\u0259st\u0259yi il\u0259 bir s\u0131ra universitetl\u0259r\u0259 \u201cG\u0259ncl\u0259r sektorunun idar\u0259 edilm\u0259si v\u0259 g\u0259ncl\u0259r siyas\u0259ti\u201d ixtisasla\u015fmas\u0131 \u00fc\u00e7\u00fcn t\u00f6vsiy\u0259 edilib.<\/p>\n\n\n\n<p>T\u0259dbir fikir m\u00fcbadil\u0259si il\u0259 davam edib, suallar cavabland\u0131r\u0131l\u0131b.<\/p>\n\n\n\n<figure class=\"wp-container-2 wp-block-gallery-1 wp-block-gallery columns-1 is-cropped\"><ul class=\"blocks-gallery-grid\"><li class=\"blocks-gallery-item\"><figure><img width=\"640\" height=\"426\" src=\"https:\/\/dia.edu.az\/wp-content\/uploads\/2021\/03\/1303.jpg\" alt=\"\" data-id=\"11767\" data-full-url=\"https:\/\/dia.edu.az\/wp-content\/uploads\/2021\/03\/1303.jpg\" data-link=\"https:\/\/dia.edu.az\/?attachment_id=11767\" class=\"wp-image-11767\" srcset=\"https:\/\/legacy.dia.edu.az\/wp-content\/uploads\/2021\/03\/1303.jpg 640w, https:\/\/legacy.dia.edu.az\/wp-content\/uploads\/2021\/03\/1303-300x200.jpg 300w, https:\/\/legacy.dia.edu.az\/wp-content\/uploads\/2021\/03\/1303-16x12.jpg 16w, https:\/\/legacy.dia.edu.az\/wp-content\/uploads\/2021\/03\/1303-150x100.jpg 150w, https:\/\/legacy.dia.edu.az\/wp-content\/uploads\/2021\/03\/1303-300x200@2x.jpg 600w\" sizes=\"(max-width: 640px) 100vw, 640px\" \/><\/figure><\/li><\/ul><\/figure>\n\n\n\n<p><\/p>","protected":false},"excerpt":{"rendered":"<p>G\u0259ncl\u0259r sektorunun idar\u0259 edilm\u0259si v\u0259 g\u0259ncl\u0259r siyas\u0259tin\u0259 dair t\u0259dris proqram\u0131 t\u0259qdim olunubMart 13 , 2019 &#8211; 11:36 Mart\u0131n 12-d\u0259 Az\u0259rbaycan Respublikas\u0131n\u0131n Prezidenti yan\u0131nda D\u00f6vl\u0259t \u0130dar\u0259\u00e7ilik Akademiyas\u0131nda (D\u0130A) \u201cG\u0259ncl\u0259r sektorunun idar\u0259 edilm\u0259si v\u0259 g\u0259ncl\u0259r siyas\u0259ti\u201d yeni magistr ixtisasla\u015fmas\u0131 \u00fczr\u0259 t\u0259dris proqram\u0131n\u0131n t\u0259qdimat\u0131 ke\u00e7irilib. T\u0259dris proqram\u0131n\u0131n haz\u0131rlanmas\u0131nda Az\u0259rbaycan Respublikas\u0131 Prezident Administrasiyas\u0131n\u0131n G\u0259ncl\u0259r siyas\u0259ti v\u0259 idman m\u0259s\u0259l\u0259l\u0259ri \u015f\u00f6b\u0259si, [&hellip;]<\/p>","protected":false},"author":2,"featured_media":11767,"comment_status":"closed","ping_status":"closed","sticky":false,"template":"","format":"standard","meta":[],"categories":[137],"tags":[],"_links":{"self":[{"href":"https:\/\/legacy.dia.edu.az\/en\/wp-json\/wp\/v2\/posts\/11766"}],"collection":[{"href":"https:\/\/legacy.dia.edu.az\/en\/wp-json\/wp\/v2\/posts"}],"about":[{"href":"https:\/\/legacy.dia.edu.az\/en\/wp-json\/wp\/v2\/types\/post"}],"author":[{"embeddable":true,"href":"https:\/\/legacy.dia.edu.az\/en\/wp-json\/wp\/v2\/users\/2"}],"replies":[{"embeddable":true,"href":"https:\/\/legacy.dia.edu.az\/en\/wp-json\/wp\/v2\/comments?post=11766"}],"version-history":[{"count":0,"href":"https:\/\/legacy.dia.edu.az\/en\/wp-json\/wp\/v2\/posts\/11766\/revisions"}],"wp:featuredmedia":[{"embeddable":true,"href":"https:\/\/legacy.dia.edu.az\/en\/wp-json\/wp\/v2\/media\/11767"}],"wp:attachment":[{"href":"https:\/\/legacy.dia.edu.az\/en\/wp-json\/wp\/v2\/media?parent=11766"}],"wp:term":[{"taxonomy":"category","embeddable":true,"href":"https:\/\/legacy.dia.edu.az\/en\/wp-json\/wp\/v2\/categories?post=11766"},{"taxonomy":"post_tag","embeddable":true,"href":"https:\/\/legacy.dia.edu.az\/en\/wp-json\/wp\/v2\/tags?post=11766"}],"curies":[{"name":"wp","href":"https:\/\/api.w.org\/{rel}","templated":true}]}}