{"id":11747,"date":"2019-03-18T20:11:00","date_gmt":"2019-03-18T17:11:00","guid":{"rendered":"https:\/\/dia.edu.az\/?p=11747"},"modified":"2021-03-14T20:13:54","modified_gmt":"2021-03-14T17:13:54","slug":"muasir-dovl%c9%99t-idar%c9%99ciliyinin-t%c9%99skilati-%c9%99saslari-15-il-innovativ-inkisaf-yollarinda-adli-kursu-t%c9%99skil-edilib","status":"publish","type":"post","link":"https:\/\/legacy.dia.edu.az\/en\/arxivl\u0259r\/11747","title":{"rendered":"\u201cM\u00fcasir d\u00f6vl\u0259t idar\u0259\u00e7iliyinin t\u0259\u015fkilati \u0259saslar\u0131: 15 il innovativ inki\u015faf yollar\u0131nda\u201d adl\u0131 kursu t\u0259\u015fkil edilib"},"content":{"rendered":"<p><strong>\u201cM\u00fcasir d\u00f6vl\u0259t idar\u0259\u00e7iliyinin t\u0259\u015fkilati \u0259saslar\u0131: 15 il innovativ inki\u015faf yollar\u0131nda\u201d adl\u0131 kursu t\u0259\u015fkil edilib<\/strong><br><em>Mart 18 , 2019 &#8211; 11:34<\/em><\/p>\n\n\n\n<p>Az\u0259rbaycan Respublikas\u0131n\u0131n Prezidenti yan\u0131nda D\u00f6vl\u0259t \u0130dar\u0259\u00e7ilik Akademiyas\u0131nda mart ay\u0131nda &nbsp;\u201cM\u00fcasir d\u00f6vl\u0259t idar\u0259\u00e7iliyinin t\u0259\u015fkilati \u0259saslar\u0131: 15 il innovativ inki\u015faf yollar\u0131nda\u201d istiqam\u0259ti \u00fczr\u0259q\u0131sam\u00fcdd\u0259tli&nbsp; ixtisasart\u0131rma kursu ke\u00e7irilmi\u015fdir. Kursa d\u00f6vl\u0259t orqanlar\u0131nda \u00e7al\u0131\u015fan d\u00f6vl\u0259t qulluq\u00e7ular\u0131 c\u0259lb edilmi\u015fdir.<\/p>\n\n\n\n<p>&nbsp;&nbsp;&nbsp;&nbsp; &nbsp;&nbsp;&nbsp; \u201cM\u00fcasir d\u00f6vl\u0259t idar\u0259\u00e7iliyinin t\u0259\u015fkilati \u0259saslar\u0131: 15 il innovativ inki\u015faf yollar\u0131nda\u201d istiqam\u0259tind\u0259 kursun \u0259sas m\u0259qs\u0259di D\u00f6vl\u0259t idar\u0259\u00e7iliyind\u0259 innovativ texnologiyalar: Az\u0259rbaycan Respublikas\u0131n\u0131n t\u0259cr\u00fcb\u0259si, d\u00fcnyada v\u0259 b\u00f6lg\u0259d\u0259 yeni t\u0259hl\u00fck\u0259sizlik m\u00fchitinin formala\u015fmas\u0131naAz\u0259rbaycan Respublikas\u0131n\u0131n t\u00f6hf\u0259si, D\u00f6vl\u0259t qulluq\u00e7ular\u0131n\u0131n m\u0259n\u0259vi \u0259xlaqi kefiyy\u0259tl\u0259ri v\u0259 s. probleml\u0259rl\u0259&nbsp; ba\u011fl\u0131 bilikl\u0259rin dinl\u0259yicil\u0259r\u0259 \u00e7atd\u0131r\u0131lmas\u0131 v\u0259 onlar il\u0259 fikir m\u00fcbadil\u0259sinin apar\u0131lmas\u0131 idi.<\/p>\n\n\n\n<p>&nbsp;&nbsp;&nbsp;&nbsp;&nbsp;&nbsp;&nbsp;&nbsp; Kurs \u0259rzind\u0259 \u201cM\u00fcasir d\u00f6vl\u0259t idar\u0259\u00e7iliyinin t\u0259\u015fkilati \u0259saslar\u0131: 15 il innovativ inki\u015faf yollar\u0131nda\u201d istiqam\u0259ti \u00fczr\u0259<strong>&nbsp;&#8211;<\/strong>&nbsp;D\u00f6vl\u0259t \u0130dar\u0259\u00e7ilik Akademiyas\u0131n\u0131n rektoru akademik Urxan \u018fl\u0259kb\u0259rov, I- prorektoru professor \u018flikram Abdullayev, Siyasi ara\u015fd\u0131rmalar institutunun direktoru, mill\u0259t v\u0259kili, professor Elman N\u0259sirov, D\u00f6vl\u0259t qullu\u011fu v\u0259 kadr siyas\u0259ti kafedras\u0131n\u0131n m\u00fc\u0259llimi, mill\u0259t v\u0259kili Ayd\u0131n Mirz\u0259zad\u0259, Prezidenti Administrasiyasinin Strateji ara\u015fd\u0131rma v\u0259 planla\u015fd\u0131rma \u015f\u00f6b\u0259sinin apar\u0131c\u0131 m\u0259sl\u0259h\u0259t\u00e7isi Tural \u018fliyev, Siyasi idar\u0259etm\u0259 fak\u00fclt\u0259sinin dekan\u0131 professor El\u00e7in \u018fhm\u0259dov, Analitika v\u0259 t\u0259hsilin informasiya t\u0259minat\u0131 \u015f\u00f6b\u0259sinin m\u00fcdiri professor Ziyaf\u0259t H\u0259bibova, Elmi-t\u0259\u015fkilat v\u0259 beyn\u0259lxalq \u0259laq\u0259l\u0259r \u015f\u00f6b\u0259sinin m\u00fcdiri dosent R\u0259c\u0259b R\u0259himli, D\u00f6vl\u0259t qullu\u011fu v\u0259 kadr siyas\u0259ti kafedras\u0131n\u0131n m\u00fc\u0259llimi Elnur \u018fliyevv\u0259 dig\u0259rl\u0259ri m\u00fcxt\u0259lif m\u00f6vzularda m\u00fchazir\u0259l\u0259rl\u0259 \u00e7\u0131x\u0131\u015f edibl\u0259r.<\/p>\n\n\n\n<p>\u00a0\u00a0\u00a0\u00a0 \u00a0\u00a0\u00a0 Kursun sonunda Akademiyan\u0131n rektoru akademik Urxan \u018fl\u0259kb\u0259rov v\u0259 Akademiyan\u0131n I prorektoru professor \u018flikram Abdullayev\u00a0 dinl\u0259yicil\u0259r qar\u015f\u0131s\u0131nda \u00e7\u0131x\u0131\u015f etmi\u015f v\u0259 onlara kursu m\u00fcv\u0259ff\u0259qiyy\u0259tl\u0259 bitirdikl\u0259rin\u0259 g\u00f6r\u0259 sertifikatlar t\u0259qdim ed\u0259r\u0259k\u00a0\u00a0 g\u0259l\u0259c\u0259k i\u015fl\u0259rind\u0259 u\u011furlar arzu edibl\u0259r.<\/p>\n\n\n\n<figure class=\"wp-container-2 wp-block-gallery-1 wp-block-gallery columns-3 is-cropped\"><ul class=\"blocks-gallery-grid\"><li class=\"blocks-gallery-item\"><figure><img width=\"640\" height=\"424\" src=\"https:\/\/dia.edu.az\/wp-content\/uploads\/2021\/03\/1-72.jpg\" alt=\"\" data-id=\"11748\" data-full-url=\"https:\/\/dia.edu.az\/wp-content\/uploads\/2021\/03\/1-72.jpg\" data-link=\"https:\/\/dia.edu.az\/?attachment_id=11748\" class=\"wp-image-11748\" srcset=\"https:\/\/legacy.dia.edu.az\/wp-content\/uploads\/2021\/03\/1-72.jpg 640w, https:\/\/legacy.dia.edu.az\/wp-content\/uploads\/2021\/03\/1-72-300x199.jpg 300w, https:\/\/legacy.dia.edu.az\/wp-content\/uploads\/2021\/03\/1-72-16x12.jpg 16w, https:\/\/legacy.dia.edu.az\/wp-content\/uploads\/2021\/03\/1-72-150x100.jpg 150w, https:\/\/legacy.dia.edu.az\/wp-content\/uploads\/2021\/03\/1-72-300x199@2x.jpg 600w\" sizes=\"(max-width: 640px) 100vw, 640px\" \/><\/figure><\/li><li class=\"blocks-gallery-item\"><figure><img width=\"640\" height=\"424\" src=\"https:\/\/dia.edu.az\/wp-content\/uploads\/2021\/03\/AAA_7326.jpg\" alt=\"\" data-id=\"11749\" data-full-url=\"https:\/\/dia.edu.az\/wp-content\/uploads\/2021\/03\/AAA_7326.jpg\" data-link=\"https:\/\/dia.edu.az\/?attachment_id=11749\" class=\"wp-image-11749\" srcset=\"https:\/\/legacy.dia.edu.az\/wp-content\/uploads\/2021\/03\/AAA_7326.jpg 640w, https:\/\/legacy.dia.edu.az\/wp-content\/uploads\/2021\/03\/AAA_7326-300x199.jpg 300w, https:\/\/legacy.dia.edu.az\/wp-content\/uploads\/2021\/03\/AAA_7326-16x12.jpg 16w, https:\/\/legacy.dia.edu.az\/wp-content\/uploads\/2021\/03\/AAA_7326-150x100.jpg 150w, https:\/\/legacy.dia.edu.az\/wp-content\/uploads\/2021\/03\/AAA_7326-300x199@2x.jpg 600w\" sizes=\"(max-width: 640px) 100vw, 640px\" \/><\/figure><\/li><li class=\"blocks-gallery-item\"><figure><img width=\"640\" height=\"424\" src=\"https:\/\/dia.edu.az\/wp-content\/uploads\/2021\/03\/AAA_7338.jpg\" alt=\"\" data-id=\"11750\" data-full-url=\"https:\/\/dia.edu.az\/wp-content\/uploads\/2021\/03\/AAA_7338.jpg\" data-link=\"https:\/\/dia.edu.az\/?attachment_id=11750\" class=\"wp-image-11750\" srcset=\"https:\/\/legacy.dia.edu.az\/wp-content\/uploads\/2021\/03\/AAA_7338.jpg 640w, https:\/\/legacy.dia.edu.az\/wp-content\/uploads\/2021\/03\/AAA_7338-300x199.jpg 300w, https:\/\/legacy.dia.edu.az\/wp-content\/uploads\/2021\/03\/AAA_7338-16x12.jpg 16w, https:\/\/legacy.dia.edu.az\/wp-content\/uploads\/2021\/03\/AAA_7338-150x100.jpg 150w, https:\/\/legacy.dia.edu.az\/wp-content\/uploads\/2021\/03\/AAA_7338-300x199@2x.jpg 600w\" sizes=\"(max-width: 640px) 100vw, 640px\" \/><\/figure><\/li><li class=\"blocks-gallery-item\"><figure><img width=\"640\" height=\"424\" src=\"https:\/\/dia.edu.az\/wp-content\/uploads\/2021\/03\/AAA_7399.jpg\" alt=\"\" data-id=\"11751\" data-full-url=\"https:\/\/dia.edu.az\/wp-content\/uploads\/2021\/03\/AAA_7399.jpg\" data-link=\"https:\/\/dia.edu.az\/?attachment_id=11751\" class=\"wp-image-11751\" srcset=\"https:\/\/legacy.dia.edu.az\/wp-content\/uploads\/2021\/03\/AAA_7399.jpg 640w, https:\/\/legacy.dia.edu.az\/wp-content\/uploads\/2021\/03\/AAA_7399-300x199.jpg 300w, https:\/\/legacy.dia.edu.az\/wp-content\/uploads\/2021\/03\/AAA_7399-16x12.jpg 16w, https:\/\/legacy.dia.edu.az\/wp-content\/uploads\/2021\/03\/AAA_7399-150x100.jpg 150w, https:\/\/legacy.dia.edu.az\/wp-content\/uploads\/2021\/03\/AAA_7399-300x199@2x.jpg 600w\" sizes=\"(max-width: 640px) 100vw, 640px\" \/><\/figure><\/li><li class=\"blocks-gallery-item\"><figure><img width=\"640\" height=\"424\" src=\"https:\/\/dia.edu.az\/wp-content\/uploads\/2021\/03\/AAA_7405.jpg\" alt=\"\" data-id=\"11752\" data-full-url=\"https:\/\/dia.edu.az\/wp-content\/uploads\/2021\/03\/AAA_7405.jpg\" data-link=\"https:\/\/dia.edu.az\/?attachment_id=11752\" class=\"wp-image-11752\" srcset=\"https:\/\/legacy.dia.edu.az\/wp-content\/uploads\/2021\/03\/AAA_7405.jpg 640w, https:\/\/legacy.dia.edu.az\/wp-content\/uploads\/2021\/03\/AAA_7405-300x199.jpg 300w, https:\/\/legacy.dia.edu.az\/wp-content\/uploads\/2021\/03\/AAA_7405-16x12.jpg 16w, https:\/\/legacy.dia.edu.az\/wp-content\/uploads\/2021\/03\/AAA_7405-150x100.jpg 150w, https:\/\/legacy.dia.edu.az\/wp-content\/uploads\/2021\/03\/AAA_7405-300x199@2x.jpg 600w\" sizes=\"(max-width: 640px) 100vw, 640px\" \/><\/figure><\/li><li class=\"blocks-gallery-item\"><figure><img width=\"640\" height=\"424\" src=\"https:\/\/dia.edu.az\/wp-content\/uploads\/2021\/03\/AAA_7414.jpg\" alt=\"\" data-id=\"11753\" data-full-url=\"https:\/\/dia.edu.az\/wp-content\/uploads\/2021\/03\/AAA_7414.jpg\" data-link=\"https:\/\/dia.edu.az\/?attachment_id=11753\" class=\"wp-image-11753\" srcset=\"https:\/\/legacy.dia.edu.az\/wp-content\/uploads\/2021\/03\/AAA_7414.jpg 640w, https:\/\/legacy.dia.edu.az\/wp-content\/uploads\/2021\/03\/AAA_7414-300x199.jpg 300w, https:\/\/legacy.dia.edu.az\/wp-content\/uploads\/2021\/03\/AAA_7414-16x12.jpg 16w, https:\/\/legacy.dia.edu.az\/wp-content\/uploads\/2021\/03\/AAA_7414-150x100.jpg 150w, https:\/\/legacy.dia.edu.az\/wp-content\/uploads\/2021\/03\/AAA_7414-300x199@2x.jpg 600w\" sizes=\"(max-width: 640px) 100vw, 640px\" \/><\/figure><\/li><\/ul><\/figure>","protected":false},"excerpt":{"rendered":"<p>\u201cM\u00fcasir d\u00f6vl\u0259t idar\u0259\u00e7iliyinin t\u0259\u015fkilati \u0259saslar\u0131: 15 il innovativ inki\u015faf yollar\u0131nda\u201d adl\u0131 kursu t\u0259\u015fkil edilibMart 18 , 2019 &#8211; 11:34 Az\u0259rbaycan Respublikas\u0131n\u0131n Prezidenti yan\u0131nda D\u00f6vl\u0259t \u0130dar\u0259\u00e7ilik Akademiyas\u0131nda mart ay\u0131nda &nbsp;\u201cM\u00fcasir d\u00f6vl\u0259t idar\u0259\u00e7iliyinin t\u0259\u015fkilati \u0259saslar\u0131: 15 il innovativ inki\u015faf yollar\u0131nda\u201d istiqam\u0259ti \u00fczr\u0259q\u0131sam\u00fcdd\u0259tli&nbsp; ixtisasart\u0131rma kursu ke\u00e7irilmi\u015fdir. Kursa d\u00f6vl\u0259t orqanlar\u0131nda \u00e7al\u0131\u015fan d\u00f6vl\u0259t qulluq\u00e7ular\u0131 c\u0259lb edilmi\u015fdir. &nbsp;&nbsp;&nbsp;&nbsp; &nbsp;&nbsp;&nbsp; \u201cM\u00fcasir d\u00f6vl\u0259t [&hellip;]<\/p>","protected":false},"author":2,"featured_media":11748,"comment_status":"closed","ping_status":"closed","sticky":false,"template":"","format":"standard","meta":[],"categories":[137],"tags":[],"_links":{"self":[{"href":"https:\/\/legacy.dia.edu.az\/en\/wp-json\/wp\/v2\/posts\/11747"}],"collection":[{"href":"https:\/\/legacy.dia.edu.az\/en\/wp-json\/wp\/v2\/posts"}],"about":[{"href":"https:\/\/legacy.dia.edu.az\/en\/wp-json\/wp\/v2\/types\/post"}],"author":[{"embeddable":true,"href":"https:\/\/legacy.dia.edu.az\/en\/wp-json\/wp\/v2\/users\/2"}],"replies":[{"embeddable":true,"href":"https:\/\/legacy.dia.edu.az\/en\/wp-json\/wp\/v2\/comments?post=11747"}],"version-history":[{"count":0,"href":"https:\/\/legacy.dia.edu.az\/en\/wp-json\/wp\/v2\/posts\/11747\/revisions"}],"wp:featuredmedia":[{"embeddable":true,"href":"https:\/\/legacy.dia.edu.az\/en\/wp-json\/wp\/v2\/media\/11748"}],"wp:attachment":[{"href":"https:\/\/legacy.dia.edu.az\/en\/wp-json\/wp\/v2\/media?parent=11747"}],"wp:term":[{"taxonomy":"category","embeddable":true,"href":"https:\/\/legacy.dia.edu.az\/en\/wp-json\/wp\/v2\/categories?post=11747"},{"taxonomy":"post_tag","embeddable":true,"href":"https:\/\/legacy.dia.edu.az\/en\/wp-json\/wp\/v2\/tags?post=11747"}],"curies":[{"name":"wp","href":"https:\/\/api.w.org\/{rel}","templated":true}]}}