{"id":11535,"date":"2019-03-27T12:06:00","date_gmt":"2019-03-27T09:06:00","guid":{"rendered":"https:\/\/dia.edu.az\/?p=11535"},"modified":"2021-03-13T12:07:57","modified_gmt":"2021-03-13T09:07:57","slug":"dia-t%c9%99l%c9%99b%c9%99l%c9%99ri-sohr%c9%99t-muzeyin%c9%99-ekskursiya-edibl%c9%99r","status":"publish","type":"post","link":"https:\/\/legacy.dia.edu.az\/en\/arxivl\u0259r\/11535","title":{"rendered":"D\u0130A t\u0259l\u0259b\u0259l\u0259ri &#8220;\u015e\u00f6hr\u0259t&#8221; muzeyin\u0259 ekskursiya edibl\u0259r"},"content":{"rendered":"<p><strong>D\u0130A t\u0259l\u0259b\u0259l\u0259ri &#8220;\u015e\u00f6hr\u0259t&#8221; muzeyin\u0259 ekskursiya edibl\u0259r<\/strong><br><em>Mart 27 , 2019 &#8211; 11:33<\/em><\/p>\n\n\n\n<p>Az\u0259rbaycan Respublikas\u0131n\u0131n Prezidenti yan\u0131nda D\u00f6vl\u0259t \u0130dar\u0259\u00e7ilik Akademiyas\u0131n\u0131n t\u0259l\u0259b\u0259 g\u0259ncl\u0259rinin Az\u0259rbaycan Respublikas\u0131n\u0131n D\u00f6vl\u0259t T\u0259hl\u00fck\u0259sizliyi Xidm\u0259tinin Heyd\u0259r \u018fliyev ad\u0131na Akademiyas\u0131n\u0131n &#8220;\u015e\u00f6hr\u0259t&#8221; muzeyin\u0259 ekskursiyas\u0131 t\u0259\u015fkil edilmi\u015fdir.<\/p>\n\n\n\n<p>Muzeyin \u0259m\u0259kda\u015flar\u0131 t\u0259r\u0259find\u0259n ekskursiya zaman\u0131 ziyar\u0259t\u00e7il\u0259r\u0259 bildirildi ki, Az\u0259rbaycan Respublikas\u0131 D\u00f6vl\u0259t T\u0259hl\u00fck\u0259sizliyi Xidm\u0259tinin Heyd\u0259r \u018fliyev ad\u0131na Akademiyas\u0131n\u0131n &#8220;\u015e\u00f6hr\u0259t&#8221; muzeyi \u00dcmummilli Lider Heyd\u0259r \u018fliyevin xatir\u0259sini \u0259b\u0259dil\u0259\u015fdirm\u0259k, h\u0259yat v\u0259 f\u0259aliyy\u0259tinin, n\u0259sill\u0259r\u0259 \u00f6rn\u0259k olan m\u0259nal\u0131 \u00f6m\u00fcr yolunun v\u0259 irsinin \u00f6yr\u0259nilm\u0259sini, g\u0259l\u0259c\u0259k n\u0259sill\u0259r\u0259 \u00e7atd\u0131r\u0131lmas\u0131n\u0131, Az\u0259rbaycan g\u0259ncliyinin Heyd\u0259r \u018fliyev amallar\u0131na s\u0259daq\u0259t ruhunda t\u0259rbiy\u0259 olunmas\u0131n\u0131 t\u0259min etm\u0259k m\u0259qs\u0259dil\u0259 yarad\u0131lm\u0131\u015fd\u0131r.&nbsp;<\/p>\n\n\n\n<p>Muzeyd\u0259 dahi \u015f\u0259xsiyy\u0259tin \u00f6rn\u0259k \u00f6m\u00fcr yolunu dol\u011fun v\u0259 \u0259trafl\u0131 \u00e7atd\u0131ran d\u0259y\u0259rli ekspozisiyalar \u015f\u0259rti olaraq d\u00f6rd m\u0259rh\u0259l\u0259ni \u0259hat\u0259 edir.<br>Ekspozisiya il\u0259 tan\u0131\u015fl\u0131q zaman\u0131 g\u0259ncl\u0259rin suallar\u0131 cavabland\u0131r\u0131ld\u0131. \u00dcmummilli lider Heyd\u0259r \u018fliyevin muzey qar\u015f\u0131s\u0131nda ucald\u0131lm\u0131\u015f abid\u0259si ziyar\u0259t edilib.<\/p>\n\n\n\n<figure class=\"wp-container-2 wp-block-gallery-1 wp-block-gallery columns-3 is-cropped\"><ul class=\"blocks-gallery-grid\"><li class=\"blocks-gallery-item\"><figure><img width=\"640\" height=\"424\" src=\"https:\/\/dia.edu.az\/wp-content\/uploads\/2021\/03\/27.03.jpg\" alt=\"\" data-id=\"11536\" data-link=\"https:\/\/dia.edu.az\/?attachment_id=11536\" class=\"wp-image-11536\" srcset=\"https:\/\/legacy.dia.edu.az\/wp-content\/uploads\/2021\/03\/27.03.jpg 640w, https:\/\/legacy.dia.edu.az\/wp-content\/uploads\/2021\/03\/27.03-300x199.jpg 300w, https:\/\/legacy.dia.edu.az\/wp-content\/uploads\/2021\/03\/27.03-16x12.jpg 16w, https:\/\/legacy.dia.edu.az\/wp-content\/uploads\/2021\/03\/27.03-150x100.jpg 150w, https:\/\/legacy.dia.edu.az\/wp-content\/uploads\/2021\/03\/27.03-300x199@2x.jpg 600w\" sizes=\"(max-width: 640px) 100vw, 640px\" \/><\/figure><\/li><li class=\"blocks-gallery-item\"><figure><img width=\"640\" height=\"424\" src=\"https:\/\/dia.edu.az\/wp-content\/uploads\/2021\/03\/27.0319.jpg\" alt=\"\" data-id=\"11537\" data-link=\"https:\/\/dia.edu.az\/?attachment_id=11537\" class=\"wp-image-11537\" srcset=\"https:\/\/legacy.dia.edu.az\/wp-content\/uploads\/2021\/03\/27.0319.jpg 640w, https:\/\/legacy.dia.edu.az\/wp-content\/uploads\/2021\/03\/27.0319-300x199.jpg 300w, https:\/\/legacy.dia.edu.az\/wp-content\/uploads\/2021\/03\/27.0319-16x12.jpg 16w, https:\/\/legacy.dia.edu.az\/wp-content\/uploads\/2021\/03\/27.0319-150x100.jpg 150w, https:\/\/legacy.dia.edu.az\/wp-content\/uploads\/2021\/03\/27.0319-300x199@2x.jpg 600w\" sizes=\"(max-width: 640px) 100vw, 640px\" \/><\/figure><\/li><li class=\"blocks-gallery-item\"><figure><img width=\"960\" height=\"675\" src=\"https:\/\/dia.edu.az\/wp-content\/uploads\/2021\/03\/270319.jpg\" alt=\"\" data-id=\"11538\" data-full-url=\"https:\/\/dia.edu.az\/wp-content\/uploads\/2021\/03\/270319.jpg\" data-link=\"https:\/\/dia.edu.az\/?attachment_id=11538\" class=\"wp-image-11538\" srcset=\"https:\/\/legacy.dia.edu.az\/wp-content\/uploads\/2021\/03\/270319.jpg 960w, https:\/\/legacy.dia.edu.az\/wp-content\/uploads\/2021\/03\/270319-300x211.jpg 300w, https:\/\/legacy.dia.edu.az\/wp-content\/uploads\/2021\/03\/270319-16x12.jpg 16w, https:\/\/legacy.dia.edu.az\/wp-content\/uploads\/2021\/03\/270319-300x211@2x.jpg 600w\" sizes=\"(max-width: 960px) 100vw, 960px\" \/><\/figure><\/li><\/ul><\/figure>","protected":false},"excerpt":{"rendered":"<p>D\u0130A t\u0259l\u0259b\u0259l\u0259ri &#8220;\u015e\u00f6hr\u0259t&#8221; muzeyin\u0259 ekskursiya edibl\u0259rMart 27 , 2019 &#8211; 11:33 Az\u0259rbaycan Respublikas\u0131n\u0131n Prezidenti yan\u0131nda D\u00f6vl\u0259t \u0130dar\u0259\u00e7ilik Akademiyas\u0131n\u0131n t\u0259l\u0259b\u0259 g\u0259ncl\u0259rinin Az\u0259rbaycan Respublikas\u0131n\u0131n D\u00f6vl\u0259t T\u0259hl\u00fck\u0259sizliyi Xidm\u0259tinin Heyd\u0259r \u018fliyev ad\u0131na Akademiyas\u0131n\u0131n &#8220;\u015e\u00f6hr\u0259t&#8221; muzeyin\u0259 ekskursiyas\u0131 t\u0259\u015fkil edilmi\u015fdir. Muzeyin \u0259m\u0259kda\u015flar\u0131 t\u0259r\u0259find\u0259n ekskursiya zaman\u0131 ziyar\u0259t\u00e7il\u0259r\u0259 bildirildi ki, Az\u0259rbaycan Respublikas\u0131 D\u00f6vl\u0259t T\u0259hl\u00fck\u0259sizliyi Xidm\u0259tinin Heyd\u0259r \u018fliyev ad\u0131na Akademiyas\u0131n\u0131n &#8220;\u015e\u00f6hr\u0259t&#8221; muzeyi \u00dcmummilli Lider [&hellip;]<\/p>","protected":false},"author":2,"featured_media":11538,"comment_status":"closed","ping_status":"closed","sticky":false,"template":"","format":"standard","meta":[],"categories":[137],"tags":[],"_links":{"self":[{"href":"https:\/\/legacy.dia.edu.az\/en\/wp-json\/wp\/v2\/posts\/11535"}],"collection":[{"href":"https:\/\/legacy.dia.edu.az\/en\/wp-json\/wp\/v2\/posts"}],"about":[{"href":"https:\/\/legacy.dia.edu.az\/en\/wp-json\/wp\/v2\/types\/post"}],"author":[{"embeddable":true,"href":"https:\/\/legacy.dia.edu.az\/en\/wp-json\/wp\/v2\/users\/2"}],"replies":[{"embeddable":true,"href":"https:\/\/legacy.dia.edu.az\/en\/wp-json\/wp\/v2\/comments?post=11535"}],"version-history":[{"count":0,"href":"https:\/\/legacy.dia.edu.az\/en\/wp-json\/wp\/v2\/posts\/11535\/revisions"}],"wp:featuredmedia":[{"embeddable":true,"href":"https:\/\/legacy.dia.edu.az\/en\/wp-json\/wp\/v2\/media\/11538"}],"wp:attachment":[{"href":"https:\/\/legacy.dia.edu.az\/en\/wp-json\/wp\/v2\/media?parent=11535"}],"wp:term":[{"taxonomy":"category","embeddable":true,"href":"https:\/\/legacy.dia.edu.az\/en\/wp-json\/wp\/v2\/categories?post=11535"},{"taxonomy":"post_tag","embeddable":true,"href":"https:\/\/legacy.dia.edu.az\/en\/wp-json\/wp\/v2\/tags?post=11535"}],"curies":[{"name":"wp","href":"https:\/\/api.w.org\/{rel}","templated":true}]}}