{"id":11527,"date":"2019-03-29T12:04:00","date_gmt":"2019-03-29T09:04:00","guid":{"rendered":"https:\/\/dia.edu.az\/?p=11527"},"modified":"2021-03-13T12:04:50","modified_gmt":"2021-03-13T09:04:50","slug":"dovl%c9%99t-idar%c9%99cilik-akademiyasinda-az%c9%99rbaycanlilarin-soyqirimi-gunun%c9%99-h%c9%99sr-olunan-konfrans-kecirilib","status":"publish","type":"post","link":"https:\/\/legacy.dia.edu.az\/en\/arxivl\u0259r\/11527","title":{"rendered":"D\u00f6vl\u0259t \u0130dar\u0259\u00e7ilik Akademiyas\u0131nda Az\u0259rbaycanl\u0131lar\u0131n Soyq\u0131r\u0131m\u0131 G\u00fcn\u00fcn\u0259 h\u0259sr olunan konfrans ke\u00e7irilib"},"content":{"rendered":"<p><strong>D\u00f6vl\u0259t \u0130dar\u0259\u00e7ilik Akademiyas\u0131nda Az\u0259rbaycanl\u0131lar\u0131n Soyq\u0131r\u0131m\u0131 G\u00fcn\u00fcn\u0259 h\u0259sr olunan konfrans ke\u00e7irilib<\/strong><br><em>Mart 29 , 2019 &#8211; 11:16<\/em><\/p>\n\n\n\n<p>Az\u0259rbaycanRespublikas\u0131n\u0131nPrezidentiyan\u0131ndaD\u00f6vl\u0259t&nbsp;\u0130dar\u0259\u00e7ilikAkademiyas\u0131nda&nbsp;(D\u0130A) 31&nbsp;mart&nbsp;&#8211;&nbsp;Az\u0259rbaycanl\u0131lar\u0131nSoyq\u0131r\u0131m\u0131&nbsp;G\u00fcn\u00fc&nbsp;il\u0259 \u0259laq\u0259dar&nbsp;\u201cAz\u0259rbaycanl\u0131laraqar\u015f\u0131&nbsp;etnikt\u0259mizl\u0259m\u0259&nbsp;v\u0259&nbsp;soyq\u0131r\u0131m\u0131&nbsp;cinay\u0259tl\u0259ri\u201d&nbsp;m\u00f6vzusundaelmi-praktikkonfranske\u00e7irilib.<\/p>\n\n\n\n<p>T\u0259dbird\u0259 \u00e7\u0131x\u0131\u015f&nbsp;ed\u0259nD\u0130A-n\u0131nrektoru,&nbsp;akademikUrxan&nbsp;\u018fl\u0259kb\u0259rovzaman-zamanerm\u0259nil\u0259rt\u0259r\u0259find\u0259nxalq\u0131m\u0131zaqar\u015f\u0131&nbsp;h\u0259yatake\u00e7iril\u0259ndeportasiyav\u0259&nbsp;soyq\u0131r\u0131m\u0131&nbsp;siyas\u0259tind\u0259ndan\u0131\u015f\u0131b,&nbsp;b\u00fct\u00fcnd\u00f6vrl\u0259rd\u0259&nbsp;h\u0259rbiraz\u0259rbaycanl\u0131&nbsp;ail\u0259sininbudeportasiyav\u0259&nbsp;soyq\u0131r\u0131m\u0131nam\u0259ruzqald\u0131\u011f\u0131n\u0131&nbsp;bildirib.&nbsp;O, erm\u0259ni mill\u0259t\u00e7il\u0259rinin m\u0259nfur niyy\u0259tl\u0259rini, t\u00f6r\u0259tdikl\u0259ri hadis\u0259l\u0259ri faktlarla diqq\u0259t\u0259 \u00e7atd\u0131r\u0131b.<\/p>\n\n\n\n<p>Rektor bildirib ki, erm\u0259nil\u0259rin az\u0259rbaycanl\u0131lara qar\u015f\u0131 b\u00fct\u00fcn d\u00f6vrl\u0259rd\u0259 t\u00f6r\u0259tdikl\u0259ri soyq\u0131r\u0131m\u0131na \u00fcmummilli lider Heyd\u0259r \u018fliyevin 1998-ci il 26 mart tarixli F\u0259rman\u0131 il\u0259 siyasi qiym\u0259t verilib, mart\u0131n 31-i Az\u0259rbaycanl\u0131lar\u0131n Soyq\u0131r\u0131m\u0131 G\u00fcn\u00fc elan edilib. Akademik Urxan \u018fl\u0259kb\u0259rov son ill\u0259rd\u0259 erm\u0259ni t\u0259cav\u00fcz\u00fcn\u00fcn n\u0259tic\u0259l\u0259ri, Az\u0259rbaycan\u0131n \u0259z\u0259li torpaqlar\u0131nda Erm\u0259nistan d\u00f6vl\u0259tinin yarad\u0131lmas\u0131, xalq\u0131m\u0131z\u0131n milli m\u0259d\u0259niyy\u0259t n\u00fcmun\u0259l\u0259rinin, toponiml\u0259rimizin \u00f6z\u00fcn\u00fcnk\u00fcl\u0259\u015fdirilm\u0259si bar\u0259d\u0259 tarixi faktlara \u0259saslanan qiym\u0259tli \u0259s\u0259rl\u0259rin \u00e7ap olunmas\u0131n\u0131n \u0259h\u0259miyy\u0259tini qeyd edib.<\/p>\n\n\n\n<p>Urxan \u018fl\u0259kb\u0259rov tariximizin \u00f6yr\u0259nilm\u0259sind\u0259, erm\u0259nil\u0259rin b\u00fct\u00fcn d\u00f6vrl\u0259rd\u0259 xalq\u0131m\u0131za qar\u015f\u0131 h\u0259yata ke\u00e7irdikl\u0259ri m\u0259nfur siyas\u0259tinin g\u0259nc n\u0259sl\u0259 \u00e7atd\u0131r\u0131lmas\u0131nda bu c\u00fcr konfranslar\u0131n ke\u00e7irilm\u0259sinin b\u00f6y\u00fck \u0259h\u0259miyy\u0259t da\u015f\u0131d\u0131\u011f\u0131n\u0131 bildirib, g\u0259ncl\u0259r\u0259 tariximizi unutmama\u011f\u0131 t\u00f6vsiy\u0259 edib.<\/p>\n\n\n\n<p>D\u0130A-n\u0131n siyasi idar\u0259etm\u0259 fak\u00fclt\u0259sinin dekan\u0131, siyasi elml\u0259r doktoru, professor El\u00e7in \u018fhm\u0259dov bildirib ki, 1918-ci ilin mart soyq\u0131r\u0131m\u0131 erm\u0259ni mill\u0259t\u00e7il\u0259rinin planl\u0131 \u015f\u0259kild\u0259 h\u0259yata ke\u00e7irdiyi vandalizm akt\u0131d\u0131r. Son 200 ild\u0259 xalq\u0131m\u0131za qar\u015f\u0131 erm\u0259ni mill\u0259t\u00e7il\u0259ri t\u0259r\u0259find\u0259n m\u0259qs\u0259dy\u00f6nl\u00fc \u015f\u0259kild\u0259 apar\u0131lan etnik t\u0259mizl\u0259m\u0259, soyq\u0131r\u0131m\u0131 v\u0259 t\u0259cav\u00fczkar siyas\u0259t Az\u0259rbaycan tarixinin faci\u0259l\u0259rl\u0259, o c\u00fcml\u0259d\u0259n qanl\u0131 hadis\u0259l\u0259rl\u0259 dolu \u00e7ox a\u011fr\u0131l\u0131 m\u0259rh\u0259l\u0259l\u0259rini t\u0259\u015fkil edir. Bu mill\u0259t\u00e7i-\u015fovinist siyas\u0259tin \u0259sas m\u0259qs\u0259di az\u0259rbaycanl\u0131lar\u0131 \u00f6z tarixi torpaqlar\u0131ndan qovmaqla \u0259z\u0259li Az\u0259rbaycan \u0259razil\u0259rind\u0259 erm\u0259nil\u0259rin uydurduqlar\u0131 \u201cb\u00f6y\u00fck Erm\u0259nistan\u201d d\u00f6vl\u0259ti yaratmaq olub. Tarixi faktlar g\u00f6st\u0259rir ki, Az\u0259rbaycan\u0131n strateji bax\u0131mdan b\u00f6y\u00fck \u0259h\u0259miyy\u0259t\u0259 malik olan Qaraba\u011f b\u00f6lg\u0259sinin da\u011fl\u0131q hiss\u0259sin\u0259 \u0130randan v\u0259 T\u00fcrkiy\u0259d\u0259n \u00e7oxlu sayda erm\u0259ni \u0259halisinin k\u00f6\u00e7\u00fcr\u00fclm\u0259sin\u0259 XIX \u0259srin \u0259vv\u0259ll\u0259rind\u0259 ba\u015flan\u0131l\u0131b. XX \u0259srin \u0259vv\u0259ll\u0259rind\u0259 erm\u0259ni mill\u0259t\u00e7il\u0259ri \u201cDa\u015fnaksutyun\u201d partiyas\u0131n\u0131n proqram\u0131nda ir\u0259li s\u00fcr\u00fcl\u0259n \u201cb\u00f6y\u00fck Erm\u0259nistan\u201d ideyas\u0131n\u0131 realla\u015fd\u0131rmaq istiqam\u0259tind\u0259 f\u0259aliyy\u0259tl\u0259rini geni\u015fl\u0259ndir\u0259r\u0259k \u00f6z tarixi torpaqlar\u0131nda ya\u015fayan az\u0259rbaycanl\u0131lar\u0131 planl\u0131 sur\u0259td\u0259 do\u011fma yurdlar\u0131ndan qovmaqla etnik t\u0259mizl\u0259m\u0259 v\u0259 soyq\u0131r\u0131m\u0131 siyas\u0259tini h\u0259yata ke\u00e7irm\u0259y\u0259 ba\u015flad\u0131lar. Bel\u0259 ki, 1905-1906-c\u0131 ill\u0259rd\u0259 erm\u0259nil\u0259r Bak\u0131da, G\u0259nc\u0259d\u0259, Qaraba\u011fda, \u0130r\u0259vanda, Nax\u00e7\u0131vanda, Ordubadda, \u015e\u0259rur-D\u0259r\u0259l\u0259y\u0259zd\u0259, Tiflisd\u0259, Z\u0259ng\u0259zurda, Qazaxda v\u0259 ba\u015fqa yerl\u0259rd\u0259 dinc az\u0259rbaycanl\u0131lara qar\u015f\u0131 q\u0131r\u011f\u0131nlar t\u00f6r\u0259dib, \u0259halini amans\u0131zl\u0131qla q\u0259tl\u0259 yetirib, \u015f\u0259h\u0259r v\u0259 k\u0259ndl\u0259ri yand\u0131r\u0131b v\u0259 da\u011f\u0131d\u0131blar.<\/p>\n\n\n\n<p>Sonra D\u0130A-n\u0131n tarix kafedras\u0131n\u0131n m\u00fcdiri, dosent Firdovsiy\u0259 \u018fhm\u0259dovan\u0131n, h\u0259min kafedran\u0131n professoru H\u0259vva M\u0259mm\u0259dovan\u0131n m\u00f6vzu il\u0259 ba\u011fl\u0131 m\u0259ruz\u0259l\u0259ri dinl\u0259nilib.<\/p>\n\n\n\n<p>Diqq\u0259t\u0259 \u00e7atd\u0131r\u0131l\u0131b ki, erm\u0259ni mill\u0259t\u00e7il\u0259rinin t\u0259cav\u00fczkar siyas\u0259ti n\u0259tic\u0259sind\u0259 t\u0259kc\u0259 XX \u0259srd\u0259 az\u0259rbaycanl\u0131lar d\u00f6rd d\u0259f\u0259 &#8211; 1905-1906-c\u0131, 1918-1920-ci, 1948-1953-c\u00fc v\u0259 1988-1993-c\u00fc ill\u0259rd\u0259 soyq\u0131r\u0131m\u0131na v\u0259 etnik t\u0259mizl\u0259m\u0259l\u0259r\u0259 m\u0259ruz qal\u0131blar. 1918-1920-ci ill\u0259rd\u0259 erm\u0259nil\u0259r t\u0259r\u0259find\u0259n t\u00f6r\u0259dilmi\u015f k\u00fctl\u0259vi q\u0131r\u011f\u0131nlar\u0131n Bak\u0131, Quba, \u015eamax\u0131, K\u00fcrd\u0259mir v\u0259 L\u0259nk\u0259ran il\u0259 yana\u015f\u0131, \u015eu\u015fada, \u0130r\u0259van quberniyas\u0131 \u0259razisind\u0259, Z\u0259ng\u0259zurda, Nax\u00e7\u0131vanda, \u015e\u0259rurda, Ordubadda, Qarsda v\u0259 ba\u015fqa b\u00f6lg\u0259l\u0259rd\u0259 davam etdirilm\u0259si n\u0259tic\u0259sind\u0259 y\u00fcz minl\u0259rl\u0259 az\u0259rbaycanl\u0131 \u0259n q\u0259ddar \u00fcsullarla q\u0259tl\u0259 yetirilib, bir milyondan \u00e7ox \u0259hali \u00f6z do\u011fma torpaqlar\u0131ndan did\u0259rgin sal\u0131n\u0131b.<\/p>\n\n\n\n<figure class=\"wp-container-2 wp-block-gallery-1 wp-block-gallery columns-2 is-cropped\"><ul class=\"blocks-gallery-grid\"><li class=\"blocks-gallery-item\"><figure><img width=\"640\" height=\"362\" src=\"https:\/\/dia.edu.az\/wp-content\/uploads\/2021\/03\/29.03.jpg\" alt=\"\" data-id=\"11528\" data-full-url=\"https:\/\/dia.edu.az\/wp-content\/uploads\/2021\/03\/29.03.jpg\" data-link=\"https:\/\/dia.edu.az\/?attachment_id=11528\" class=\"wp-image-11528\" srcset=\"https:\/\/legacy.dia.edu.az\/wp-content\/uploads\/2021\/03\/29.03.jpg 640w, https:\/\/legacy.dia.edu.az\/wp-content\/uploads\/2021\/03\/29.03-300x170.jpg 300w, https:\/\/legacy.dia.edu.az\/wp-content\/uploads\/2021\/03\/29.03-16x9.jpg 16w, https:\/\/legacy.dia.edu.az\/wp-content\/uploads\/2021\/03\/29.03-300x170@2x.jpg 600w\" sizes=\"(max-width: 640px) 100vw, 640px\" \/><\/figure><\/li><li class=\"blocks-gallery-item\"><figure><img width=\"640\" height=\"371\" src=\"https:\/\/dia.edu.az\/wp-content\/uploads\/2021\/03\/2903.jpg\" alt=\"\" data-id=\"11529\" data-full-url=\"https:\/\/dia.edu.az\/wp-content\/uploads\/2021\/03\/2903.jpg\" data-link=\"https:\/\/dia.edu.az\/?attachment_id=11529\" class=\"wp-image-11529\" srcset=\"https:\/\/legacy.dia.edu.az\/wp-content\/uploads\/2021\/03\/2903.jpg 640w, https:\/\/legacy.dia.edu.az\/wp-content\/uploads\/2021\/03\/2903-300x174.jpg 300w, https:\/\/legacy.dia.edu.az\/wp-content\/uploads\/2021\/03\/2903-16x9.jpg 16w, https:\/\/legacy.dia.edu.az\/wp-content\/uploads\/2021\/03\/2903-300x174@2x.jpg 600w\" sizes=\"(max-width: 640px) 100vw, 640px\" \/><\/figure><\/li><\/ul><\/figure>","protected":false},"excerpt":{"rendered":"<p>D\u00f6vl\u0259t \u0130dar\u0259\u00e7ilik Akademiyas\u0131nda Az\u0259rbaycanl\u0131lar\u0131n Soyq\u0131r\u0131m\u0131 G\u00fcn\u00fcn\u0259 h\u0259sr olunan konfrans ke\u00e7irilibMart 29 , 2019 &#8211; 11:16 Az\u0259rbaycanRespublikas\u0131n\u0131nPrezidentiyan\u0131ndaD\u00f6vl\u0259t&nbsp;\u0130dar\u0259\u00e7ilikAkademiyas\u0131nda&nbsp;(D\u0130A) 31&nbsp;mart&nbsp;&#8211;&nbsp;Az\u0259rbaycanl\u0131lar\u0131nSoyq\u0131r\u0131m\u0131&nbsp;G\u00fcn\u00fc&nbsp;il\u0259 \u0259laq\u0259dar&nbsp;\u201cAz\u0259rbaycanl\u0131laraqar\u015f\u0131&nbsp;etnikt\u0259mizl\u0259m\u0259&nbsp;v\u0259&nbsp;soyq\u0131r\u0131m\u0131&nbsp;cinay\u0259tl\u0259ri\u201d&nbsp;m\u00f6vzusundaelmi-praktikkonfranske\u00e7irilib. T\u0259dbird\u0259 \u00e7\u0131x\u0131\u015f&nbsp;ed\u0259nD\u0130A-n\u0131nrektoru,&nbsp;akademikUrxan&nbsp;\u018fl\u0259kb\u0259rovzaman-zamanerm\u0259nil\u0259rt\u0259r\u0259find\u0259nxalq\u0131m\u0131zaqar\u015f\u0131&nbsp;h\u0259yatake\u00e7iril\u0259ndeportasiyav\u0259&nbsp;soyq\u0131r\u0131m\u0131&nbsp;siyas\u0259tind\u0259ndan\u0131\u015f\u0131b,&nbsp;b\u00fct\u00fcnd\u00f6vrl\u0259rd\u0259&nbsp;h\u0259rbiraz\u0259rbaycanl\u0131&nbsp;ail\u0259sininbudeportasiyav\u0259&nbsp;soyq\u0131r\u0131m\u0131nam\u0259ruzqald\u0131\u011f\u0131n\u0131&nbsp;bildirib.&nbsp;O, erm\u0259ni mill\u0259t\u00e7il\u0259rinin m\u0259nfur niyy\u0259tl\u0259rini, t\u00f6r\u0259tdikl\u0259ri hadis\u0259l\u0259ri faktlarla diqq\u0259t\u0259 \u00e7atd\u0131r\u0131b. Rektor bildirib ki, erm\u0259nil\u0259rin az\u0259rbaycanl\u0131lara qar\u015f\u0131 b\u00fct\u00fcn d\u00f6vrl\u0259rd\u0259 t\u00f6r\u0259tdikl\u0259ri soyq\u0131r\u0131m\u0131na \u00fcmummilli lider Heyd\u0259r \u018fliyevin 1998-ci il 26 mart tarixli F\u0259rman\u0131 il\u0259 siyasi qiym\u0259t verilib, mart\u0131n 31-i [&hellip;]<\/p>","protected":false},"author":2,"featured_media":11529,"comment_status":"closed","ping_status":"closed","sticky":false,"template":"","format":"standard","meta":[],"categories":[137],"tags":[],"_links":{"self":[{"href":"https:\/\/legacy.dia.edu.az\/en\/wp-json\/wp\/v2\/posts\/11527"}],"collection":[{"href":"https:\/\/legacy.dia.edu.az\/en\/wp-json\/wp\/v2\/posts"}],"about":[{"href":"https:\/\/legacy.dia.edu.az\/en\/wp-json\/wp\/v2\/types\/post"}],"author":[{"embeddable":true,"href":"https:\/\/legacy.dia.edu.az\/en\/wp-json\/wp\/v2\/users\/2"}],"replies":[{"embeddable":true,"href":"https:\/\/legacy.dia.edu.az\/en\/wp-json\/wp\/v2\/comments?post=11527"}],"version-history":[{"count":0,"href":"https:\/\/legacy.dia.edu.az\/en\/wp-json\/wp\/v2\/posts\/11527\/revisions"}],"wp:featuredmedia":[{"embeddable":true,"href":"https:\/\/legacy.dia.edu.az\/en\/wp-json\/wp\/v2\/media\/11529"}],"wp:attachment":[{"href":"https:\/\/legacy.dia.edu.az\/en\/wp-json\/wp\/v2\/media?parent=11527"}],"wp:term":[{"taxonomy":"category","embeddable":true,"href":"https:\/\/legacy.dia.edu.az\/en\/wp-json\/wp\/v2\/categories?post=11527"},{"taxonomy":"post_tag","embeddable":true,"href":"https:\/\/legacy.dia.edu.az\/en\/wp-json\/wp\/v2\/tags?post=11527"}],"curies":[{"name":"wp","href":"https:\/\/api.w.org\/{rel}","templated":true}]}}