{"id":11518,"date":"2019-04-07T12:01:00","date_gmt":"2019-04-07T09:01:00","guid":{"rendered":"https:\/\/dia.edu.az\/?p=11518"},"modified":"2021-03-13T12:02:12","modified_gmt":"2021-03-13T09:02:12","slug":"akademik-ramiz-mehdiyevin-d%c9%99y%c9%99rli-t%c9%99dqiqati-xanliqlar-dovrun%c9%99-obyektiv-baxisin-formalasmasina-t%c9%99kan-ver%c9%99c%c9%99k","status":"publish","type":"post","link":"https:\/\/legacy.dia.edu.az\/en\/arxivl\u0259r\/11518","title":{"rendered":"Akademik Ramiz Mehdiyevin d\u0259y\u0259rli t\u0259dqiqat\u0131 xanl\u0131qlar d\u00f6vr\u00fcn\u0259 obyektiv bax\u0131\u015f\u0131n formala\u015fmas\u0131na t\u0259kan ver\u0259c\u0259k"},"content":{"rendered":"<p><strong>Akademik Ramiz Mehdiyevin d\u0259y\u0259rli t\u0259dqiqat\u0131 xanl\u0131qlar d\u00f6vr\u00fcn\u0259 obyektiv bax\u0131\u015f\u0131n formala\u015fmas\u0131na t\u0259kan ver\u0259c\u0259k<\/strong><br><em>Apr 07 , 2019 &#8211; 09:29<\/em><\/p>\n\n\n\n<p>Az\u0259rbaycan Respublikas\u0131n\u0131n Prezidenti yan\u0131nda D\u00f6vl\u0259t \u0130dar\u0259\u00e7ilik Akademiyas\u0131nda (D\u0130A) Prezident Administrasiyas\u0131n\u0131n r\u0259hb\u0259ri, akademik Ramiz Mehdiyevin \u201cTariximizin xanl\u0131qlar d\u00f6vr\u00fcn\u00fcn siyasi irsi s\u0259n\u0259dl\u0259r i\u015f\u0131\u011f\u0131nda\u201d kitab\u0131n\u0131n m\u00fczakir\u0259si Tedbiri a\u00e7an D\u0130A-n\u0131n rektoru, akademik Urxan \u018fl\u0259kb\u0259rov akademik Ramiz Mehdiyevin kitab\u0131nda Az\u0259rbaycan tarixinin m\u00fch\u00fcm m\u0259rh\u0259l\u0259l\u0259rind\u0259n birini t\u0259\u015fkil ed\u0259n xanl\u0131qlar d\u00f6vr\u00fcn\u00fcn ilk d\u0259f\u0259dir siyasi v\u0259 tarixi aspektd\u0259n yeni kontekstd\u0259 i\u015f\u0131qland\u0131r\u0131ld\u0131\u011f\u0131n\u0131 qeyd edib. Rektor Urxan \u018fl\u0259kb\u0259rov bildirib ki, akademik Ramiz Mehdiyevin bu kitab\u0131 Az\u0259rbaycan tarixinin \u0259n a\u011fr\u0131l\u0131 v\u0259 h\u0259ssas m\u0259rh\u0259l\u0259l\u0259rind\u0259n say\u0131lan xanl\u0131qlar d\u00f6vr\u00fcn\u00fcn indiy\u0259d\u0259k tarix\u015f\u00fcnasl\u0131\u011f\u0131m\u0131za m\u0259lum olmayan siyasi s\u0259n\u0259dl\u0259rin ara\u015fd\u0131r\u0131lmas\u0131 \u0259sas\u0131nda konseptual elmi add\u0131md\u0131r. Orijinal s\u0259n\u0259dl\u0259rin daxil edildiyi toplu xanl\u0131qlar d\u00f6vr\u00fcn\u00fcn siyasi v\u0259 tarixi t\u0259hlilin\u0259 h\u0259sr olunan sanball\u0131 elmi t\u0259dqiqatd\u0131r. Akademik Ramiz Mehdiyev xanl\u0131qlar d\u00f6vr\u00fcn\u00fcn indiy\u0259d\u0259k ciddi elmi m\u00fcbahis\u0259l\u0259rin predmeti olan bir s\u0131ra m\u00fch\u00fcm probleml\u0259rin\u0259, hadis\u0259 v\u0259 \u015f\u0259xsiyy\u0259tl\u0259r\u0259 faktlar v\u0259 etibarl\u0131 elmi m\u0259nb\u0259l\u0259r, arxiv s\u0259n\u0259dl\u0259ri \u0259sas\u0131nda m\u00fcnasib\u0259t bildirir. Rektor vur\u011fulay\u0131b ki, \u0259s\u0259r d\u00f6vl\u0259t idar\u0259\u00e7iliyi sah\u0259sind\u0259 m\u00fct\u0259x\u0259ssisl\u0259rin haz\u0131rlanmas\u0131 \u00fc\u00e7\u00fcn d\u0259 \u00e7ox faydal\u0131d\u0131r v\u0259 bu s\u0259b\u0259bd\u0259n m\u00fczakir\u0259nin ke\u00e7irilm\u0259si olduqca \u0259h\u0259miyy\u0259tlidir. Kitab haqq\u0131nda \u0259trafl\u0131 m\u0259lumat ver\u0259n D\u0130A-n\u0131n I prorektoru, professor \u018flikram Abdullayev qeyd edib ki, bu kitab tarixi \u0259s\u0259r oldu\u011fu d\u0259r\u0259c\u0259d\u0259 d\u0259 sosial-f\u0259ls\u0259fi, politoloji \u0259s\u0259r kimi \u00f6yr\u0259nil\u0259 bil\u0259r v\u0259 \u00f6yr\u0259nilm\u0259lidir. AMEA-n\u0131n Tarix \u0130nstitutunun \u015f\u00f6b\u0259 m\u00fcdiri, tarix elml\u0259ri doktoru, professor K\u0259rim \u015e\u00fck\u00fcrov akademik Ramiz Mehdiyevin t\u0259dqiqat aparmaqla yana\u015f\u0131, t\u0259dqiqat\u00e7\u0131lara bir istiqam\u0259t g\u00f6st\u0259rdiyini deyib, \u201cTariximizin xanl\u0131qlar d\u00f6vr\u00fcn\u00fcn siyasi irsi s\u0259n\u0259dl\u0259r i\u015f\u0131\u011f\u0131nda\u201d kitab\u0131n\u0131 Az\u0259rbaycan tarixinin f\u0259ls\u0259f\u0259sinin \u00f6yr\u0259nilm\u0259si bax\u0131m\u0131ndan y\u00fcks\u0259k qiym\u0259tl\u0259ndirib. D\u0130A-n\u0131n siyasi idar\u0259etm\u0259 fak\u00fclt\u0259sinin dekan\u0131, siyasi elml\u0259r doktoru, professor El\u00e7in \u018fhm\u0259dov bildirib ki, 22 orijinal s\u0259n\u0259din daxil edildiyi d\u0259y\u0259rli n\u0259\u015fr xanl\u0131qlar d\u00f6vr\u00fcn\u00fcn siyasi v\u0259 tarixi ara\u015fd\u0131r\u0131lmas\u0131na h\u0259sr olunan sanball\u0131 t\u0259dqiqat i\u015fi olmaqla yana\u015f\u0131, h\u0259m tarix\u00e7il\u0259r, h\u0259m d\u0259 Az\u0259rbaycan tarixi il\u0259 m\u0259\u015f\u011ful olan m\u00fct\u0259x\u0259ssisl\u0259r \u00fc\u00e7\u00fcn bir m\u0259nb\u0259 kimi b\u00f6y\u00fck \u0259h\u0259miyy\u0259t k\u0259sb edir. Kitabda m\u00fcxt\u0259lif xarici m\u0259nb\u0259 v\u0259 \u0259d\u0259biyyatdan geni\u015f istifad\u0259 edilib, m\u0259s\u0259l\u0259n, t\u00fcrkiy\u0259li tarix\u00e7i F.S\u00fcm\u0259r, iran\u015f\u00fcnas v\u0259 \u015f\u0259rq\u015f\u00fcnas aliml\u0259r M.S.\u0130vanov, K.E.Bosvort, Y.Kr\u0131mski v\u0259 ba\u015fqalar\u0131n\u0131n xanl\u0131qlar d\u00f6vr\u00fcn\u00fcn hadis\u0259l\u0259ri il\u0259 ba\u011fl\u0131 maraql\u0131 fikirl\u0259rin\u0259 istinad edilir. \u201cAkademik Ramiz Mehdiyev haql\u0131 olaraq diqq\u0259t\u0259 \u00e7atd\u0131r\u0131r ki, tarix ondan z\u0259ruri d\u0259rsl\u0259r \u00e7\u0131xar\u0131lmad\u0131\u011f\u0131 t\u0259qdird\u0259 daha amans\u0131zl\u0131qla t\u0259krar olunur. \u018fs\u0259rd\u0259 xanl\u0131qlar d\u00f6vr\u00fcn\u00fcn hadis\u0259l\u0259rinin m\u00fcasir d\u00f6vrl\u0259 \u0259laq\u0259l\u0259ndirilm\u0259si diqq\u0259ti x\u00fcsusil\u0259 c\u0259lb edir. Akademik bu q\u0259na\u0259t\u0259 g\u0259lir ki, Az\u0259rbaycan xanlar\u0131 vaxtil\u0259 birl\u0259\u015fib \u00fcmumi d\u00fc\u015fm\u0259n\u0259 qar\u015f\u0131 vahid c\u0259bh\u0259d\u0259n \u00e7\u0131x\u0131\u015f ed\u0259 bils\u0259ydil\u0259r, torpaqlar\u0131m\u0131z\u0131n bu q\u0259d\u0259r asanl\u0131qla v\u0259 q\u0131sa zamanda i\u015f\u011fal\u0131 da m\u00fcmk\u00fcn olmazd\u0131\u201d, &#8211; dey\u0259 El\u00e7in \u018fhm\u0259dov vur\u011fulay\u0131b. Az\u0259rbaycan D\u00f6vl\u0259t Neft v\u0259 S\u0259naye Universitetinin ictimai elml\u0259r kafedras\u0131n\u0131n m\u00fcdiri, tarix elml\u0259ri doktoru, professor Camal Mustafayev, D\u0130A-n\u0131n tarix kafedras\u0131n\u0131n m\u00fcdiri, dosent Firdovsiyy\u0259 \u018fhm\u0259dova, kafedran\u0131n professoru Musa Quliyev v\u0259 ba\u015fqalar\u0131 qeyd edibl\u0259r ki, akademik Ramiz Mehdiyevin t\u0259dqiqatlar\u0131, d\u0259rin m\u0259ntiq\u0259 s\u00f6yk\u0259n\u0259n fikir v\u0259 m\u00fclahiz\u0259l\u0259ri, d\u0259y\u0259rli t\u00f6vsiy\u0259l\u0259ri, h\u0259m\u00e7inin t\u0259qdim etdiyi qiym\u0259tli s\u0259n\u0259dl\u0259r xanl\u0131qlar d\u00f6vr\u00fcn\u0259 aid bir \u00e7ox yanl\u0131\u015f yana\u015fmalar\u0131 aradan qald\u0131rma\u011fa imkan yaradacaq. Bununla yana\u015f\u0131, Az\u0259rbaycan tarix\u015f\u00fcnasl\u0131\u011f\u0131nda, ictimai fikrind\u0259 m\u0259s\u0259l\u0259y\u0259 m\u00fcnasib\u0259td\u0259 daha sistemli v\u0259 obyektiv bax\u0131\u015f\u0131n formala\u015fmas\u0131na t\u0259kan ver\u0259c\u0259k. Eyni zamanda, akademik dair\u0259l\u0259rin m\u00fcraci\u0259t ed\u0259c\u0259yi v\u0259 t\u0259dris proqramlar\u0131na daxil edil\u0259c\u0259k \u00f6n\u0259mli m\u0259nb\u0259l\u0259rd\u0259n biri olacaq.<\/p>\n\n\n\n<figure class=\"wp-container-2 wp-block-gallery-1 wp-block-gallery columns-2 is-cropped\"><ul class=\"blocks-gallery-grid\"><li class=\"blocks-gallery-item\"><figure><img width=\"448\" height=\"305\" src=\"https:\/\/dia.edu.az\/wp-content\/uploads\/2021\/03\/0704.jpg\" alt=\"\" data-id=\"11520\" data-full-url=\"https:\/\/dia.edu.az\/wp-content\/uploads\/2021\/03\/0704.jpg\" data-link=\"https:\/\/dia.edu.az\/?attachment_id=11520\" class=\"wp-image-11520\" srcset=\"https:\/\/legacy.dia.edu.az\/wp-content\/uploads\/2021\/03\/0704.jpg 448w, https:\/\/legacy.dia.edu.az\/wp-content\/uploads\/2021\/03\/0704-300x204.jpg 300w, https:\/\/legacy.dia.edu.az\/wp-content\/uploads\/2021\/03\/0704-16x12.jpg 16w\" sizes=\"(max-width: 448px) 100vw, 448px\" \/><\/figure><\/li><li class=\"blocks-gallery-item\"><figure><img width=\"640\" height=\"480\" src=\"https:\/\/dia.edu.az\/wp-content\/uploads\/2021\/03\/07.04.jpg\" alt=\"\" data-id=\"11519\" data-full-url=\"https:\/\/dia.edu.az\/wp-content\/uploads\/2021\/03\/07.04.jpg\" data-link=\"https:\/\/dia.edu.az\/?attachment_id=11519\" class=\"wp-image-11519\" srcset=\"https:\/\/legacy.dia.edu.az\/wp-content\/uploads\/2021\/03\/07.04.jpg 640w, https:\/\/legacy.dia.edu.az\/wp-content\/uploads\/2021\/03\/07.04-300x225.jpg 300w, https:\/\/legacy.dia.edu.az\/wp-content\/uploads\/2021\/03\/07.04-16x12.jpg 16w, https:\/\/legacy.dia.edu.az\/wp-content\/uploads\/2021\/03\/07.04-300x225@2x.jpg 600w\" sizes=\"(max-width: 640px) 100vw, 640px\" \/><\/figure><\/li><\/ul><\/figure>","protected":false},"excerpt":{"rendered":"<p>Akademik Ramiz Mehdiyevin d\u0259y\u0259rli t\u0259dqiqat\u0131 xanl\u0131qlar d\u00f6vr\u00fcn\u0259 obyektiv bax\u0131\u015f\u0131n formala\u015fmas\u0131na t\u0259kan ver\u0259c\u0259kApr 07 , 2019 &#8211; 09:29 Az\u0259rbaycan Respublikas\u0131n\u0131n Prezidenti yan\u0131nda D\u00f6vl\u0259t \u0130dar\u0259\u00e7ilik Akademiyas\u0131nda (D\u0130A) Prezident Administrasiyas\u0131n\u0131n r\u0259hb\u0259ri, akademik Ramiz Mehdiyevin \u201cTariximizin xanl\u0131qlar d\u00f6vr\u00fcn\u00fcn siyasi irsi s\u0259n\u0259dl\u0259r i\u015f\u0131\u011f\u0131nda\u201d kitab\u0131n\u0131n m\u00fczakir\u0259si Tedbiri a\u00e7an D\u0130A-n\u0131n rektoru, akademik Urxan \u018fl\u0259kb\u0259rov akademik Ramiz Mehdiyevin kitab\u0131nda Az\u0259rbaycan tarixinin m\u00fch\u00fcm m\u0259rh\u0259l\u0259l\u0259rind\u0259n [&hellip;]<\/p>","protected":false},"author":2,"featured_media":11520,"comment_status":"closed","ping_status":"closed","sticky":false,"template":"","format":"standard","meta":[],"categories":[137],"tags":[],"_links":{"self":[{"href":"https:\/\/legacy.dia.edu.az\/en\/wp-json\/wp\/v2\/posts\/11518"}],"collection":[{"href":"https:\/\/legacy.dia.edu.az\/en\/wp-json\/wp\/v2\/posts"}],"about":[{"href":"https:\/\/legacy.dia.edu.az\/en\/wp-json\/wp\/v2\/types\/post"}],"author":[{"embeddable":true,"href":"https:\/\/legacy.dia.edu.az\/en\/wp-json\/wp\/v2\/users\/2"}],"replies":[{"embeddable":true,"href":"https:\/\/legacy.dia.edu.az\/en\/wp-json\/wp\/v2\/comments?post=11518"}],"version-history":[{"count":0,"href":"https:\/\/legacy.dia.edu.az\/en\/wp-json\/wp\/v2\/posts\/11518\/revisions"}],"wp:featuredmedia":[{"embeddable":true,"href":"https:\/\/legacy.dia.edu.az\/en\/wp-json\/wp\/v2\/media\/11520"}],"wp:attachment":[{"href":"https:\/\/legacy.dia.edu.az\/en\/wp-json\/wp\/v2\/media?parent=11518"}],"wp:term":[{"taxonomy":"category","embeddable":true,"href":"https:\/\/legacy.dia.edu.az\/en\/wp-json\/wp\/v2\/categories?post=11518"},{"taxonomy":"post_tag","embeddable":true,"href":"https:\/\/legacy.dia.edu.az\/en\/wp-json\/wp\/v2\/tags?post=11518"}],"curies":[{"name":"wp","href":"https:\/\/api.w.org\/{rel}","templated":true}]}}