{"id":11509,"date":"2019-04-19T11:57:00","date_gmt":"2019-04-19T08:57:00","guid":{"rendered":"https:\/\/dia.edu.az\/?p=11509"},"modified":"2021-03-13T11:58:20","modified_gmt":"2021-03-13T08:58:20","slug":"dovl%c9%99t-idar%c9%99cilik-akademiyasi-turkiy%c9%99-il%c9%99-%c9%99m%c9%99kdasliq-%c9%99laq%c9%99l%c9%99rini-genisl%c9%99ndirir","status":"publish","type":"post","link":"https:\/\/legacy.dia.edu.az\/en\/arxivl\u0259r\/11509","title":{"rendered":"D\u00f6vl\u0259t \u0130dar\u0259\u00e7ilik Akademiyas\u0131 T\u00fcrkiy\u0259 il\u0259 \u0259m\u0259kda\u015fl\u0131q \u0259laq\u0259l\u0259rini geni\u015fl\u0259ndirir"},"content":{"rendered":"<p><strong>D\u00f6vl\u0259t \u0130dar\u0259\u00e7ilik Akademiyas\u0131 T\u00fcrkiy\u0259 il\u0259 \u0259m\u0259kda\u015fl\u0131q \u0259laq\u0259l\u0259rini geni\u015fl\u0259ndirir<\/strong><br><em>Apr 19 , 2019 &#8211; 09:41<\/em><\/p>\n\n\n\n<p>Az\u0259rbaycan Respublikas\u0131n\u0131n Prezidenti yan\u0131nda D\u00f6vl\u0259t \u0130dar\u0259\u00e7ilik Akademiyas\u0131 (D\u0130A) il\u0259 T\u00fcrkiy\u0259nin Xaricd\u0259ki T\u00fcrkl\u0259r v\u0259 \u018fqr\u0259ba \u0130cmalar\u0131 \u0130dar\u0259si aras\u0131nda \u0259m\u0259kda\u015fl\u0131q protokolu imzalan\u0131b. S\u0259n\u0259d D\u0130A-n\u0131n rektoru, akademik Urxan \u018fl\u0259kb\u0259rov v\u0259 T\u00fcrkiy\u0259nin Xaricd\u0259ki T\u00fcrkl\u0259r v\u0259 \u018fqr\u0259ba \u0130cmalar\u0131 \u0130dar\u0259sinin s\u0259dri Abdullah Eren t\u0259r\u0259find\u0259n Ankarada imzalan\u0131b.<\/p>\n\n\n\n<p>T\u0259r\u0259fl\u0259r \u0259m\u0259kda\u015fl\u0131\u011f\u0131n qar\u015f\u0131l\u0131ql\u0131 olaraq b\u00f6y\u00fck fayda g\u0259tir\u0259c\u0259yin\u0259 \u0259min olduqlar\u0131n\u0131 bildiribl\u0259r. D\u0130A-n\u0131n elmi-t\u0259\u015fkilat v\u0259 beyn\u0259lxalq \u0259laq\u0259l\u0259r \u015f\u00f6b\u0259sinin m\u00fcdiri, dosent R\u0259c\u0259b R\u0259himli imzalanma m\u0259rasimind\u0259 i\u015ftirak edib.<\/p>\n\n\n\n<figure class=\"wp-container-2 wp-block-gallery-1 wp-block-gallery columns-1 is-cropped\"><ul class=\"blocks-gallery-grid\"><li class=\"blocks-gallery-item\"><figure><img width=\"640\" height=\"369\" src=\"https:\/\/dia.edu.az\/wp-content\/uploads\/2021\/03\/19041555652668.jpg\" alt=\"\" data-id=\"11510\" data-full-url=\"https:\/\/dia.edu.az\/wp-content\/uploads\/2021\/03\/19041555652668.jpg\" data-link=\"https:\/\/dia.edu.az\/?attachment_id=11510\" class=\"wp-image-11510\" srcset=\"https:\/\/legacy.dia.edu.az\/wp-content\/uploads\/2021\/03\/19041555652668.jpg 640w, https:\/\/legacy.dia.edu.az\/wp-content\/uploads\/2021\/03\/19041555652668-300x173.jpg 300w, https:\/\/legacy.dia.edu.az\/wp-content\/uploads\/2021\/03\/19041555652668-16x9.jpg 16w, https:\/\/legacy.dia.edu.az\/wp-content\/uploads\/2021\/03\/19041555652668-300x173@2x.jpg 600w\" sizes=\"(max-width: 640px) 100vw, 640px\" \/><\/figure><\/li><\/ul><\/figure>","protected":false},"excerpt":{"rendered":"<p>D\u00f6vl\u0259t \u0130dar\u0259\u00e7ilik Akademiyas\u0131 T\u00fcrkiy\u0259 il\u0259 \u0259m\u0259kda\u015fl\u0131q \u0259laq\u0259l\u0259rini geni\u015fl\u0259ndirirApr 19 , 2019 &#8211; 09:41 Az\u0259rbaycan Respublikas\u0131n\u0131n Prezidenti yan\u0131nda D\u00f6vl\u0259t \u0130dar\u0259\u00e7ilik Akademiyas\u0131 (D\u0130A) il\u0259 T\u00fcrkiy\u0259nin Xaricd\u0259ki T\u00fcrkl\u0259r v\u0259 \u018fqr\u0259ba \u0130cmalar\u0131 \u0130dar\u0259si aras\u0131nda \u0259m\u0259kda\u015fl\u0131q protokolu imzalan\u0131b. S\u0259n\u0259d D\u0130A-n\u0131n rektoru, akademik Urxan \u018fl\u0259kb\u0259rov v\u0259 T\u00fcrkiy\u0259nin Xaricd\u0259ki T\u00fcrkl\u0259r v\u0259 \u018fqr\u0259ba \u0130cmalar\u0131 \u0130dar\u0259sinin s\u0259dri Abdullah Eren t\u0259r\u0259find\u0259n Ankarada imzalan\u0131b. T\u0259r\u0259fl\u0259r \u0259m\u0259kda\u015fl\u0131\u011f\u0131n [&hellip;]<\/p>","protected":false},"author":2,"featured_media":11510,"comment_status":"closed","ping_status":"closed","sticky":false,"template":"","format":"standard","meta":[],"categories":[137],"tags":[],"_links":{"self":[{"href":"https:\/\/legacy.dia.edu.az\/en\/wp-json\/wp\/v2\/posts\/11509"}],"collection":[{"href":"https:\/\/legacy.dia.edu.az\/en\/wp-json\/wp\/v2\/posts"}],"about":[{"href":"https:\/\/legacy.dia.edu.az\/en\/wp-json\/wp\/v2\/types\/post"}],"author":[{"embeddable":true,"href":"https:\/\/legacy.dia.edu.az\/en\/wp-json\/wp\/v2\/users\/2"}],"replies":[{"embeddable":true,"href":"https:\/\/legacy.dia.edu.az\/en\/wp-json\/wp\/v2\/comments?post=11509"}],"version-history":[{"count":0,"href":"https:\/\/legacy.dia.edu.az\/en\/wp-json\/wp\/v2\/posts\/11509\/revisions"}],"wp:featuredmedia":[{"embeddable":true,"href":"https:\/\/legacy.dia.edu.az\/en\/wp-json\/wp\/v2\/media\/11510"}],"wp:attachment":[{"href":"https:\/\/legacy.dia.edu.az\/en\/wp-json\/wp\/v2\/media?parent=11509"}],"wp:term":[{"taxonomy":"category","embeddable":true,"href":"https:\/\/legacy.dia.edu.az\/en\/wp-json\/wp\/v2\/categories?post=11509"},{"taxonomy":"post_tag","embeddable":true,"href":"https:\/\/legacy.dia.edu.az\/en\/wp-json\/wp\/v2\/tags?post=11509"}],"curies":[{"name":"wp","href":"https:\/\/api.w.org\/{rel}","templated":true}]}}