{"id":11495,"date":"2019-04-25T11:33:00","date_gmt":"2019-04-25T08:33:00","guid":{"rendered":"https:\/\/dia.edu.az\/?p=11495"},"modified":"2021-03-13T11:34:47","modified_gmt":"2021-03-13T08:34:47","slug":"dovl%c9%99t-idar%c9%99cilik-akademiyasinda-az%c9%99rbaycan-respublikasinda-dovl%c9%99t-din-munasib%c9%99tl%c9%99ri-istiqam%c9%99ti-uzr%c9%99-ixtisasartirma-kursu-t%c9%99skil-edilib","status":"publish","type":"post","link":"https:\/\/legacy.dia.edu.az\/en\/arxivl\u0259r\/11495","title":{"rendered":"D\u00f6vl\u0259t \u0130dar\u0259\u00e7ilik Akademiyas\u0131nda \u201cAz\u0259rbaycan Respublikas\u0131nda d\u00f6vl\u0259t-din m\u00fcnasib\u0259tl\u0259ri\u201d istiqam\u0259ti \u00fczr\u0259 ixtisasart\u0131rma kursu t\u0259\u015fkil edilib"},"content":{"rendered":"<p><strong>D\u00f6vl\u0259t \u0130dar\u0259\u00e7ilik Akademiyas\u0131nda \u201cAz\u0259rbaycan Respublikas\u0131nda d\u00f6vl\u0259t-din m\u00fcnasib\u0259tl\u0259ri\u201d istiqam\u0259ti \u00fczr\u0259 ixtisasart\u0131rma kursu t\u0259\u015fkil edilib<\/strong><br><em>Apr 25 , 2019 &#8211; 12:01<\/em><\/p>\n\n\n\n<p>Az\u0259rbaycan Respublikas\u0131n\u0131n Prezidenti yan\u0131nda D\u00f6vl\u0259t \u0130dar\u0259\u00e7ilik Akademiyas\u0131nda \u201cAz\u0259rbaycan Respublikas\u0131nda d\u00f6vl\u0259t-din m\u00fcnasib\u0259tl\u0259ri\u201d&nbsp; istiqam\u0259ti \u00fczr\u0259ixtisasart\u0131rma kursu ke\u00e7irilib. Kursa d\u00f6vl\u0259t orqanlar\u0131nda \u00e7al\u0131\u015fan m\u00fcvafiq d\u00f6vl\u0259t qulluq\u00e7ular\u0131 c\u0259lb olunub.<\/p>\n\n\n\n<p>&nbsp;&nbsp;&nbsp;&nbsp; &nbsp;&nbsp;&nbsp;&nbsp; Bu istiqam\u0259td\u0259 kursun \u0259sas m\u0259qs\u0259di&nbsp;Az\u0259rbaycan Respublikas\u0131nda d\u00f6vl\u0259t-din m\u00fcnasib\u0259tl\u0259rinin \u0259sas istiqam\u0259tl\u0259ri, Az\u0259rbaycanda m\u00f6vcud dini durum: reall\u0131qlar v\u0259 perspektivl\u0259r, Az\u0259rbaycanda d\u00f6vl\u0259t-din m\u00fcnasib\u0259tl\u0259ri dini icmalar\u0131n f\u0259aliyy\u0259tinin t\u0259\u015fkili kontekstind\u0259, Az\u0259rbaycanda d\u00f6vl\u0259t-din m\u00fcnasib\u0259tl\u0259ri milli t\u0259hl\u00fck\u0259sizlik kontekstind\u0259 v\u0259 s. m\u00f6vzularla ba\u011fl\u0131 bilikl\u0259rin dinl\u0259yicil\u0259r\u0259 \u00e7atd\u0131r\u0131lmas\u0131 v\u0259 onlar il\u0259 fikir m\u00fcbadil\u0259sinin apar\u0131lmas\u0131 idi.<\/p>\n\n\n\n<p>&nbsp;Kurs \u0259rzind\u0259 \u201cAz\u0259rbaycan Respublikas\u0131nda d\u00f6vl\u0259t-din m\u00fcnasib\u0259tl\u0259ri\u201d istiqam\u0259ti \u00fczr\u0259 &#8211; Prezidenti Administrasiyas\u0131n\u0131n Mill\u0259tl\u0259rarasi m\u00fcnasib\u0259tl\u0259r, multikulturalizm v\u0259 dini m\u0259s\u0259l\u0259l\u0259r \u015f\u00f6b\u0259sini m\u00fcdiri, professor Etibar N\u0259c\u0259fov, b\u00f6y\u00fck m\u0259sl\u0259h\u0259t\u00e7i \u018fliheyd\u0259r Z\u00fclf\u00fcqarov, Dini Qurumlarla \u0130\u015f \u00fczr\u0259 D\u00f6vl\u0259t Komit\u0259sinin s\u0259dri M\u00fcbariz Qurbanl\u0131, s\u0259dr m\u00fcavinl\u0259ri S\u0259yyad Salahl\u0131, S\u0259yavu\u015f Heyd\u0259rov, G\u00fcnd\u00fcz \u0130smay\u0131lov, D\u00f6vl\u0259t T\u0259hl\u00fck\u0259sizliyi Xidm\u0259tinin \u0259m\u0259kda\u015f\u0131 Abbas Abbasov, Daxili \u0130\u015fl\u0259r Nazirliyi Ba\u015f ictimai t\u0259hl\u00fck\u0259sizlik idar\u0259sinin milli, dini m\u0259s\u0259l\u0259l\u0259r \u00fczr\u0259 \u015f\u00f6b\u0259 r\u0259isi Oqtay Ta\u011f\u0131yev, Az\u0259rbaycan \u0130lahiyyat \u0130nstitutunun rektoru Ceyhun M\u0259mm\u0259dov v\u0259 ba\u015fqalar\u0131 m\u00fcxt\u0259lif m\u00f6vzularda m\u00fchazir\u0259l\u0259rl\u0259 \u00e7\u0131x\u0131\u015f etmi\u015fl\u0259r.<\/p>\n\n\n\n<p>Sonda kursu m\u00fcv\u0259ff\u0259qiyy\u0259tl\u0259 bitir\u0259nl\u0259r\u0259 sertifikatlar t\u0259qdim edilib.\u00a0<\/p>\n\n\n\n<figure class=\"wp-container-2 wp-block-gallery-1 wp-block-gallery columns-3 is-cropped\"><ul class=\"blocks-gallery-grid\"><li class=\"blocks-gallery-item\"><figure><img width=\"1024\" height=\"678\" src=\"https:\/\/dia.edu.az\/wp-content\/uploads\/2021\/03\/26.04-1024x678.jpg\" alt=\"\" data-id=\"11496\" data-full-url=\"https:\/\/dia.edu.az\/wp-content\/uploads\/2021\/03\/26.04-scaled.jpg\" data-link=\"https:\/\/dia.edu.az\/?attachment_id=11496\" class=\"wp-image-11496\" srcset=\"https:\/\/legacy.dia.edu.az\/wp-content\/uploads\/2021\/03\/26.04-1024x678.jpg 1024w, https:\/\/legacy.dia.edu.az\/wp-content\/uploads\/2021\/03\/26.04-300x199.jpg 300w, https:\/\/legacy.dia.edu.az\/wp-content\/uploads\/2021\/03\/26.04-1536x1017.jpg 1536w, https:\/\/legacy.dia.edu.az\/wp-content\/uploads\/2021\/03\/26.04-2048x1356.jpg 2048w, https:\/\/legacy.dia.edu.az\/wp-content\/uploads\/2021\/03\/26.04-16x12.jpg 16w, https:\/\/legacy.dia.edu.az\/wp-content\/uploads\/2021\/03\/26.04-150x100.jpg 150w, https:\/\/legacy.dia.edu.az\/wp-content\/uploads\/2021\/03\/26.04-300x199@2x.jpg 600w\" sizes=\"(max-width: 1024px) 100vw, 1024px\" \/><\/figure><\/li><li class=\"blocks-gallery-item\"><figure><img width=\"1024\" height=\"678\" src=\"https:\/\/dia.edu.az\/wp-content\/uploads\/2021\/03\/2604.19-1024x678.jpg\" alt=\"\" data-id=\"11497\" data-full-url=\"https:\/\/dia.edu.az\/wp-content\/uploads\/2021\/03\/2604.19-scaled.jpg\" data-link=\"https:\/\/dia.edu.az\/?attachment_id=11497\" class=\"wp-image-11497\" srcset=\"https:\/\/legacy.dia.edu.az\/wp-content\/uploads\/2021\/03\/2604.19-1024x678.jpg 1024w, https:\/\/legacy.dia.edu.az\/wp-content\/uploads\/2021\/03\/2604.19-300x199.jpg 300w, https:\/\/legacy.dia.edu.az\/wp-content\/uploads\/2021\/03\/2604.19-1536x1017.jpg 1536w, https:\/\/legacy.dia.edu.az\/wp-content\/uploads\/2021\/03\/2604.19-2048x1356.jpg 2048w, https:\/\/legacy.dia.edu.az\/wp-content\/uploads\/2021\/03\/2604.19-16x12.jpg 16w, https:\/\/legacy.dia.edu.az\/wp-content\/uploads\/2021\/03\/2604.19-150x100.jpg 150w, https:\/\/legacy.dia.edu.az\/wp-content\/uploads\/2021\/03\/2604.19-300x199@2x.jpg 600w\" sizes=\"(max-width: 1024px) 100vw, 1024px\" \/><\/figure><\/li><li class=\"blocks-gallery-item\"><figure><img width=\"1024\" height=\"678\" src=\"https:\/\/dia.edu.az\/wp-content\/uploads\/2021\/03\/2604-1024x678.jpg\" alt=\"\" data-id=\"11498\" data-full-url=\"https:\/\/dia.edu.az\/wp-content\/uploads\/2021\/03\/2604-scaled.jpg\" data-link=\"https:\/\/dia.edu.az\/?attachment_id=11498\" class=\"wp-image-11498\" srcset=\"https:\/\/legacy.dia.edu.az\/wp-content\/uploads\/2021\/03\/2604-1024x678.jpg 1024w, https:\/\/legacy.dia.edu.az\/wp-content\/uploads\/2021\/03\/2604-300x199.jpg 300w, https:\/\/legacy.dia.edu.az\/wp-content\/uploads\/2021\/03\/2604-1536x1017.jpg 1536w, https:\/\/legacy.dia.edu.az\/wp-content\/uploads\/2021\/03\/2604-2048x1356.jpg 2048w, https:\/\/legacy.dia.edu.az\/wp-content\/uploads\/2021\/03\/2604-16x12.jpg 16w, https:\/\/legacy.dia.edu.az\/wp-content\/uploads\/2021\/03\/2604-150x100.jpg 150w, https:\/\/legacy.dia.edu.az\/wp-content\/uploads\/2021\/03\/2604-300x199@2x.jpg 600w\" sizes=\"(max-width: 1024px) 100vw, 1024px\" \/><\/figure><\/li><\/ul><\/figure>","protected":false},"excerpt":{"rendered":"<p>D\u00f6vl\u0259t \u0130dar\u0259\u00e7ilik Akademiyas\u0131nda \u201cAz\u0259rbaycan Respublikas\u0131nda d\u00f6vl\u0259t-din m\u00fcnasib\u0259tl\u0259ri\u201d istiqam\u0259ti \u00fczr\u0259 ixtisasart\u0131rma kursu t\u0259\u015fkil edilibApr 25 , 2019 &#8211; 12:01 Az\u0259rbaycan Respublikas\u0131n\u0131n Prezidenti yan\u0131nda D\u00f6vl\u0259t \u0130dar\u0259\u00e7ilik Akademiyas\u0131nda \u201cAz\u0259rbaycan Respublikas\u0131nda d\u00f6vl\u0259t-din m\u00fcnasib\u0259tl\u0259ri\u201d&nbsp; istiqam\u0259ti \u00fczr\u0259ixtisasart\u0131rma kursu ke\u00e7irilib. Kursa d\u00f6vl\u0259t orqanlar\u0131nda \u00e7al\u0131\u015fan m\u00fcvafiq d\u00f6vl\u0259t qulluq\u00e7ular\u0131 c\u0259lb olunub. &nbsp;&nbsp;&nbsp;&nbsp; &nbsp;&nbsp;&nbsp;&nbsp; Bu istiqam\u0259td\u0259 kursun \u0259sas m\u0259qs\u0259di&nbsp;Az\u0259rbaycan Respublikas\u0131nda d\u00f6vl\u0259t-din m\u00fcnasib\u0259tl\u0259rinin \u0259sas istiqam\u0259tl\u0259ri, Az\u0259rbaycanda [&hellip;]<\/p>","protected":false},"author":2,"featured_media":11497,"comment_status":"closed","ping_status":"closed","sticky":false,"template":"","format":"standard","meta":[],"categories":[137],"tags":[],"_links":{"self":[{"href":"https:\/\/legacy.dia.edu.az\/en\/wp-json\/wp\/v2\/posts\/11495"}],"collection":[{"href":"https:\/\/legacy.dia.edu.az\/en\/wp-json\/wp\/v2\/posts"}],"about":[{"href":"https:\/\/legacy.dia.edu.az\/en\/wp-json\/wp\/v2\/types\/post"}],"author":[{"embeddable":true,"href":"https:\/\/legacy.dia.edu.az\/en\/wp-json\/wp\/v2\/users\/2"}],"replies":[{"embeddable":true,"href":"https:\/\/legacy.dia.edu.az\/en\/wp-json\/wp\/v2\/comments?post=11495"}],"version-history":[{"count":0,"href":"https:\/\/legacy.dia.edu.az\/en\/wp-json\/wp\/v2\/posts\/11495\/revisions"}],"wp:featuredmedia":[{"embeddable":true,"href":"https:\/\/legacy.dia.edu.az\/en\/wp-json\/wp\/v2\/media\/11497"}],"wp:attachment":[{"href":"https:\/\/legacy.dia.edu.az\/en\/wp-json\/wp\/v2\/media?parent=11495"}],"wp:term":[{"taxonomy":"category","embeddable":true,"href":"https:\/\/legacy.dia.edu.az\/en\/wp-json\/wp\/v2\/categories?post=11495"},{"taxonomy":"post_tag","embeddable":true,"href":"https:\/\/legacy.dia.edu.az\/en\/wp-json\/wp\/v2\/tags?post=11495"}],"curies":[{"name":"wp","href":"https:\/\/api.w.org\/{rel}","templated":true}]}}