{"id":11481,"date":"2019-05-03T11:27:00","date_gmt":"2019-05-03T08:27:00","guid":{"rendered":"https:\/\/dia.edu.az\/?p=11481"},"modified":"2021-03-13T11:29:09","modified_gmt":"2021-03-13T08:29:09","slug":"dovl%c9%99t-idar%c9%99cilik-akademiyasinda-heyd%c9%99r-%c9%99liyev-ideyalari-v%c9%99-muasir-az%c9%99rbaycan-movzusunda-doktorant-v%c9%99-dissertantlarin-elmi-praktiki-konfransi-kecir","status":"publish","type":"post","link":"https:\/\/legacy.dia.edu.az\/en\/arxivl\u0259r\/11481","title":{"rendered":"D\u00f6vl\u0259t \u0130dar\u0259\u00e7ilik Akademiyas\u0131nda \u201cHeyd\u0259r \u018fliyev ideyalar\u0131 v\u0259 m\u00fcasir Az\u0259rbaycan\u201d m\u00f6vzusunda doktorant v\u0259 dissertantlar\u0131n elmi-praktiki konfrans\u0131 ke\u00e7irilib"},"content":{"rendered":"<p><strong>D\u00f6vl\u0259t \u0130dar\u0259\u00e7ilik Akademiyas\u0131nda \u201cHeyd\u0259r \u018fliyev ideyalar\u0131 v\u0259 m\u00fcasir Az\u0259rbaycan\u201d m\u00f6vzusunda doktorant v\u0259 dissertantlar\u0131n elmi-praktiki konfrans\u0131 ke\u00e7irilib<\/strong><br><em>May 03 , 2019 &#8211; 04:28<\/em><\/p>\n\n\n\n<p>May\u0131n 3-d\u0259 Az\u0259rbaycan Respublikas\u0131n\u0131n Prezidenti yan\u0131nda D\u00f6vl\u0259t \u0130dar\u0259\u00e7ilik Akademiyas\u0131nda doktorant v\u0259 dissertantlar\u0131n \u00dcmummilli Lider Heyd\u0259r \u018fliyevin 96-c\u00fc ild\u00f6n\u00fcm\u00fcn\u0259 h\u0259sr edilmi\u015f \u201cHeyd\u0259r \u018fliyev ideyalar\u0131 v\u0259 m\u00fcasir Az\u0259rbaycan\u201d &nbsp;m\u00f6vzusunda elmi-praktiki konfrans\u0131 ke\u00e7irilib. D\u0130A-n\u0131n \u201cElmi-t\u0259\u015fkilat v\u0259 beyn\u0259lxalq \u0259laq\u0259l\u0259r\u201d \u015f\u00f6b\u0259sinin t\u0259\u015fkilat\u00e7\u0131ll\u0131\u011f\u0131 il\u0259 ke\u00e7iril\u0259n elmi-praktik konfrans\u0131 giri\u015f s\u00f6z\u00fc il\u0259 a\u00e7an D\u00f6vl\u0259t \u0130dar\u0259\u00e7ilik Akademiyas\u0131n\u0131n rektoru, akademik Urxan \u018fl\u0259kb\u0259rov \u00fcmummilli lider Heyd\u0259r \u018fliyevin Az\u0259rbaycan d\u00f6vl\u0259ti v\u0259 xalq\u0131 qar\u015f\u0131s\u0131ndak\u0131 m\u00fcst\u0259sna xidm\u0259tl\u0259rind\u0259n, ulu \u00f6nd\u0259rin z\u0259ngin siyasi irsinin, idar\u0259\u00e7ilik t\u0259cr\u00fcb\u0259sinin \u0259h\u0259miyy\u0259tind\u0259n dan\u0131\u015f\u0131b. Rektor qeyd edib ki, bu il Heyd\u0259r \u018fliyevin siyasi hakimiyy\u0259t\u0259 g\u0259li\u015finin 50 illik yubileyi d\u0259 qeyd edil\u0259c\u0259k. Heyd\u0259r \u018fliyev ideyalar\u0131n\u0131n v\u0259 siyasi irsinin layiqli davam\u00e7\u0131s\u0131 Prezident \u0130lham \u018fliyevin d\u00fc\u015f\u00fcn\u00fclm\u00fc\u015f siyas\u0259ti n\u0259tic\u0259sind\u0259 Az\u0259rbaycan d\u00fcnyada inki\u015faf etmi\u015f \u00f6lk\u0259l\u0259r s\u0131ras\u0131nda layiqli yerini tutmu\u015fdur. Daha sonra rektor qeyd etmi\u015fdir ki, Davos D\u00fcnya \u0130qtisadi Forumunda inkl\u00fcziv inki\u015faf indeksin\u0259 g\u00f6r\u0259 Az\u0259rbaycan ke\u00e7id iqtisadiyyat\u0131na malik \u00f6lk\u0259l\u0259r aras\u0131nda \u00fc\u00e7\u00fcnc\u00fc yerd\u0259 q\u0259rarla\u015faraq, iqtisadi imkanlar\u0131 daha y\u00fcks\u0259k olan Avropa \u0130ttifaq\u0131 \u00f6lk\u0259l\u0259rinin \u00e7oxunu gerid\u0259 qoymu\u015fdur. Eyni zamanda, inkl\u00fcziv inki\u015faf\u0131n idar\u0259 edilm\u0259sin\u0259, y\u0259ni resurslardan s\u0259m\u0259r\u0259li istifad\u0259y\u0259 g\u00f6r\u0259 Az\u0259rbaycan d\u00fcnyada birinci yerd\u0259dir. Az\u0259rbaycan h\u0259rt\u0259r\u0259fli inkl\u00fcziv inki\u015faf indeksin\u0259 g\u00f6r\u0259 Litva v\u0259 Macar\u0131standan sonra 3-c\u00fc g\u00f6st\u0259riciy\u0259 malikdir. Akademik qeyd etdi ki, bu nailiyy\u0259tl\u0259r ulu \u00f6nd\u0259r Heyd\u0259r \u018fliyevin m\u00fc\u0259yy\u0259nl\u0259\u015fdirdiyi, Prezident \u0130lham \u018fliyev t\u0259r\u0259find\u0259n h\u0259yata ke\u00e7iril\u0259n d\u0259rin d\u00fc\u015f\u00fcn\u00fclm\u00fc\u015f strategiya v\u0259 t\u0259tbiq olunan orijinal innovativ idar\u0259etm\u0259 texnologiyalar\u0131 \u0259sas\u0131nda qazan\u0131l\u0131b. Bu texnologiyalar\u0131n i\u015fl\u0259nilm\u0259si v\u0259 h\u0259yata ke\u00e7irilm\u0259si prosesind\u0259 Az\u0259rbaycan\u0131n Birinci vitse-prezidenti Mehriban \u018fliyeva v\u0259 onun r\u0259hb\u0259rlik etdiyi Heyd\u0259r \u018fliyev Fondu x\u00fcsusi rola malikdir.<\/p>\n\n\n\n<p>&nbsp;Daha sonra rektor&nbsp; konfransda i\u015ftirak ed\u0259n doktorant v\u0259 dissertantlara s\u00f6z verdi. Konfransda \u00e7\u0131x\u0131\u015f ed\u0259n doktorant v\u0259 dissertantlar ulu \u00f6nd\u0259rin Az\u0259rbaycan\u0131n sosial-iqtisadi, m\u0259d\u0259ni v\u0259 d\u00f6vl\u0259t quruculu\u011fu sah\u0259sind\u0259ki xidm\u0259tl\u0259rin\u0259 h\u0259sr olunmu\u015f m\u00f6vzular \u0259traf\u0131nda \u00e7\u0131x\u0131\u015flar etdil\u0259r, \u00dcmummilli liderin z\u0259ngin d\u00f6vl\u0259t\u00e7ilik t\u0259cr\u00fcb\u0259si m\u00fcxt\u0259lif aspektl\u0259rd\u0259n elmi c\u0259h\u0259td\u0259n t\u0259hlil edildi. Konfransda doktorant v\u0259 dissertantlar\u0131n 21 m\u0259ruz\u0259si dinl\u0259nildi. Yekun nitqi s\u00f6yl\u0259y\u0259n rektor, akademik Urxan \u018fl\u0259kb\u0259rov qeyd etdi ki, \u00dcmummilli Lider Heyd\u0259r \u018fliyevin z\u0259ngin siyasi irsi, idar\u0259\u00e7ilik t\u0259cr\u00fcb\u0259si, siyasi elm\u0259 g\u0259tirdiyi yenilikl\u0259r zaman ke\u00e7dikc\u0259 g\u0259nc aliml\u0259r &nbsp;t\u0259r\u0259find\u0259n daha diqq\u0259tl\u0259, daha d\u0259rind\u0259n \u00f6yr\u0259nil\u0259c\u0259k v\u0259 g\u0259l\u0259c\u0259k siyasi idar\u0259\u00e7ilikd\u0259 geni\u015f t\u0259tbiq edil\u0259c\u0259kdir.<\/p>\n\n\n\n<p>Konfrans\u0131n sonunda xatir\u0259 \u015f\u0259kill\u0259ri \u00e7\u0259kildi.<\/p>\n\n\n\n<figure class=\"wp-container-2 wp-block-gallery-1 wp-block-gallery columns-3 is-cropped\"><ul class=\"blocks-gallery-grid\"><li class=\"blocks-gallery-item\"><figure><img width=\"640\" height=\"424\" src=\"https:\/\/dia.edu.az\/wp-content\/uploads\/2021\/03\/AAA_8362.jpg\" alt=\"\" data-id=\"11482\" data-full-url=\"https:\/\/dia.edu.az\/wp-content\/uploads\/2021\/03\/AAA_8362.jpg\" data-link=\"https:\/\/dia.edu.az\/?attachment_id=11482\" class=\"wp-image-11482\" srcset=\"https:\/\/legacy.dia.edu.az\/wp-content\/uploads\/2021\/03\/AAA_8362.jpg 640w, https:\/\/legacy.dia.edu.az\/wp-content\/uploads\/2021\/03\/AAA_8362-300x199.jpg 300w, https:\/\/legacy.dia.edu.az\/wp-content\/uploads\/2021\/03\/AAA_8362-16x12.jpg 16w, https:\/\/legacy.dia.edu.az\/wp-content\/uploads\/2021\/03\/AAA_8362-150x100.jpg 150w, https:\/\/legacy.dia.edu.az\/wp-content\/uploads\/2021\/03\/AAA_8362-300x199@2x.jpg 600w\" sizes=\"(max-width: 640px) 100vw, 640px\" \/><\/figure><\/li><li class=\"blocks-gallery-item\"><figure><img width=\"640\" height=\"424\" src=\"https:\/\/dia.edu.az\/wp-content\/uploads\/2021\/03\/AAA_8377.jpg\" alt=\"\" data-id=\"11483\" data-full-url=\"https:\/\/dia.edu.az\/wp-content\/uploads\/2021\/03\/AAA_8377.jpg\" data-link=\"https:\/\/dia.edu.az\/?attachment_id=11483\" class=\"wp-image-11483\" srcset=\"https:\/\/legacy.dia.edu.az\/wp-content\/uploads\/2021\/03\/AAA_8377.jpg 640w, https:\/\/legacy.dia.edu.az\/wp-content\/uploads\/2021\/03\/AAA_8377-300x199.jpg 300w, https:\/\/legacy.dia.edu.az\/wp-content\/uploads\/2021\/03\/AAA_8377-16x12.jpg 16w, https:\/\/legacy.dia.edu.az\/wp-content\/uploads\/2021\/03\/AAA_8377-150x100.jpg 150w, https:\/\/legacy.dia.edu.az\/wp-content\/uploads\/2021\/03\/AAA_8377-300x199@2x.jpg 600w\" sizes=\"(max-width: 640px) 100vw, 640px\" \/><\/figure><\/li><li class=\"blocks-gallery-item\"><figure><img width=\"640\" height=\"424\" src=\"https:\/\/dia.edu.az\/wp-content\/uploads\/2021\/03\/AAA_8420.jpg\" alt=\"\" data-id=\"11484\" data-full-url=\"https:\/\/dia.edu.az\/wp-content\/uploads\/2021\/03\/AAA_8420.jpg\" data-link=\"https:\/\/dia.edu.az\/?attachment_id=11484\" class=\"wp-image-11484\" srcset=\"https:\/\/legacy.dia.edu.az\/wp-content\/uploads\/2021\/03\/AAA_8420.jpg 640w, https:\/\/legacy.dia.edu.az\/wp-content\/uploads\/2021\/03\/AAA_8420-300x199.jpg 300w, https:\/\/legacy.dia.edu.az\/wp-content\/uploads\/2021\/03\/AAA_8420-16x12.jpg 16w, https:\/\/legacy.dia.edu.az\/wp-content\/uploads\/2021\/03\/AAA_8420-150x100.jpg 150w, https:\/\/legacy.dia.edu.az\/wp-content\/uploads\/2021\/03\/AAA_8420-300x199@2x.jpg 600w\" sizes=\"(max-width: 640px) 100vw, 640px\" \/><\/figure><\/li><li class=\"blocks-gallery-item\"><figure><img width=\"768\" height=\"509\" src=\"https:\/\/dia.edu.az\/wp-content\/uploads\/2021\/03\/AAA_83671.jpg\" alt=\"\" data-id=\"11485\" data-full-url=\"https:\/\/dia.edu.az\/wp-content\/uploads\/2021\/03\/AAA_83671.jpg\" data-link=\"https:\/\/dia.edu.az\/?attachment_id=11485\" class=\"wp-image-11485\" srcset=\"https:\/\/legacy.dia.edu.az\/wp-content\/uploads\/2021\/03\/AAA_83671.jpg 768w, https:\/\/legacy.dia.edu.az\/wp-content\/uploads\/2021\/03\/AAA_83671-300x199.jpg 300w, https:\/\/legacy.dia.edu.az\/wp-content\/uploads\/2021\/03\/AAA_83671-16x12.jpg 16w, https:\/\/legacy.dia.edu.az\/wp-content\/uploads\/2021\/03\/AAA_83671-150x100.jpg 150w, https:\/\/legacy.dia.edu.az\/wp-content\/uploads\/2021\/03\/AAA_83671-300x199@2x.jpg 600w\" sizes=\"(max-width: 768px) 100vw, 768px\" \/><\/figure><\/li><\/ul><\/figure>","protected":false},"excerpt":{"rendered":"<p>D\u00f6vl\u0259t \u0130dar\u0259\u00e7ilik Akademiyas\u0131nda \u201cHeyd\u0259r \u018fliyev ideyalar\u0131 v\u0259 m\u00fcasir Az\u0259rbaycan\u201d m\u00f6vzusunda doktorant v\u0259 dissertantlar\u0131n elmi-praktiki konfrans\u0131 ke\u00e7irilibMay 03 , 2019 &#8211; 04:28 May\u0131n 3-d\u0259 Az\u0259rbaycan Respublikas\u0131n\u0131n Prezidenti yan\u0131nda D\u00f6vl\u0259t \u0130dar\u0259\u00e7ilik Akademiyas\u0131nda doktorant v\u0259 dissertantlar\u0131n \u00dcmummilli Lider Heyd\u0259r \u018fliyevin 96-c\u00fc ild\u00f6n\u00fcm\u00fcn\u0259 h\u0259sr edilmi\u015f \u201cHeyd\u0259r \u018fliyev ideyalar\u0131 v\u0259 m\u00fcasir Az\u0259rbaycan\u201d &nbsp;m\u00f6vzusunda elmi-praktiki konfrans\u0131 ke\u00e7irilib. D\u0130A-n\u0131n \u201cElmi-t\u0259\u015fkilat v\u0259 beyn\u0259lxalq [&hellip;]<\/p>","protected":false},"author":2,"featured_media":11484,"comment_status":"closed","ping_status":"closed","sticky":false,"template":"","format":"standard","meta":[],"categories":[137],"tags":[],"_links":{"self":[{"href":"https:\/\/legacy.dia.edu.az\/en\/wp-json\/wp\/v2\/posts\/11481"}],"collection":[{"href":"https:\/\/legacy.dia.edu.az\/en\/wp-json\/wp\/v2\/posts"}],"about":[{"href":"https:\/\/legacy.dia.edu.az\/en\/wp-json\/wp\/v2\/types\/post"}],"author":[{"embeddable":true,"href":"https:\/\/legacy.dia.edu.az\/en\/wp-json\/wp\/v2\/users\/2"}],"replies":[{"embeddable":true,"href":"https:\/\/legacy.dia.edu.az\/en\/wp-json\/wp\/v2\/comments?post=11481"}],"version-history":[{"count":0,"href":"https:\/\/legacy.dia.edu.az\/en\/wp-json\/wp\/v2\/posts\/11481\/revisions"}],"wp:featuredmedia":[{"embeddable":true,"href":"https:\/\/legacy.dia.edu.az\/en\/wp-json\/wp\/v2\/media\/11484"}],"wp:attachment":[{"href":"https:\/\/legacy.dia.edu.az\/en\/wp-json\/wp\/v2\/media?parent=11481"}],"wp:term":[{"taxonomy":"category","embeddable":true,"href":"https:\/\/legacy.dia.edu.az\/en\/wp-json\/wp\/v2\/categories?post=11481"},{"taxonomy":"post_tag","embeddable":true,"href":"https:\/\/legacy.dia.edu.az\/en\/wp-json\/wp\/v2\/tags?post=11481"}],"curies":[{"name":"wp","href":"https:\/\/api.w.org\/{rel}","templated":true}]}}