{"id":11428,"date":"2019-05-13T10:46:00","date_gmt":"2019-05-13T07:46:00","guid":{"rendered":"https:\/\/dia.edu.az\/?p=11428"},"modified":"2021-03-13T10:47:19","modified_gmt":"2021-03-13T07:47:19","slug":"dia-da-d%c9%99yirmi-masa-az%c9%99rbaycan-qazaxistan-%c9%99laq%c9%99l%c9%99ri-v%c9%99-regional-inteqrasiya","status":"publish","type":"post","link":"https:\/\/legacy.dia.edu.az\/en\/arxivl\u0259r\/11428","title":{"rendered":"D\u0130A-da d\u0259yirmi masa: Az\u0259rbaycan-Qazax\u0131stan \u0259laq\u0259l\u0259ri v\u0259 regional inteqrasiya"},"content":{"rendered":"<p><strong>D\u0130A-da d\u0259yirmi masa: Az\u0259rbaycan-Qazax\u0131stan \u0259laq\u0259l\u0259ri v\u0259 regional inteqrasiya<\/strong><br><em>May 13 , 2019 &#8211; 08:35<\/em><\/p>\n\n\n\n<p>Az\u0259rbaycan Respublikas\u0131n\u0131n Prezidenti yan\u0131nda D\u00f6vl\u0259t \u0130dar\u0259\u00e7ilik Akademiyas\u0131nda (D\u0130A) \u201cAz\u0259rbaycan-Qazax\u0131stan \u0259laq\u0259l\u0259ri v\u0259 regional inteqrasiya\u201d m\u00f6vzusunda d\u0259yirmi masa ke\u00e7irilib.<br>Milli M\u0259clis deputatlar\u0131n\u0131n, professor v\u0259 m\u00fc\u0259lliml\u0259rin i\u015ftirak etdikl\u0259ri t\u0259dbird\u0259 D\u0130A-n\u0131n rektoru, akademik Urxan \u018fl\u0259kb\u0259rov Az\u0259rbaycan-Qazax\u0131stan \u0259laq\u0259l\u0259rinin inki\u015faf m\u0259rh\u0259l\u0259l\u0259rind\u0259n dan\u0131\u015f\u0131b. Qeyd olunub ki, iki dost v\u0259 qarda\u015f \u00f6lk\u0259 aras\u0131nda \u0259m\u0259kda\u015fl\u0131\u011f\u0131n qurulmas\u0131nda v\u0259 inki\u015faf\u0131nda Az\u0259rbaycan xalq\u0131n\u0131n \u00fcmummilli lideri Heyd\u0259r \u018fliyev v\u0259 Qazax\u0131stan xalq\u0131n\u0131n lideri Nursultan Nazarbayevin m\u00fcst\u0259sna xidm\u0259tl\u0259ri olub.<br>Akademik Urxan \u018fl\u0259kb\u0259rov ulu \u00f6nd\u0259r Heyd\u0259r \u018fliyev siyasi kursunun bu g\u00fcn Prezident \u0130lham \u018fliyev t\u0259r\u0259find\u0259n u\u011furla davam etdirildiyini vur\u011fulay\u0131b, Az\u0259rbaycan-Qazax\u0131stan m\u00fcnasib\u0259tl\u0259rinin daha da geni\u015fl\u0259ndiyini s\u00f6yl\u0259yib.<br>Sonra Yeni Az\u0259rbaycan Partiyas\u0131 beyn\u0259lxalq \u0259laq\u0259l\u0259r komissiyas\u0131n\u0131n katibi, Milli M\u0259clisin deputat\u0131 Elman N\u0259sirov ulu \u00f6nd\u0259r Heyd\u0259r \u018fliyevin Nursultan Nazarbayevl\u0259 dostluq m\u00fcnasib\u0259tl\u0259rini qeyd edib v\u0259 iki xalq\u0131n liderl\u0259ri aras\u0131ndak\u0131 m\u00fcnasib\u0259tin \u00f6lk\u0259l\u0259rimizin bir-birin\u0259 yax\u0131nla\u015fmas\u0131nda m\u00fch\u00fcm rolunu vur\u011fulay\u0131b.<br>Prezident \u0130lham \u018fliyevin apard\u0131\u011f\u0131 siyas\u0259tin u\u011furlu n\u0259tic\u0259l\u0259rind\u0259n dan\u0131\u015fan Elman N\u0259sirov Az\u0259rbaycan-Qazax\u0131stan \u0259laq\u0259l\u0259rind\u0259n b\u0259hs edib. Bildirib ki, Nursultan Nazarbayev beyn\u0259lxalq t\u0259\u015fkilatlarda Az\u0259rbaycan\u0131n m\u00f6vqeyini daim m\u00fcdafi\u0259 edib.<br>\u201cYeni Az\u0259rbaycan\u201d q\u0259zetinin ba\u015f redaktoru, deputat Hikm\u0259t Babao\u011flu Az\u0259rbaycan-Qazax\u0131stan qarda\u015fl\u0131q m\u00fcnasib\u0259tl\u0259rinin \u0259h\u0259miyy\u0259tini diqq\u0259t\u0259 \u00e7atd\u0131r\u0131b, dahi r\u0259hb\u0259r Heyd\u0259r \u018fliyevin \u00e7ox\u0259srlik \u0259laq\u0259l\u0259rimizin inki\u015faf\u0131nda xidm\u0259tl\u0259rini vur\u011fulay\u0131b.<br>\u00dcmummilli lider Heyd\u0259r \u018fliyev ideyalar\u0131n\u0131n Prezident \u0130lham \u018fliyev t\u0259r\u0259find\u0259n q\u0259tiyy\u0259tl\u0259 h\u0259yata ke\u00e7irildiyini bildir\u0259n deputat Hikm\u0259t Babao\u011flu Az\u0259rbaycan\u0131n bu g\u00fcn s\u00fcr\u0259tl\u0259 t\u0259r\u0259qqi etdiyini, respublikam\u0131z il\u0259 Qazax\u0131stan \u0259m\u0259kda\u015fl\u0131\u011f\u0131n\u0131n y\u00fcks\u0259k s\u0259viyy\u0259d\u0259 oldu\u011funu deyib. Hikm\u0259t Babao\u011flu Nursultan Nazarbayevin Az\u0259rbaycana xo\u015f m\u00fcnasib\u0259tind\u0259n dan\u0131\u015f\u0131b.<br>Bak\u0131 Beyn\u0259lxalq Multikulturalizm M\u0259rk\u0259zinin m\u00fc\u015faviri, politoloq Tofiq Abbasov qeyd edib ki, Az\u0259rbaycan-Qazax\u0131stan m\u00fcnasib\u0259tl\u0259ri Avrasiya m\u0259kan\u0131nda vacib inki\u015faf amilin\u0259 \u00e7evrilib. \u00c7\u00fcnki iki d\u00f6vl\u0259t aras\u0131nda \u00e7ox etibarl\u0131 v\u0259 y\u00fcks\u0259l\u0259n x\u0259tt \u00fczr\u0259 davam ed\u0259n \u0259m\u0259kda\u015fl\u0131q m\u00f6vcuddur.<br>Tofiq Abbasov \u00f6lk\u0259l\u0259rimizin tam sabitlik \u015f\u0259raitind\u0259 t\u0259r\u0259qqi etdikl\u0259rini diqq\u0259t\u0259 \u00e7atd\u0131r\u0131b.<br>Az\u0259rbaycan M\u0259tbuat \u015euras\u0131n\u0131n s\u0259dri, Milli M\u0259clisin deputat\u0131 \u018fflatun Ama\u015fov, deputatlar Cavan\u015fir Feyziyev, Ayd\u0131n H\u00fcseynov, Az\u0259r Badamov v\u0259 dig\u0259r \u00e7\u0131x\u0131\u015f ed\u0259nl\u0259r m\u00f6vzu il\u0259 ba\u011fl\u0131 fikirl\u0259rini bildir\u0259r\u0259k, Az\u0259rbaycan-Qazax\u0131stan dostlu\u011funun v\u0259 \u0259m\u0259kda\u015fl\u0131\u011f\u0131n\u0131n \u0259h\u0259miyy\u0259tind\u0259n dan\u0131\u015f\u0131blar.<\/p>","protected":false},"excerpt":{"rendered":"<p>D\u0130A-da d\u0259yirmi masa: Az\u0259rbaycan-Qazax\u0131stan \u0259laq\u0259l\u0259ri v\u0259 regional inteqrasiyaMay 13 , 2019 &#8211; 08:35 Az\u0259rbaycan Respublikas\u0131n\u0131n Prezidenti yan\u0131nda D\u00f6vl\u0259t \u0130dar\u0259\u00e7ilik Akademiyas\u0131nda (D\u0130A) \u201cAz\u0259rbaycan-Qazax\u0131stan \u0259laq\u0259l\u0259ri v\u0259 regional inteqrasiya\u201d m\u00f6vzusunda d\u0259yirmi masa ke\u00e7irilib.Milli M\u0259clis deputatlar\u0131n\u0131n, professor v\u0259 m\u00fc\u0259lliml\u0259rin i\u015ftirak etdikl\u0259ri t\u0259dbird\u0259 D\u0130A-n\u0131n rektoru, akademik Urxan \u018fl\u0259kb\u0259rov Az\u0259rbaycan-Qazax\u0131stan \u0259laq\u0259l\u0259rinin inki\u015faf m\u0259rh\u0259l\u0259l\u0259rind\u0259n dan\u0131\u015f\u0131b. Qeyd olunub ki, iki dost v\u0259 qarda\u015f [&hellip;]<\/p>","protected":false},"author":2,"featured_media":11429,"comment_status":"closed","ping_status":"closed","sticky":false,"template":"","format":"standard","meta":[],"categories":[137],"tags":[],"_links":{"self":[{"href":"https:\/\/legacy.dia.edu.az\/en\/wp-json\/wp\/v2\/posts\/11428"}],"collection":[{"href":"https:\/\/legacy.dia.edu.az\/en\/wp-json\/wp\/v2\/posts"}],"about":[{"href":"https:\/\/legacy.dia.edu.az\/en\/wp-json\/wp\/v2\/types\/post"}],"author":[{"embeddable":true,"href":"https:\/\/legacy.dia.edu.az\/en\/wp-json\/wp\/v2\/users\/2"}],"replies":[{"embeddable":true,"href":"https:\/\/legacy.dia.edu.az\/en\/wp-json\/wp\/v2\/comments?post=11428"}],"version-history":[{"count":0,"href":"https:\/\/legacy.dia.edu.az\/en\/wp-json\/wp\/v2\/posts\/11428\/revisions"}],"wp:featuredmedia":[{"embeddable":true,"href":"https:\/\/legacy.dia.edu.az\/en\/wp-json\/wp\/v2\/media\/11429"}],"wp:attachment":[{"href":"https:\/\/legacy.dia.edu.az\/en\/wp-json\/wp\/v2\/media?parent=11428"}],"wp:term":[{"taxonomy":"category","embeddable":true,"href":"https:\/\/legacy.dia.edu.az\/en\/wp-json\/wp\/v2\/categories?post=11428"},{"taxonomy":"post_tag","embeddable":true,"href":"https:\/\/legacy.dia.edu.az\/en\/wp-json\/wp\/v2\/tags?post=11428"}],"curies":[{"name":"wp","href":"https:\/\/api.w.org\/{rel}","templated":true}]}}