{"id":11422,"date":"2019-05-16T10:45:00","date_gmt":"2019-05-16T07:45:00","guid":{"rendered":"https:\/\/dia.edu.az\/?p=11422"},"modified":"2021-03-13T10:46:00","modified_gmt":"2021-03-13T07:46:00","slug":"az%c9%99rbaycanin-sosial-siyas%c9%99ti-davos-dunya-iqtisadi-forumunun-t%c9%99siscisi-v%c9%99-prezidenti-klaus-martin-svabin-qlobal-hesabatinda","status":"publish","type":"post","link":"https:\/\/legacy.dia.edu.az\/en\/arxivl\u0259r\/11422","title":{"rendered":"Az\u0259rbaycan\u0131n sosial siyas\u0259ti Davos D\u00fcnya \u0130qtisadi Forumunun t\u0259sis\u00e7isi v\u0259 prezidenti Klaus Martin \u015evab\u0131n qlobal hesabat\u0131nda"},"content":{"rendered":"<p><strong>Az\u0259rbaycan\u0131n sosial siyas\u0259ti Davos D\u00fcnya \u0130qtisadi Forumunun t\u0259sis\u00e7isi v\u0259 prezidenti Klaus Martin \u015evab\u0131n qlobal hesabat\u0131nda<\/strong><br><em>May 16 , 2019 &#8211; 12:45<\/em><\/p>\n\n\n\n<p>&nbsp; &nbsp; &nbsp; &nbsp;Az\u0259rbaycan Respublikas\u0131n\u0131n Prezidenti yan\u0131nda D\u00f6vl\u0259t \u0130dar\u0259\u00e7ilik Akademiyas\u0131n\u0131n rektoru, akademik Urxan \u018fl\u0259kb\u0259rovun &#8220;Az\u0259rbaycan\u0131n sosial siyas\u0259ti Davos D\u00fcnya \u0130qtisadi Forumunun t\u0259sis\u00e7isi v\u0259 prezidenti Klaus Martin \u015evab\u0131n qlobal hesabat\u0131nda&#8221; adl\u0131 yeni m\u0259qal\u0259si n\u0259\u015fr edilib.&nbsp;<\/p>\n\n\n\n<p><em><strong>M\u0259qal\u0259y\u0259 ke\u00e7id<\/strong>&nbsp;:&nbsp; &nbsp; &nbsp;<\/em>&nbsp;1.&nbsp;&nbsp;<a href=\"http:\/\/www.azerbaijan-news.az\/uploads\/1557959022.pdf\">http:\/\/www.azerbaijan-news.az\/uploads\/1557959022.pdf<\/a><\/p>\n\n\n\n<p>&nbsp; &nbsp; &nbsp; &nbsp; &nbsp; &nbsp; &nbsp; &nbsp; &nbsp; &nbsp; &nbsp; &nbsp; &nbsp; &nbsp; &nbsp; &nbsp;&nbsp;2.&nbsp;&nbsp;<a href=\"http:\/\/www.br.az\/economy\/20190516104927241.html\">http:\/\/www.br.az\/economy\/20190516104927241.html<\/a><\/p>","protected":false},"excerpt":{"rendered":"<p>Az\u0259rbaycan\u0131n sosial siyas\u0259ti Davos D\u00fcnya \u0130qtisadi Forumunun t\u0259sis\u00e7isi v\u0259 prezidenti Klaus Martin \u015evab\u0131n qlobal hesabat\u0131ndaMay 16 , 2019 &#8211; 12:45 &nbsp; &nbsp; &nbsp; &nbsp;Az\u0259rbaycan Respublikas\u0131n\u0131n Prezidenti yan\u0131nda D\u00f6vl\u0259t \u0130dar\u0259\u00e7ilik Akademiyas\u0131n\u0131n rektoru, akademik Urxan \u018fl\u0259kb\u0259rovun &#8220;Az\u0259rbaycan\u0131n sosial siyas\u0259ti Davos D\u00fcnya \u0130qtisadi Forumunun t\u0259sis\u00e7isi v\u0259 prezidenti Klaus Martin \u015evab\u0131n qlobal hesabat\u0131nda&#8221; adl\u0131 yeni m\u0259qal\u0259si n\u0259\u015fr edilib.&nbsp; M\u0259qal\u0259y\u0259 [&hellip;]<\/p>","protected":false},"author":2,"featured_media":11423,"comment_status":"closed","ping_status":"closed","sticky":false,"template":"","format":"standard","meta":[],"categories":[137],"tags":[],"_links":{"self":[{"href":"https:\/\/legacy.dia.edu.az\/en\/wp-json\/wp\/v2\/posts\/11422"}],"collection":[{"href":"https:\/\/legacy.dia.edu.az\/en\/wp-json\/wp\/v2\/posts"}],"about":[{"href":"https:\/\/legacy.dia.edu.az\/en\/wp-json\/wp\/v2\/types\/post"}],"author":[{"embeddable":true,"href":"https:\/\/legacy.dia.edu.az\/en\/wp-json\/wp\/v2\/users\/2"}],"replies":[{"embeddable":true,"href":"https:\/\/legacy.dia.edu.az\/en\/wp-json\/wp\/v2\/comments?post=11422"}],"version-history":[{"count":0,"href":"https:\/\/legacy.dia.edu.az\/en\/wp-json\/wp\/v2\/posts\/11422\/revisions"}],"wp:featuredmedia":[{"embeddable":true,"href":"https:\/\/legacy.dia.edu.az\/en\/wp-json\/wp\/v2\/media\/11423"}],"wp:attachment":[{"href":"https:\/\/legacy.dia.edu.az\/en\/wp-json\/wp\/v2\/media?parent=11422"}],"wp:term":[{"taxonomy":"category","embeddable":true,"href":"https:\/\/legacy.dia.edu.az\/en\/wp-json\/wp\/v2\/categories?post=11422"},{"taxonomy":"post_tag","embeddable":true,"href":"https:\/\/legacy.dia.edu.az\/en\/wp-json\/wp\/v2\/tags?post=11422"}],"curies":[{"name":"wp","href":"https:\/\/api.w.org\/{rel}","templated":true}]}}