{"id":11411,"date":"2019-05-30T10:42:00","date_gmt":"2019-05-30T07:42:00","guid":{"rendered":"https:\/\/dia.edu.az\/?p=11411"},"modified":"2021-03-13T10:43:08","modified_gmt":"2021-03-13T07:43:08","slug":"dovl%c9%99t-idar%c9%99cilik-akademiyasinin-komandasi-enactus-2019-milli-cempionatinin-qalibi-oldu","status":"publish","type":"post","link":"https:\/\/legacy.dia.edu.az\/en\/arxivl\u0259r\/11411","title":{"rendered":"D\u00f6vl\u0259t \u0130dar\u0259\u00e7ilik Akademiyas\u0131n\u0131n komandas\u0131 \u201cEnactus-2019\u201d milli \u00e7empionat\u0131n\u0131n qalibi oldu"},"content":{"rendered":"<p><strong>D\u00f6vl\u0259t \u0130dar\u0259\u00e7ilik Akademiyas\u0131n\u0131n komandas\u0131 \u201cEnactus-2019\u201d milli \u00e7empionat\u0131n\u0131n qalibi oldu<\/strong><br><em>May 30 , 2019 &#8211; 06:19<\/em><\/p>\n\n\n\n<p>Bak\u0131 Konqres M\u0259rk\u0259zind\u0259 \u201cEnactus-2019\u201d Az\u0259rbaycan milli \u00e7empionat\u0131 ke\u00e7irilib. \u00c7empionat\u0131n qalibi Az\u0259rbaycan Respublikas\u0131n\u0131n Prezidenti yan\u0131nda D\u00f6vl\u0259t \u0130dar\u0259\u00e7ilik Akademiyas\u0131n\u0131n (D\u0130A) komandas\u0131 olub.<\/p>\n\n\n\n<p>Bu beyn\u0259lxalq platforman\u0131n \u0259sas m\u0259qs\u0259di \u00f6lk\u0259l\u0259rd\u0259 iqtisadi potensial\u0131n g\u00fccl\u0259ndirilm\u0259sind\u0259 g\u0259nc n\u0259slin rolunu art\u0131rmaq, onlar\u0131n sahibkarl\u0131q t\u0259\u015f\u0259bb\u00fcsl\u0259rini stimulla\u015fd\u0131rmaq, bu c\u00fcr v\u0259rdi\u015fl\u0259ri inki\u015faf etdir\u0259r\u0259k sosial biznes ideyalar\u0131n\u0131 g\u0259ncl\u0259r aras\u0131nda t\u0259bli\u011f etm\u0259kdir.<\/p>\n\n\n\n<p>Az\u0259rbaycan G\u0259ncl\u0259r Fondunun icra\u00e7\u0131 direktoru F\u0259rid C\u0259f\u0259rov qalib komandan\u0131n cari ilin sentyabr ay\u0131nda AB\u015e-\u0131n Kaliforniya \u015ftat\u0131n\u0131n San-Xose \u015f\u0259h\u0259rind\u0259 (Silikon Vadisind\u0259) ke\u00e7iril\u0259c\u0259k \u201cEnactus-2019\u201d d\u00fcnya \u00e7empionat\u0131nda \u00f6lk\u0259mizi t\u0259msil etm\u0259k h\u00fcququ qazand\u0131\u011f\u0131n\u0131 bildirib.<\/p>\n\n\n\n<p>T\u0259dbird\u0259 g\u0259ncl\u0259r v\u0259 idman nazirinin m\u00fcavini \u0130ntiqam Babayev, \u201cEnactus Global\u201d\u0131n MDB \u00f6lk\u0259l\u0259ri \u00fczr\u0259 direktoru Yusif M\u0259cidov, \u201cEnactus Az\u0259rbaycan\u201d n\u00fcmay\u0259nd\u0259liyinin r\u0259hb\u0259ri Faiq M\u0259mm\u0259dov v\u0259 dig\u0259rl\u0259ri \u00e7\u0131x\u0131\u015f edib, i\u015ftirak\u00e7\u0131lara u\u011furlar arzulay\u0131blar.<\/p>\n\n\n\n<p>Sonra ali t\u0259hsil m\u00fc\u0259ssis\u0259l\u0259rinin \u201cEnactus\u201d komandalar\u0131 \u00fcz\u0259rl\u0259rind\u0259 \u00e7al\u0131\u015fd\u0131qlar\u0131 layih\u0259l\u0259rin m\u00fcnsifl\u0259r hey\u0259ti qar\u015f\u0131s\u0131nda s\u0259hn\u0259 t\u0259qdimat\u0131n\u0131 edibl\u0259r. M\u00fcnsifl\u0259r hey\u0259ti d\u00f6vl\u0259t v\u0259 \u00f6z\u0259l qurumlardan olmaqla 23 m\u00fcst\u0259qil ekspertd\u0259n t\u0259\u015fkil edilib.<\/p>\n\n\n\n<p>Final m\u0259rh\u0259l\u0259sin\u0259 4 ali m\u0259kt\u0259b \u2013 D\u0130A, Az\u0259rbaycan D\u00f6vl\u0259t \u0130qtisad Universiteti, Az\u0259rbaycan D\u00f6vl\u0259t Pedaqoji Universiteti v\u0259 Az\u0259rbaycan Memarl\u0131q v\u0259 \u0130n\u015faat Universitetinin komandalar\u0131 m\u00fcbariz\u0259 apar\u0131blar.<\/p>\n\n\n\n<p>M\u00fcnsifl\u0259rin r\u0259yin\u0259 \u0259sas\u0259n, D\u0130A-n\u0131n komandas\u0131 I yer\u0259 layiq g\u00f6r\u00fcl\u0259r\u0259k \u201cEnactus-2019\u201d Az\u0259rbaycan milli kubokunu qazan\u0131b. Bu komanda \u201cMyChicken\u201d (c\u00fcc\u0259l\u0259rim) v\u0259 \u201cSnacKing\u201d layih\u0259l\u0259ri il\u0259 \u00e7\u0131x\u0131\u015f edib. Layih\u0259l\u0259r maddi imkan\u0131 z\u0259if olan ail\u0259 t\u0259s\u0259rr\u00fcfatlar\u0131nda ev qu\u015flar\u0131n\u0131n say\u0131n\u0131n intensiv \u00e7oxald\u0131lmas\u0131 yolu il\u0259 g\u0259lirin art\u0131r\u0131lmas\u0131n\u0131, \u00e7ox ucuz qiym\u0259t\u0259 sat\u0131lan m\u00f6vs\u00fcm\u00fc meyv\u0259l\u0259rin zay olmamas\u0131 \u00fc\u00e7\u00fcn onlar\u0131n asan \u00fcsullarla qurudulmu\u015f meyv\u0259 hal\u0131na g\u0259tirilm\u0259sini, ilkin emalda \u0259l\u00e7atan innovasiyan\u0131n t\u0259tbiqini n\u0259z\u0259rd\u0259 tutub.<\/p>\n\n\n\n<p>M\u00fcnsifl\u0259rin q\u0259rar\u0131na \u0259sas\u0259n D\u00f6vl\u0259t \u0130qtisad Universitetinin komandas\u0131 II yer\u0259, Memarl\u0131q v\u0259 \u0130n\u015faat Universitetinin komandas\u0131 is\u0259 III yer\u0259 layiq g\u00f6r\u00fcl\u00fcb. Komandalara m\u00fckafatlar t\u0259qdim olunub.<\/p>\n\n\n\n<figure class=\"wp-container-2 wp-block-gallery-1 wp-block-gallery columns-1 is-cropped\"><ul class=\"blocks-gallery-grid\"><li class=\"blocks-gallery-item\"><figure><img width=\"640\" height=\"352\" src=\"https:\/\/dia.edu.az\/wp-content\/uploads\/2021\/03\/31051559226191.jpg\" alt=\"\" data-id=\"11412\" data-full-url=\"https:\/\/dia.edu.az\/wp-content\/uploads\/2021\/03\/31051559226191.jpg\" data-link=\"https:\/\/dia.edu.az\/?attachment_id=11412\" class=\"wp-image-11412\" srcset=\"https:\/\/legacy.dia.edu.az\/wp-content\/uploads\/2021\/03\/31051559226191.jpg 640w, https:\/\/legacy.dia.edu.az\/wp-content\/uploads\/2021\/03\/31051559226191-300x165.jpg 300w, https:\/\/legacy.dia.edu.az\/wp-content\/uploads\/2021\/03\/31051559226191-16x9.jpg 16w, https:\/\/legacy.dia.edu.az\/wp-content\/uploads\/2021\/03\/31051559226191-300x165@2x.jpg 600w\" sizes=\"(max-width: 640px) 100vw, 640px\" \/><\/figure><\/li><\/ul><\/figure>","protected":false},"excerpt":{"rendered":"<p>D\u00f6vl\u0259t \u0130dar\u0259\u00e7ilik Akademiyas\u0131n\u0131n komandas\u0131 \u201cEnactus-2019\u201d milli \u00e7empionat\u0131n\u0131n qalibi olduMay 30 , 2019 &#8211; 06:19 Bak\u0131 Konqres M\u0259rk\u0259zind\u0259 \u201cEnactus-2019\u201d Az\u0259rbaycan milli \u00e7empionat\u0131 ke\u00e7irilib. \u00c7empionat\u0131n qalibi Az\u0259rbaycan Respublikas\u0131n\u0131n Prezidenti yan\u0131nda D\u00f6vl\u0259t \u0130dar\u0259\u00e7ilik Akademiyas\u0131n\u0131n (D\u0130A) komandas\u0131 olub. Bu beyn\u0259lxalq platforman\u0131n \u0259sas m\u0259qs\u0259di \u00f6lk\u0259l\u0259rd\u0259 iqtisadi potensial\u0131n g\u00fccl\u0259ndirilm\u0259sind\u0259 g\u0259nc n\u0259slin rolunu art\u0131rmaq, onlar\u0131n sahibkarl\u0131q t\u0259\u015f\u0259bb\u00fcsl\u0259rini stimulla\u015fd\u0131rmaq, bu c\u00fcr v\u0259rdi\u015fl\u0259ri inki\u015faf [&hellip;]<\/p>","protected":false},"author":2,"featured_media":11412,"comment_status":"closed","ping_status":"closed","sticky":false,"template":"","format":"standard","meta":[],"categories":[137],"tags":[],"_links":{"self":[{"href":"https:\/\/legacy.dia.edu.az\/en\/wp-json\/wp\/v2\/posts\/11411"}],"collection":[{"href":"https:\/\/legacy.dia.edu.az\/en\/wp-json\/wp\/v2\/posts"}],"about":[{"href":"https:\/\/legacy.dia.edu.az\/en\/wp-json\/wp\/v2\/types\/post"}],"author":[{"embeddable":true,"href":"https:\/\/legacy.dia.edu.az\/en\/wp-json\/wp\/v2\/users\/2"}],"replies":[{"embeddable":true,"href":"https:\/\/legacy.dia.edu.az\/en\/wp-json\/wp\/v2\/comments?post=11411"}],"version-history":[{"count":0,"href":"https:\/\/legacy.dia.edu.az\/en\/wp-json\/wp\/v2\/posts\/11411\/revisions"}],"wp:featuredmedia":[{"embeddable":true,"href":"https:\/\/legacy.dia.edu.az\/en\/wp-json\/wp\/v2\/media\/11412"}],"wp:attachment":[{"href":"https:\/\/legacy.dia.edu.az\/en\/wp-json\/wp\/v2\/media?parent=11411"}],"wp:term":[{"taxonomy":"category","embeddable":true,"href":"https:\/\/legacy.dia.edu.az\/en\/wp-json\/wp\/v2\/categories?post=11411"},{"taxonomy":"post_tag","embeddable":true,"href":"https:\/\/legacy.dia.edu.az\/en\/wp-json\/wp\/v2\/tags?post=11411"}],"curies":[{"name":"wp","href":"https:\/\/api.w.org\/{rel}","templated":true}]}}