{"id":11402,"date":"2019-05-30T10:40:00","date_gmt":"2019-05-30T07:40:00","guid":{"rendered":"https:\/\/dia.edu.az\/?p=11402"},"modified":"2021-03-13T10:41:50","modified_gmt":"2021-03-13T07:41:50","slug":"dovl%c9%99t-idar%c9%99cilik-akademiyasinda-inkluziv-c%c9%99miyy%c9%99tin-qurulmasinda-g%c9%99ncl%c9%99rin-rolu-movzusunda-elmi-seminar-kecirilib","status":"publish","type":"post","link":"https:\/\/legacy.dia.edu.az\/en\/arxivl\u0259r\/11402","title":{"rendered":"D\u00f6vl\u0259t \u0130dar\u0259\u00e7ilik Akademiyas\u0131nda \u201c\u0130nkl\u00fcziv c\u0259miyy\u0259tin qurulmas\u0131nda g\u0259ncl\u0259rin rolu\u201d m\u00f6vzusunda Elmi Seminar ke\u00e7irilib"},"content":{"rendered":"<p><strong>D\u00f6vl\u0259t \u0130dar\u0259\u00e7ilik Akademiyas\u0131nda \u201c\u0130nkl\u00fcziv c\u0259miyy\u0259tin qurulmas\u0131nda g\u0259ncl\u0259rin rolu\u201d m\u00f6vzusunda Elmi Seminar ke\u00e7irilib<\/strong><br><em>May 30 , 2019 &#8211; 03:45<\/em><\/p>\n\n\n\n<p>Az\u0259rbaycan Respublikas\u0131n\u0131n Prezidenti yan\u0131nda D\u00f6vl\u0259t \u0130dar\u0259\u00e7ilik Akademiyas\u0131nda \u201cDavaml\u0131 inki\u015faf\u0131n planla\u015fd\u0131r\u0131lmas\u0131 v\u0259 idar\u0259 edilm\u0259si\u201d kafedras\u0131n\u0131n t\u0259\u015f\u0259bb\u00fcs\u00fc v\u0259 \u201cDavaml\u0131 inki\u015faf\u0131n idar\u0259 edilm\u0259si\u201d ixtisas\u0131nda t\u0259hsil alan t\u0259l\u0259b\u0259 v\u0259 magistrantlar\u0131n i\u015ftirak\u0131 il\u0259 \u201c\u0130nkl\u00fcziv c\u0259miyy\u0259tin qurulmas\u0131nda g\u0259ncl\u0259rin rolu\u201d m\u00f6vzusunda Elmi Seminar ke\u00e7irilib.<\/p>\n\n\n\n<p>T\u0259dbiri giri\u015f s\u00f6z\u00fc il\u0259 a\u00e7an D\u0130A-n\u0131n rektoru akademik Urxan \u018fl\u0259kb\u0259rov m\u00fcasir d\u00f6vrd\u0259 c\u0259miyy\u0259tin inkl\u00fcziv inki\u015faf\u0131n\u0131n \u0259h\u0259miyy\u0259tini vur\u011fulayaraq, bu prosesd\u0259 g\u0259ncl\u0259rin oynad\u0131\u011f\u0131 m\u00fch\u00fcm rolundan dan\u0131\u015f\u0131b. Rektor qeyd etdi ki, Az\u0259rbaycanda m\u00fc\u015fahid\u0259 edil\u0259n inkl\u00fcziv inki\u015faf\u0131n n\u0259tic\u0259l\u0259rini b\u00fct\u00fcn v\u0259t\u0259nda\u015flar\u0131n \u00f6z h\u0259yatlar\u0131nda hiss etm\u0259l\u0259ri \u0259sas\u0131 h\u0259l\u0259 XX \u0259srin sonlar\u0131nda \u00fcmummilli lider Heyd\u0259r \u018fliyev t\u0259r\u0259find\u0259n qoyulmu\u015f v\u0259 bug\u00fcn d\u0259 Prezident \u0130lham \u018fliyev t\u0259r\u0259find\u0259n u\u011furla davam etdiril\u0259n idar\u0259\u00e7ilik strategiyas\u0131n\u0131n innovativ xarakteri il\u0259 birba\u015fa ba\u011fl\u0131d\u0131r. Bu strategiyan\u0131n davaml\u0131 olmas\u0131 is\u0259 g\u0259l\u0259c\u0259k n\u0259sill\u0259rin v\u0259 x\u00fcsus\u0259n d\u0259 indiki g\u0259nc n\u0259slin \u00fcz\u0259rin\u0259 b\u00f6y\u00fck m\u0259suliyy\u0259t qoyur.<\/p>\n\n\n\n<p>Sonra t\u0259dbird\u0259 t\u0259l\u0259b\u0259 g\u0259ncl\u0259rd\u0259n \u018fhm\u0259dzad\u0259 N\u0259zrin, Hac\u0131zad\u0259 \u00c7inar\u0259, M\u0259mm\u0259dzad\u0259 Fidan, \u018fliyeva Milana, Orucova Nuray, Mehdiyeva S\u0259ma v\u0259 dig\u0259rl\u0259ri davaml\u0131 inki\u015fafda innovativ texnologiyalar, yoxsullu\u011fun azald\u0131lmas\u0131, sosial m\u00fchit\u0259 t\u0259sirl\u0259rin qiym\u0259tl\u0259ndirilm\u0259si, gender b\u0259rab\u0259rsizliyinin aradan qald\u0131r\u0131lmas\u0131, alternativ enerji m\u0259nb\u0259l\u0259ri v\u0259 s. m\u00f6vzularda \u00e7\u0131x\u0131\u015flar etdil\u0259r.<\/p>\n\n\n\n<p>Daha sonra \u201cDavaml\u0131 inki\u015faf\u0131n t\u0259min olunmas\u0131nda ASAN xidm\u0259tin rolu\u201d, \u201cAlternativ v\u0259 b\u0259rpa olunan enerji m\u0259nb\u0259l\u0259ri\u201d, \u201cYa\u015f\u0131l v\u0259 g\u00f6y iqtisadiyyat davaml\u0131 inki\u015faf\u0131n amili kimi\u201d, \u201cAz\u0259rbaycan regionlar\u0131n\u0131n inkl\u00fcziv inki\u015faf potensial\u0131n\u0131n qiym\u0259tl\u0259ndirilm\u0259si\u201d, \u201cL\u0259nk\u0259ran-Astara iqtisadi rayonunda k\u0259nd t\u0259s\u0259rr\u00fcfat\u0131 strateji sektor kimi\u201d, \u201cS\u00fcni bal\u0131qart\u0131rma v\u0259 \u0259mt\u0259\u0259 bal\u0131q\u00e7\u0131l\u0131\u011f\u0131n\u0131n tarixi v\u0259 iqtisadi durumu\u201d, \u201cAz\u0259rbaycanda davaml\u0131 inki\u015faf sah\u0259sind\u0259 d\u00f6vl\u0259t siyas\u0259ti\u201d, \u201cDavaml\u0131 inki\u015fafda t\u0259bii resurslar\u0131n idar\u0259 edilm\u0259si\u201d, \u201cDavaml\u0131 inki\u015fafda sosial indikatorlar\u201d, \u201cDavaml\u0131 inki\u015fafda ya\u015f\u0131l enerji\u201d m\u00f6vzular\u0131nda Acalova Fatim\u0259, Rzayev Qurban, Abdullayeva F\u0259r\u0259h, K\u0259rimli Emilya, Babayev Ramil, M\u0259rdanl\u0131 F\u0259dai, Axundova Dilb\u0259r, C\u0259f\u0259rova Elnar\u0259, Zeynalova Seyidg\u00f6y\u00e7\u0259k v\u0259 dig\u0259r t\u0259l\u0259b\u0259l\u0259rin haz\u0131rlad\u0131qlar\u0131 posterl\u0259rin t\u0259dqimat\u0131 oldu. \u00a0<\/p>\n\n\n\n<figure class=\"wp-container-2 wp-block-gallery-1 wp-block-gallery columns-3 is-cropped\"><ul class=\"blocks-gallery-grid\"><li class=\"blocks-gallery-item\"><figure><img width=\"640\" height=\"427\" src=\"https:\/\/dia.edu.az\/wp-content\/uploads\/2021\/03\/30.05.19.jpg\" alt=\"\" data-id=\"11403\" data-full-url=\"https:\/\/dia.edu.az\/wp-content\/uploads\/2021\/03\/30.05.19.jpg\" data-link=\"https:\/\/dia.edu.az\/?attachment_id=11403\" class=\"wp-image-11403\" srcset=\"https:\/\/legacy.dia.edu.az\/wp-content\/uploads\/2021\/03\/30.05.19.jpg 640w, https:\/\/legacy.dia.edu.az\/wp-content\/uploads\/2021\/03\/30.05.19-300x200.jpg 300w, https:\/\/legacy.dia.edu.az\/wp-content\/uploads\/2021\/03\/30.05.19-16x12.jpg 16w, https:\/\/legacy.dia.edu.az\/wp-content\/uploads\/2021\/03\/30.05.19-150x100.jpg 150w, https:\/\/legacy.dia.edu.az\/wp-content\/uploads\/2021\/03\/30.05.19-300x200@2x.jpg 600w\" sizes=\"(max-width: 640px) 100vw, 640px\" \/><\/figure><\/li><li class=\"blocks-gallery-item\"><figure><img width=\"640\" height=\"427\" src=\"https:\/\/dia.edu.az\/wp-content\/uploads\/2021\/03\/30.05.jpg\" alt=\"\" data-id=\"11404\" data-full-url=\"https:\/\/dia.edu.az\/wp-content\/uploads\/2021\/03\/30.05.jpg\" data-link=\"https:\/\/dia.edu.az\/?attachment_id=11404\" class=\"wp-image-11404\" srcset=\"https:\/\/legacy.dia.edu.az\/wp-content\/uploads\/2021\/03\/30.05.jpg 640w, https:\/\/legacy.dia.edu.az\/wp-content\/uploads\/2021\/03\/30.05-300x200.jpg 300w, https:\/\/legacy.dia.edu.az\/wp-content\/uploads\/2021\/03\/30.05-16x12.jpg 16w, https:\/\/legacy.dia.edu.az\/wp-content\/uploads\/2021\/03\/30.05-150x100.jpg 150w, https:\/\/legacy.dia.edu.az\/wp-content\/uploads\/2021\/03\/30.05-300x200@2x.jpg 600w\" sizes=\"(max-width: 640px) 100vw, 640px\" \/><\/figure><\/li><li class=\"blocks-gallery-item\"><figure><img width=\"640\" height=\"427\" src=\"https:\/\/dia.edu.az\/wp-content\/uploads\/2021\/03\/3005.19.jpg\" alt=\"\" data-id=\"11405\" data-full-url=\"https:\/\/dia.edu.az\/wp-content\/uploads\/2021\/03\/3005.19.jpg\" data-link=\"https:\/\/dia.edu.az\/?attachment_id=11405\" class=\"wp-image-11405\" srcset=\"https:\/\/legacy.dia.edu.az\/wp-content\/uploads\/2021\/03\/3005.19.jpg 640w, https:\/\/legacy.dia.edu.az\/wp-content\/uploads\/2021\/03\/3005.19-300x200.jpg 300w, https:\/\/legacy.dia.edu.az\/wp-content\/uploads\/2021\/03\/3005.19-16x12.jpg 16w, https:\/\/legacy.dia.edu.az\/wp-content\/uploads\/2021\/03\/3005.19-150x100.jpg 150w, https:\/\/legacy.dia.edu.az\/wp-content\/uploads\/2021\/03\/3005.19-300x200@2x.jpg 600w\" sizes=\"(max-width: 640px) 100vw, 640px\" \/><\/figure><\/li><li class=\"blocks-gallery-item\"><figure><img width=\"640\" height=\"427\" src=\"https:\/\/dia.edu.az\/wp-content\/uploads\/2021\/03\/3005.jpg\" alt=\"\" data-id=\"11406\" data-full-url=\"https:\/\/dia.edu.az\/wp-content\/uploads\/2021\/03\/3005.jpg\" data-link=\"https:\/\/dia.edu.az\/?attachment_id=11406\" class=\"wp-image-11406\" srcset=\"https:\/\/legacy.dia.edu.az\/wp-content\/uploads\/2021\/03\/3005.jpg 640w, https:\/\/legacy.dia.edu.az\/wp-content\/uploads\/2021\/03\/3005-300x200.jpg 300w, https:\/\/legacy.dia.edu.az\/wp-content\/uploads\/2021\/03\/3005-16x12.jpg 16w, https:\/\/legacy.dia.edu.az\/wp-content\/uploads\/2021\/03\/3005-150x100.jpg 150w, https:\/\/legacy.dia.edu.az\/wp-content\/uploads\/2021\/03\/3005-300x200@2x.jpg 600w\" sizes=\"(max-width: 640px) 100vw, 640px\" \/><\/figure><\/li><li class=\"blocks-gallery-item\"><figure><img width=\"640\" height=\"427\" src=\"https:\/\/dia.edu.az\/wp-content\/uploads\/2021\/03\/300519.jpg\" alt=\"\" data-id=\"11407\" data-full-url=\"https:\/\/dia.edu.az\/wp-content\/uploads\/2021\/03\/300519.jpg\" data-link=\"https:\/\/dia.edu.az\/?attachment_id=11407\" class=\"wp-image-11407\" srcset=\"https:\/\/legacy.dia.edu.az\/wp-content\/uploads\/2021\/03\/300519.jpg 640w, https:\/\/legacy.dia.edu.az\/wp-content\/uploads\/2021\/03\/300519-300x200.jpg 300w, https:\/\/legacy.dia.edu.az\/wp-content\/uploads\/2021\/03\/300519-16x12.jpg 16w, https:\/\/legacy.dia.edu.az\/wp-content\/uploads\/2021\/03\/300519-150x100.jpg 150w, https:\/\/legacy.dia.edu.az\/wp-content\/uploads\/2021\/03\/300519-300x200@2x.jpg 600w\" sizes=\"(max-width: 640px) 100vw, 640px\" \/><\/figure><\/li><\/ul><\/figure>","protected":false},"excerpt":{"rendered":"<p>D\u00f6vl\u0259t \u0130dar\u0259\u00e7ilik Akademiyas\u0131nda \u201c\u0130nkl\u00fcziv c\u0259miyy\u0259tin qurulmas\u0131nda g\u0259ncl\u0259rin rolu\u201d m\u00f6vzusunda Elmi Seminar ke\u00e7irilibMay 30 , 2019 &#8211; 03:45 Az\u0259rbaycan Respublikas\u0131n\u0131n Prezidenti yan\u0131nda D\u00f6vl\u0259t \u0130dar\u0259\u00e7ilik Akademiyas\u0131nda \u201cDavaml\u0131 inki\u015faf\u0131n planla\u015fd\u0131r\u0131lmas\u0131 v\u0259 idar\u0259 edilm\u0259si\u201d kafedras\u0131n\u0131n t\u0259\u015f\u0259bb\u00fcs\u00fc v\u0259 \u201cDavaml\u0131 inki\u015faf\u0131n idar\u0259 edilm\u0259si\u201d ixtisas\u0131nda t\u0259hsil alan t\u0259l\u0259b\u0259 v\u0259 magistrantlar\u0131n i\u015ftirak\u0131 il\u0259 \u201c\u0130nkl\u00fcziv c\u0259miyy\u0259tin qurulmas\u0131nda g\u0259ncl\u0259rin rolu\u201d m\u00f6vzusunda Elmi Seminar ke\u00e7irilib. T\u0259dbiri [&hellip;]<\/p>","protected":false},"author":2,"featured_media":11404,"comment_status":"closed","ping_status":"closed","sticky":false,"template":"","format":"standard","meta":[],"categories":[137],"tags":[],"_links":{"self":[{"href":"https:\/\/legacy.dia.edu.az\/en\/wp-json\/wp\/v2\/posts\/11402"}],"collection":[{"href":"https:\/\/legacy.dia.edu.az\/en\/wp-json\/wp\/v2\/posts"}],"about":[{"href":"https:\/\/legacy.dia.edu.az\/en\/wp-json\/wp\/v2\/types\/post"}],"author":[{"embeddable":true,"href":"https:\/\/legacy.dia.edu.az\/en\/wp-json\/wp\/v2\/users\/2"}],"replies":[{"embeddable":true,"href":"https:\/\/legacy.dia.edu.az\/en\/wp-json\/wp\/v2\/comments?post=11402"}],"version-history":[{"count":0,"href":"https:\/\/legacy.dia.edu.az\/en\/wp-json\/wp\/v2\/posts\/11402\/revisions"}],"wp:featuredmedia":[{"embeddable":true,"href":"https:\/\/legacy.dia.edu.az\/en\/wp-json\/wp\/v2\/media\/11404"}],"wp:attachment":[{"href":"https:\/\/legacy.dia.edu.az\/en\/wp-json\/wp\/v2\/media?parent=11402"}],"wp:term":[{"taxonomy":"category","embeddable":true,"href":"https:\/\/legacy.dia.edu.az\/en\/wp-json\/wp\/v2\/categories?post=11402"},{"taxonomy":"post_tag","embeddable":true,"href":"https:\/\/legacy.dia.edu.az\/en\/wp-json\/wp\/v2\/tags?post=11402"}],"curies":[{"name":"wp","href":"https:\/\/api.w.org\/{rel}","templated":true}]}}