{"id":11391,"date":"2019-06-13T10:37:00","date_gmt":"2019-06-13T07:37:00","guid":{"rendered":"https:\/\/dia.edu.az\/?p=11391"},"modified":"2021-03-13T10:40:04","modified_gmt":"2021-03-13T07:40:04","slug":"muasir-dovl%c9%99t-idar%c9%99ciliyinin-t%c9%99skilati-%c9%99saslari-15-il-innovativ-inkisaf-yollarinda","status":"publish","type":"post","link":"https:\/\/legacy.dia.edu.az\/en\/arxivl\u0259r\/11391","title":{"rendered":"M\u00fcasir d\u00f6vl\u0259t idar\u0259\u00e7iliyinin t\u0259\u015fkilati \u0259saslari: 15 il innovativ inki\u015faf yollarinda"},"content":{"rendered":"<p><strong>M\u00fcasir d\u00f6vl\u0259t idar\u0259\u00e7iliyinin t\u0259\u015fkilati \u0259saslari: 15 il innovativ inki\u015faf yollarinda<\/strong><br><em>\u0130yn 13 , 2019 &#8211; 12:31<\/em><\/p>\n\n\n\n<p>\u0130yunun 11-d\u0259 \u015e\u0259ki \u015f\u0259h\u0259rind\u0259 Az\u0259rbaycan Respublikas\u0131n\u0131n Prezidenti yan\u0131nda D\u00f6vl\u0259t \u0130dar\u0259\u00e7ilik Akademiyas\u0131, Az\u0259rbaycan Respublikas\u0131n\u0131n Prezidenti yan\u0131nda V\u0259t\u0259nda\u015flara Xidm\u0259t v\u0259 Sosial \u0130nnovasiyalar \u00fczr\u0259 D\u00f6vl\u0259t Agentliyi v\u0259 \u015e\u0259ki \u015f\u0259h\u0259r \u0130cra Hakimiyy\u0259tinin birg\u0259 t\u0259\u015fkilat\u00e7\u0131l\u0131\u011f\u0131 il\u0259 d\u00f6vl\u0259t qulluq\u00e7ular\u0131 v\u0259 ASAN k\u00f6n\u00fcll\u00fcl\u0259ri \u00fc\u00e7\u00fcn n\u00f6vb\u0259ti s\u0259yyar seminar ke\u00e7irilib.<\/p>\n\n\n\n<p>Seminarda Az\u0259rbaycan Respublikas\u0131n\u0131n Prezidenti yan\u0131nda D\u00f6vl\u0259t \u0130dar\u0259\u00e7ilik Akademiyas\u0131n\u0131n rektoru, akademik Urxan \u018fl\u0259kb\u0259rov \u201cD\u00f6vl\u0259t idar\u0259\u00e7iliyind\u0259 innovativ texnologiyalar: Az\u0259rbaycan\u0131n t\u0259cr\u00fcb\u0259si\u201d&nbsp; m\u00f6vzusunda m\u0259ruz\u0259 il\u0259 \u00e7\u0131x\u0131\u015f edib. M\u0259ruz\u0259d\u0259 bildirilib ki, Az\u0259rbaycan Respublikas\u0131 m\u00fcst\u0259qilliyini yaln\u0131z 28 il \u00f6nc\u0259 b\u0259rpa etm\u0259sin\u0259 baxmayaraq, q\u0131sa d\u00f6n\u0259md\u0259 inkl\u00fcziv v\u0259 davaml\u0131 inki\u015faf sah\u0259sind\u0259 n\u0259z\u0259r\u0259\u00e7arpan u\u011furlara imza at\u0131b. Bu u\u011furlar beyn\u0259lxalq qurumlar v\u0259 m\u00fcst\u0259qil ekspertl\u0259rin hesabatlar\u0131nda \u00f6z \u0259ksini tap\u0131b. M\u0259ruz\u0259d\u0259 beyn\u0259lxalq t\u0259\u015fkilatlar\u0131n 2018-2019-cu ill\u0259rd\u0259 d\u0259rc edilmi\u015f r\u0259smi statistik bilgil\u0259ri t\u0259hlil olunub. Eyni zamanda Davos D\u00fcnya Forumunun t\u0259sis\u00e7isi v\u0259 f\u0259xri Prezidenti professor Klaus Martin \u015evab\u0131n haz\u0131rlad\u0131\u011fl qlobal hesabat n\u0259z\u0259rd\u0259n ke\u00e7irilib. Bildirilib ki, h\u0259min hesabatda Az\u0259rbaycan d\u00fcnyan\u0131n \u0259n s\u0259m\u0259r\u0259li sosial siyas\u0259t h\u0259yata ke\u00e7ir\u0259n \u00f6lk\u0259si kimi xarakteriz\u0259 olunub. Az\u0259rbaycan bu bax\u0131mdan iqtisadi g\u00f6st\u0259ricil\u0259ri daha \u00fcst\u00fcn AB\u015e, Almaniya, Danimarka, Kanada, Fransa, Yaponiya kimi \u00f6lk\u0259l\u0259ri gerid\u0259 qoyub.&nbsp; Qeyd edilib ki, \u00dcmummili lider Heyd\u0259r \u018fliyev t\u0259r\u0259find\u0259n \u0259sas\u0131 qoyulmu\u015f v\u0259 Prezident \u0130lham \u018fliyevin u\u011furla inki\u015faf etdirdiyi innovativ idar\u0259etm\u0259 texnologiyalar\u0131n\u0131n n\u0259z\u0259ri \u0259saslar\u0131n\u0131n i\u015fl\u0259nilm\u0259si, onlar\u0131n t\u0259cr\u00fcb\u0259d\u0259 t\u0259tbiqi n\u0259tic\u0259sind\u0259 bir s\u0131ra iqtisadi v\u0259 sosial g\u00f6st\u0259ricil\u0259rin\u0259 g\u00f6r\u0259, m\u00fcasir Az\u0259rbaycan Respublikas\u0131 haz\u0131rda y\u00fcz illik tarixi olan v\u0259 d\u00fcnya liderl\u0259ri say\u0131lan \u00f6lk\u0259l\u0259rl\u0259 r\u0259qab\u0259t aparmaq durumundad\u0131r. Seminar i\u015ftirak\u00e7\u0131lar\u0131 Az\u0259rbaycanda t\u0259tbiq edil\u0259n v\u0259 d\u00fcnya miqyas\u0131nda ilk d\u0259f\u0259 i\u015fl\u0259nilmi\u015f sinergetik, komplimentar v\u0259 kompensasion texnologiyalar\u0131n mahiyy\u0259ti bar\u0259d\u0259 m\u0259lumatland\u0131r\u0131l\u0131blar. S\u00f6z\u00fcged\u0259n texnologiyalar\u0131n i\u015fl\u0259nilm\u0259si v\u0259 h\u0259yata ke\u00e7irilm\u0259si prosesind\u0259 \u00f6lk\u0259nin birinci Vitse-Prezidenti Mehriban xan\u0131m \u018fliyeva v\u0259 onun r\u0259hb\u0259rlik etdiyi Heyd\u0259r \u018fliyev Fondunun&nbsp; x\u00fcsusi rolu oldu\u011fu diqq\u0259t\u0259 \u00e7atd\u0131r\u0131l\u0131b. Bildirilib ki, m\u0259hz d\u00f6vl\u0259t ba\u015f\u00e7\u0131s\u0131n\u0131n t\u0259tbiq etdiyi idar\u0259\u00e7ilik texnologiyalar\u0131 say\u0259sind\u0259 2018-ci ilin yanvar\u0131nda ba\u015f tutan Davos \u0130qtisadi Forumunun hesabat\u0131nda inkl\u00fcziv inki\u015faf indeksin\u0259 g\u00f6r\u0259, Az\u0259rbaycan d\u00fcnyada \u00fc\u00e7\u00fcnc\u00fc yerd\u0259 q\u0259rarla\u015faraq iqtisadi imkanlar\u0131 daha y\u00fcks\u0259k olan \u00f6lk\u0259l\u0259rin \u00e7oxunu gerid\u0259 qoyub. Bu v\u0259 b\u0259nz\u0259r t\u0259qdir\u0259layiq n\u0259tic\u0259l\u0259rin \u00f6lk\u0259nin s\u0259m\u0259r\u0259li idar\u0259 olunmas\u0131 v\u0259 iqtisadi imkanlardan maksimum istifad\u0259 edilm\u0259sind\u0259n x\u0259b\u0259r verdiyi x\u00fcsusi vur\u011fulan\u0131b.&nbsp;&nbsp;<\/p>\n\n\n\n<p>Mill\u0259t v\u0259kili, Az\u0259rbaycan Respublikas\u0131n\u0131n Prezidenti yan\u0131nda D\u00f6vl\u0259t \u0130dar\u0259\u00e7ilik Akademiyas\u0131n\u0131n Siyasi Ara\u015fd\u0131rmalar \u0130nstitutunun direktoru, professor&nbsp; Elman N\u0259sirov \u201cD\u00fcnyada v\u0259&nbsp; b\u00f6lg\u0259d\u0259 yeni t\u0259hl\u00fck\u0259sizlik m\u00fchitinin formala\u015fmas\u0131na Az\u0259rbaycan Respublikas\u0131n\u0131n t\u00f6hf\u0259si\u201d m\u00f6vzusunda m\u0259ruz\u0259sind\u0259 qloballa\u015fma d\u00f6n\u0259mind\u0259 t\u0259hl\u00fck\u0259sizlik anlay\u0131\u015f\u0131n\u0131n daha geni\u015f m\u0259na k\u0259sb etdiyin\u0259 diqq\u0259t \u00e7\u0259kib. O, m\u00fcst\u0259qil d\u00f6vl\u0259t olaraq h\u0259r bir \u00f6lk\u0259nin d\u00fcnya birliyind\u0259 tutdu\u011fu m\u00f6vqe v\u0259 qazand\u0131\u011f\u0131 n\u00fcfuzun onun beyn\u0259lxalq, regional v\u0259 milli s\u0259viyy\u0259l\u0259rd\u0259 realla\u015fd\u0131rd\u0131\u011f\u0131 t\u0259hl\u00fck\u0259sizlik siyas\u0259tinin \u00e7evikliyind\u0259n v\u0259 s\u0259m\u0259r\u0259liliyind\u0259n as\u0131l\u0131 oldu\u011funa diqq\u0259t \u00e7\u0259kib. Eyni zamanda m\u0259ruz\u0259\u00e7i ictimai r\u0259yin getdikc\u0259 artan t\u0259siri v\u0259 d\u00fcnya d\u00f6vl\u0259tl\u0259rinin bir-birind\u0259n as\u0131l\u0131l\u0131\u011f\u0131 \u015f\u0259raitind\u0259 m\u00fcdafi\u0259 obyektinin co\u011frafi geni\u015fl\u0259nm\u0259si problemini d\u00fcnya t\u0259hl\u00fck\u0259sizliyi \u00fc\u00e7\u00fcn \u00f6n\u0259mli fenomen kimi qabard\u0131b. &nbsp;Vur\u011fulan\u0131b ki, hal \u2013 haz\u0131rda m\u00fcst\u0259qil Az\u0259rbaycan \u00f6z\u00fcn\u00fcn s\u00fclhp\u0259rv\u0259r m\u00f6vqeyi, qon\u015fu, region v\u0259 b\u00fct\u00f6vl\u00fckd\u0259 \u0259m\u0259kda\u015fl\u0131\u011fa meylli olan b\u00fct\u00fcn d\u00f6vl\u0259tl\u0259rl\u0259 etibarl\u0131 \u0259laq\u0259l\u0259rinin s\u0259viyy\u0259si, h\u0259m\u00e7inin y\u00fcks\u0259k siyasi, iqtisadi, inki\u015faf potensial\u0131 il\u0259 d\u00fcnya d\u00f6vl\u0259tl\u0259ri aras\u0131nda r\u0259\u011fb\u0259t v\u0259 d\u0259st\u0259k qazanmaqda davam edir v\u0259 t\u0259rkib hiss\u0259si oldu\u011fu regionun stabil inki\u015faf\u0131 v\u0259 t\u0259hl\u00fck\u0259sizliyinin t\u0259minat\u0131nda \u00fcz\u0259rin\u0259 d\u00fc\u015f\u0259n rolu u\u011furla yerin\u0259 yetirir. &nbsp;Natiq \u00f6lk\u0259nin i\u015f\u011fal\u00e7\u0131l\u0131q siyas\u0259tinin qurban\u0131 olmas\u0131na baxmayaraq, h\u0259m region \u00f6lk\u0259l\u0259ri il\u0259, h\u0259m d\u0259 d\u00fcnya d\u00f6vl\u0259tl\u0259ri il\u0259 praqmatik, \u00f6l\u00e7\u00fcl\u00fcb-bi\u00e7ilmi\u015f, d\u00fc\u015f\u00fcn\u00fclm\u00fc\u015f v\u0259 balansl\u0131 siyasi strategiya \u0259sas\u0131nda m\u00fcnasib\u0259tl\u0259r qurmas\u0131 say\u0259sind\u0259 &nbsp;g\u00fccl\u00fc milli v\u0259 regional faktora \u00e7evrildiyini, beyn\u0259lxalq al\u0259ml\u0259 u\u011furlu inteqrasiyas\u0131n\u0131 v\u0259 \u0259ks\u0259r geosiyasi aktorlarla qar\u015f\u0131l\u0131ql\u0131-faydal\u0131 \u0259m\u0259kda\u015fl\u0131q qurdu\u011funu diqq\u0259t\u0259 \u00e7atd\u0131r\u0131b. &nbsp;<\/p>\n\n\n\n<p>&nbsp;&nbsp;&nbsp;&nbsp;&nbsp;&nbsp;&nbsp;&nbsp;&nbsp; \u201cD\u00f6vl\u0259t qullu\u011funda innovasiyalar\u0131n yeni m\u0259rh\u0259l\u0259si\u201d m\u00f6vzusunda m\u0259ruz\u0259 il\u0259 \u00e7\u0131x\u0131\u015f ed\u0259n Az\u0259rbaycan Respublikas\u0131n\u0131n Prezidenti yan\u0131nda D\u00f6vl\u0259t \u0130dar\u0259\u00e7ilik Akademiyas\u0131n\u0131n Elmi t\u0259\u015fkilat v\u0259 beyn\u0259lxalq \u0259laq\u0259l\u0259r \u015f\u00f6b\u0259sinin m\u00fcdiri, dosent R\u0259c\u0259b R\u0259himli innovasiyalar\u0131n d\u00f6vl\u0259t sektorunda t\u0259tbiq olunmas\u0131n\u0131n \u0259sas m\u0259qs\u0259dl\u0259ri v\u0259 d\u00f6vl\u0259t qullu\u011funda innovasiyalar\u0131n t\u0259tbiqinin d\u00f6vl\u0259t qullu\u011funun inki\u015faf\u0131 strategiyas\u0131 il\u0259 ba\u011fl\u0131l\u0131\u011f\u0131 haqq\u0131nda geni\u015f m\u0259lumat verib. &nbsp;Natiq \u00f6lk\u0259d\u0259 d\u00f6vl\u0259t qullu\u011fu sistemind\u0259 innovasiyalar\u0131n t\u0259tbiqi zaman\u0131 s\u0259m\u0259r\u0259li idar\u0259etm\u0259 texnologiyalar\u0131n\u0131n se\u00e7imi, d\u00f6vl\u0259t qulluq\u00e7ular\u0131n\u0131n xidm\u0259ti f\u0259aliyy\u0259tinin qiym\u0259tl\u0259ndirilm\u0259si, d\u00f6vl\u0259t qullu\u011funda s\u0259ri\u015ft\u0259 modelinin t\u0259tbiq edilm\u0259si il\u0259 d\u0259yi\u015fiklikl\u0259r\u0259 t\u0259kan ver\u0259n t\u0259\u015fkilati m\u00fchitin yarad\u0131lmas\u0131, potensial u\u011furlu layih\u0259l\u0259rin stimulla\u015fd\u0131r\u0131lmas\u0131, x\u0259rc v\u0259 resurslar\u0131n h\u0259cminin d\u00fczg\u00fcn m\u00fc\u0259yy\u0259nl\u0259\u015fdirilm\u0259si kimi \u00f6n\u0259mli faktorlara x\u00fcsusi diqq\u0259t yetirildiyini vur\u011fulay\u0131b. O, bu istiqam\u0259td\u0259 realla\u015fd\u0131r\u0131lan m\u0259qs\u0259dy\u00f6nl\u00fc siyas\u0259tin \u00f6lk\u0259nin ictimai-siyasi, iqtisadi, m\u0259n\u0259vi-ideoloji v\u0259 sosial h\u0259yat\u0131n\u0131 k\u00f6k\u00fcnd\u0259n d\u0259yi\u015fdiyini, v\u0259t\u0259nda\u015f c\u0259miyy\u0259ti institutlar\u0131n\u0131n inki\u015faf\u0131na t\u0259kan verdiyini bildirib. Eyni zamanda diqq\u0259t\u0259 \u00e7atd\u0131r\u0131l\u0131b ki, Az\u0259rbaycan Respublikas\u0131nda d\u00f6vl\u0259t orqanlar\u0131n\u0131n f\u0259aliyy\u0259tinin t\u0259\u015fkilin\u0259 \u0259n vacib konseptual innovativ yana\u015fma d\u00f6vl\u0259t qullu\u011fu sisteminin t\u0259kmill\u0259\u015fdirilm\u0259sinin bir \u00e7ox istiqam\u0259tl\u0259rini \u00f6z\u00fcnd\u0259 c\u0259ml\u0259\u015fdir\u0259n n\u0259tic\u0259y\u00f6n\u00fcml\u00fc idar\u0259etm\u0259 prinsip v\u0259 qaydalar\u0131n\u0131n bu sah\u0259d\u0259 t\u0259tbiqidir. M\u0259ruz\u0259\u00e7inin fikrinc\u0259, m\u00fcasir d\u00f6n\u0259md\u0259 d\u00f6vl\u0259t qullu\u011fu v\u0259 d\u00f6vl\u0259t idar\u0259\u00e7iliyind\u0259 innovasiyalar\u0131n ba\u015fl\u0131ca istiqam\u0259ti \u0259sas\u0131nda s\u0259m\u0259r\u0259liliyin keyfiyy\u0259t g\u00f6st\u0259ricil\u0259ri dayanan idar\u0259etm\u0259 f\u0259aliyy\u0259tinin inki\u015faf\u0131d\u0131r. Natiq t\u0259tbiq edil\u0259n yeni innovativ yana\u015fma v\u0259 t\u0259\u015f\u0259bb\u00fcsl\u0259rin bu institutun n\u00fcfuzunun daha da artmas\u0131na imkan yaradaca\u011f\u0131n\u0131 da x\u00fcsusi vur\u011fulay\u0131b.<\/p>\n\n\n\n<p>Seminar\u0131n yekununda i\u015ftirk\u00e7\u0131lar\u0131n suallar\u0131 cavabland\u0131r\u0131l\u0131b.<\/p>\n\n\n\n<figure class=\"wp-container-2 wp-block-gallery-1 wp-block-gallery columns-3 is-cropped\"><ul class=\"blocks-gallery-grid\"><li class=\"blocks-gallery-item\"><figure><img width=\"640\" height=\"427\" src=\"https:\/\/dia.edu.az\/wp-content\/uploads\/2021\/03\/11.06.19.jpg\" alt=\"\" data-id=\"11393\" data-full-url=\"https:\/\/dia.edu.az\/wp-content\/uploads\/2021\/03\/11.06.19.jpg\" data-link=\"https:\/\/dia.edu.az\/?attachment_id=11393\" class=\"wp-image-11393\" srcset=\"https:\/\/legacy.dia.edu.az\/wp-content\/uploads\/2021\/03\/11.06.19.jpg 640w, https:\/\/legacy.dia.edu.az\/wp-content\/uploads\/2021\/03\/11.06.19-300x200.jpg 300w, https:\/\/legacy.dia.edu.az\/wp-content\/uploads\/2021\/03\/11.06.19-16x12.jpg 16w, https:\/\/legacy.dia.edu.az\/wp-content\/uploads\/2021\/03\/11.06.19-150x100.jpg 150w, https:\/\/legacy.dia.edu.az\/wp-content\/uploads\/2021\/03\/11.06.19-300x200@2x.jpg 600w\" sizes=\"(max-width: 640px) 100vw, 640px\" \/><\/figure><\/li><li class=\"blocks-gallery-item\"><figure><img width=\"640\" height=\"427\" src=\"https:\/\/dia.edu.az\/wp-content\/uploads\/2021\/03\/11.06.jpg\" alt=\"\" data-id=\"11394\" data-full-url=\"https:\/\/dia.edu.az\/wp-content\/uploads\/2021\/03\/11.06.jpg\" data-link=\"https:\/\/dia.edu.az\/?attachment_id=11394\" class=\"wp-image-11394\" srcset=\"https:\/\/legacy.dia.edu.az\/wp-content\/uploads\/2021\/03\/11.06.jpg 640w, https:\/\/legacy.dia.edu.az\/wp-content\/uploads\/2021\/03\/11.06-300x200.jpg 300w, https:\/\/legacy.dia.edu.az\/wp-content\/uploads\/2021\/03\/11.06-16x12.jpg 16w, https:\/\/legacy.dia.edu.az\/wp-content\/uploads\/2021\/03\/11.06-150x100.jpg 150w, https:\/\/legacy.dia.edu.az\/wp-content\/uploads\/2021\/03\/11.06-300x200@2x.jpg 600w\" sizes=\"(max-width: 640px) 100vw, 640px\" \/><\/figure><\/li><li class=\"blocks-gallery-item\"><figure><img width=\"640\" height=\"427\" src=\"https:\/\/dia.edu.az\/wp-content\/uploads\/2021\/03\/12.06.jpg\" alt=\"\" data-id=\"11395\" data-full-url=\"https:\/\/dia.edu.az\/wp-content\/uploads\/2021\/03\/12.06.jpg\" data-link=\"https:\/\/dia.edu.az\/?attachment_id=11395\" class=\"wp-image-11395\" srcset=\"https:\/\/legacy.dia.edu.az\/wp-content\/uploads\/2021\/03\/12.06.jpg 640w, https:\/\/legacy.dia.edu.az\/wp-content\/uploads\/2021\/03\/12.06-300x200.jpg 300w, https:\/\/legacy.dia.edu.az\/wp-content\/uploads\/2021\/03\/12.06-16x12.jpg 16w, https:\/\/legacy.dia.edu.az\/wp-content\/uploads\/2021\/03\/12.06-150x100.jpg 150w, https:\/\/legacy.dia.edu.az\/wp-content\/uploads\/2021\/03\/12.06-300x200@2x.jpg 600w\" sizes=\"(max-width: 640px) 100vw, 640px\" \/><\/figure><\/li><li class=\"blocks-gallery-item\"><figure><img width=\"640\" height=\"427\" src=\"https:\/\/dia.edu.az\/wp-content\/uploads\/2021\/03\/12.0619.jpg\" alt=\"\" data-id=\"11396\" data-full-url=\"https:\/\/dia.edu.az\/wp-content\/uploads\/2021\/03\/12.0619.jpg\" data-link=\"https:\/\/dia.edu.az\/?attachment_id=11396\" class=\"wp-image-11396\" srcset=\"https:\/\/legacy.dia.edu.az\/wp-content\/uploads\/2021\/03\/12.0619.jpg 640w, https:\/\/legacy.dia.edu.az\/wp-content\/uploads\/2021\/03\/12.0619-300x200.jpg 300w, https:\/\/legacy.dia.edu.az\/wp-content\/uploads\/2021\/03\/12.0619-16x12.jpg 16w, https:\/\/legacy.dia.edu.az\/wp-content\/uploads\/2021\/03\/12.0619-150x100.jpg 150w, https:\/\/legacy.dia.edu.az\/wp-content\/uploads\/2021\/03\/12.0619-300x200@2x.jpg 600w\" sizes=\"(max-width: 640px) 100vw, 640px\" \/><\/figure><\/li><li class=\"blocks-gallery-item\"><figure><img width=\"640\" height=\"427\" src=\"https:\/\/dia.edu.az\/wp-content\/uploads\/2021\/03\/1106.19.jpg\" alt=\"\" data-id=\"11397\" data-full-url=\"https:\/\/dia.edu.az\/wp-content\/uploads\/2021\/03\/1106.19.jpg\" data-link=\"https:\/\/dia.edu.az\/?attachment_id=11397\" class=\"wp-image-11397\" srcset=\"https:\/\/legacy.dia.edu.az\/wp-content\/uploads\/2021\/03\/1106.19.jpg 640w, https:\/\/legacy.dia.edu.az\/wp-content\/uploads\/2021\/03\/1106.19-300x200.jpg 300w, https:\/\/legacy.dia.edu.az\/wp-content\/uploads\/2021\/03\/1106.19-16x12.jpg 16w, https:\/\/legacy.dia.edu.az\/wp-content\/uploads\/2021\/03\/1106.19-150x100.jpg 150w, https:\/\/legacy.dia.edu.az\/wp-content\/uploads\/2021\/03\/1106.19-300x200@2x.jpg 600w\" sizes=\"(max-width: 640px) 100vw, 640px\" \/><\/figure><\/li><li class=\"blocks-gallery-item\"><figure><img width=\"640\" height=\"427\" src=\"https:\/\/dia.edu.az\/wp-content\/uploads\/2021\/03\/1106.jpg\" alt=\"\" data-id=\"11398\" data-full-url=\"https:\/\/dia.edu.az\/wp-content\/uploads\/2021\/03\/1106.jpg\" data-link=\"https:\/\/dia.edu.az\/?attachment_id=11398\" class=\"wp-image-11398\" srcset=\"https:\/\/legacy.dia.edu.az\/wp-content\/uploads\/2021\/03\/1106.jpg 640w, https:\/\/legacy.dia.edu.az\/wp-content\/uploads\/2021\/03\/1106-300x200.jpg 300w, https:\/\/legacy.dia.edu.az\/wp-content\/uploads\/2021\/03\/1106-16x12.jpg 16w, https:\/\/legacy.dia.edu.az\/wp-content\/uploads\/2021\/03\/1106-150x100.jpg 150w, https:\/\/legacy.dia.edu.az\/wp-content\/uploads\/2021\/03\/1106-300x200@2x.jpg 600w\" sizes=\"(max-width: 640px) 100vw, 640px\" \/><\/figure><\/li><li class=\"blocks-gallery-item\"><figure><img width=\"640\" height=\"427\" src=\"https:\/\/dia.edu.az\/wp-content\/uploads\/2021\/03\/1206.jpg\" alt=\"\" data-id=\"11399\" data-full-url=\"https:\/\/dia.edu.az\/wp-content\/uploads\/2021\/03\/1206.jpg\" data-link=\"https:\/\/dia.edu.az\/?attachment_id=11399\" class=\"wp-image-11399\" srcset=\"https:\/\/legacy.dia.edu.az\/wp-content\/uploads\/2021\/03\/1206.jpg 640w, https:\/\/legacy.dia.edu.az\/wp-content\/uploads\/2021\/03\/1206-300x200.jpg 300w, https:\/\/legacy.dia.edu.az\/wp-content\/uploads\/2021\/03\/1206-16x12.jpg 16w, https:\/\/legacy.dia.edu.az\/wp-content\/uploads\/2021\/03\/1206-150x100.jpg 150w, https:\/\/legacy.dia.edu.az\/wp-content\/uploads\/2021\/03\/1206-300x200@2x.jpg 600w\" sizes=\"(max-width: 640px) 100vw, 640px\" \/><\/figure><\/li><li class=\"blocks-gallery-item\"><figure><img width=\"640\" height=\"427\" src=\"https:\/\/dia.edu.az\/wp-content\/uploads\/2021\/03\/110619.jpg\" alt=\"\" data-id=\"11400\" data-full-url=\"https:\/\/dia.edu.az\/wp-content\/uploads\/2021\/03\/110619.jpg\" data-link=\"https:\/\/dia.edu.az\/?attachment_id=11400\" class=\"wp-image-11400\" srcset=\"https:\/\/legacy.dia.edu.az\/wp-content\/uploads\/2021\/03\/110619.jpg 640w, https:\/\/legacy.dia.edu.az\/wp-content\/uploads\/2021\/03\/110619-300x200.jpg 300w, https:\/\/legacy.dia.edu.az\/wp-content\/uploads\/2021\/03\/110619-16x12.jpg 16w, https:\/\/legacy.dia.edu.az\/wp-content\/uploads\/2021\/03\/110619-150x100.jpg 150w, https:\/\/legacy.dia.edu.az\/wp-content\/uploads\/2021\/03\/110619-300x200@2x.jpg 600w\" sizes=\"(max-width: 640px) 100vw, 640px\" \/><\/figure><\/li><\/ul><\/figure>","protected":false},"excerpt":{"rendered":"<p>M\u00fcasir d\u00f6vl\u0259t idar\u0259\u00e7iliyinin t\u0259\u015fkilati \u0259saslari: 15 il innovativ inki\u015faf yollarinda\u0130yn 13 , 2019 &#8211; 12:31 \u0130yunun 11-d\u0259 \u015e\u0259ki \u015f\u0259h\u0259rind\u0259 Az\u0259rbaycan Respublikas\u0131n\u0131n Prezidenti yan\u0131nda D\u00f6vl\u0259t \u0130dar\u0259\u00e7ilik Akademiyas\u0131, Az\u0259rbaycan Respublikas\u0131n\u0131n Prezidenti yan\u0131nda V\u0259t\u0259nda\u015flara Xidm\u0259t v\u0259 Sosial \u0130nnovasiyalar \u00fczr\u0259 D\u00f6vl\u0259t Agentliyi v\u0259 \u015e\u0259ki \u015f\u0259h\u0259r \u0130cra Hakimiyy\u0259tinin birg\u0259 t\u0259\u015fkilat\u00e7\u0131l\u0131\u011f\u0131 il\u0259 d\u00f6vl\u0259t qulluq\u00e7ular\u0131 v\u0259 ASAN k\u00f6n\u00fcll\u00fcl\u0259ri \u00fc\u00e7\u00fcn n\u00f6vb\u0259ti s\u0259yyar seminar [&hellip;]<\/p>","protected":false},"author":2,"featured_media":11398,"comment_status":"closed","ping_status":"closed","sticky":false,"template":"","format":"standard","meta":[],"categories":[137],"tags":[],"_links":{"self":[{"href":"https:\/\/legacy.dia.edu.az\/en\/wp-json\/wp\/v2\/posts\/11391"}],"collection":[{"href":"https:\/\/legacy.dia.edu.az\/en\/wp-json\/wp\/v2\/posts"}],"about":[{"href":"https:\/\/legacy.dia.edu.az\/en\/wp-json\/wp\/v2\/types\/post"}],"author":[{"embeddable":true,"href":"https:\/\/legacy.dia.edu.az\/en\/wp-json\/wp\/v2\/users\/2"}],"replies":[{"embeddable":true,"href":"https:\/\/legacy.dia.edu.az\/en\/wp-json\/wp\/v2\/comments?post=11391"}],"version-history":[{"count":0,"href":"https:\/\/legacy.dia.edu.az\/en\/wp-json\/wp\/v2\/posts\/11391\/revisions"}],"wp:featuredmedia":[{"embeddable":true,"href":"https:\/\/legacy.dia.edu.az\/en\/wp-json\/wp\/v2\/media\/11398"}],"wp:attachment":[{"href":"https:\/\/legacy.dia.edu.az\/en\/wp-json\/wp\/v2\/media?parent=11391"}],"wp:term":[{"taxonomy":"category","embeddable":true,"href":"https:\/\/legacy.dia.edu.az\/en\/wp-json\/wp\/v2\/categories?post=11391"},{"taxonomy":"post_tag","embeddable":true,"href":"https:\/\/legacy.dia.edu.az\/en\/wp-json\/wp\/v2\/tags?post=11391"}],"curies":[{"name":"wp","href":"https:\/\/api.w.org\/{rel}","templated":true}]}}