{"id":11368,"date":"2019-06-21T10:26:00","date_gmt":"2019-06-21T07:26:00","guid":{"rendered":"https:\/\/dia.edu.az\/?p=11368"},"modified":"2021-03-13T10:31:46","modified_gmt":"2021-03-13T07:31:46","slug":"dovl%c9%99t-idar%c9%99cilik-akademiyasinda-elmi-praktik-konfrans-dovl%c9%99t-qullugunun-aktual-probleml%c9%99ri","status":"publish","type":"post","link":"https:\/\/legacy.dia.edu.az\/en\/arxivl\u0259r\/11368","title":{"rendered":"D\u00f6vl\u0259t \u0130dar\u0259\u00e7ilik Akademiyas\u0131nda elmi-praktik konfrans: \u201cD\u00f6vl\u0259t qullu\u011funun aktual probleml\u0259ri\u201d"},"content":{"rendered":"<p><strong>D\u00f6vl\u0259t \u0130dar\u0259\u00e7ilik Akademiyas\u0131nda elmi-praktik konfrans: \u201cD\u00f6vl\u0259t qullu\u011funun aktual probleml\u0259ri\u201d<\/strong><br><em>\u0130yn 21 , 2019 &#8211; 11:30<\/em><\/p>\n\n\n\n<p>\u0130yunun 21-d\u0259 Az\u0259rbaycan Respublikas\u0131n\u0131n Prezidenti yan\u0131nda D\u00f6vl\u0259t \u0130dar\u0259\u00e7ilik Akademiyas\u0131nda \u201cD\u00f6vl\u0259t qullu\u011funun aktual probleml\u0259ri\u201d m\u00f6vzusunda elmi-praktik konfrans ke\u00e7irilib.<\/p>\n\n\n\n<p>D\u00f6vl\u0259t Qulluq\u00e7ular\u0131n\u0131n Pe\u015f\u0259 Bayram\u0131 G\u00fcn\u00fcn\u0259 h\u0259sr edil\u0259n konfrans D\u00f6vl\u0259t \u0130dar\u0259\u00e7ilik Akademiyas\u0131 v\u0259 D\u00f6vl\u0259t \u0130mtahan M\u0259rk\u0259zinin (D\u0130M) birg\u0259 t\u0259\u015fkilat\u00e7\u0131l\u0131\u011f\u0131 il\u0259 realla\u015f\u0131b. Konfrans \u201cD\u00f6vl\u0259t qulluq\u00e7ular\u0131n\u0131n pe\u015f\u0259 bayram\u0131 g\u00fcn\u00fcn\u00fcn t\u0259sis edilm\u0259si haqq\u0131nda\u201d Az\u0259rbaycan Respublikas\u0131 Prezidentinin S\u0259r\u0259ncam\u0131na uy\u011fun olaraq, Prezident Administrasiyas\u0131 r\u0259hb\u0259rinin \u201cD\u00f6vl\u0259t qulluq\u00e7ular\u0131n\u0131n pe\u015f\u0259 bayram\u0131 g\u00fcn\u00fcn\u00fcn qeyd edilm\u0259si il\u0259 ba\u011fl\u0131 t\u0259dbirl\u0259r plan\u0131\u201dn\u0131n t\u0259sdiq edilm\u0259si haqq\u0131nda S\u0259r\u0259ncam\u0131 \u0259sas\u0131nda ke\u00e7irilib.<\/p>\n\n\n\n<p>Konfrans\u0131 giri\u015f s\u00f6z\u00fc il\u0259 a\u00e7an D\u00f6vl\u0259t \u0130dar\u0259\u00e7ilik Akademiyas\u0131n\u0131n rektoru, akademik Urxan \u018fl\u0259kb\u0259rov Az\u0259rbaycan\u0131n q\u0131sa m\u00fcdd\u0259td\u0259 inkl\u00fcziv v\u0259 davaml\u0131 inki\u015faf siyas\u0259tini realla\u015fd\u0131rma\u011fa m\u00fcv\u0259ff\u0259q oldu\u011funu bildirib. Vur\u011fulay\u0131b ki, b\u00fct\u00fcn bu nailiyy\u0259tl\u0259r ulu \u00f6nd\u0259r Heyd\u0259r \u018fliyevin m\u00fc\u0259yy\u0259nl\u0259\u015fdirdiyi, Prezident \u0130lham \u018fliyev t\u0259r\u0259find\u0259n h\u0259yata ke\u00e7iril\u0259n d\u0259rin d\u00fc\u015f\u00fcn\u00fclm\u00fc\u015f strategiya v\u0259 t\u0259tbiq olunan orijinal innovativ idar\u0259etm\u0259 texnologiyalar\u0131 \u0259sas\u0131nda qazan\u0131l\u0131b. \u00d6lk\u0259nin qazand\u0131\u011f\u0131 u\u011furlar\u0131n \u0259sas\u0131nda insan potensial\u0131n\u0131n formala\u015fmas\u0131, idar\u0259edilm\u0259sin\u0259 elmi yana\u015fma \u0259sas yer tutur.<\/p>\n\n\n\n<p><strong>Prezidentin v\u0259t\u0259nda\u015flara m\u00fcnasib\u0259ti b\u00fct\u00fcn m\u0259murlar \u00fc\u00e7\u00fcn \u00f6rn\u0259kdir<\/strong><\/p>\n\n\n\n<p>Elmi-praktik konfransda Az\u0259rbaycan Respublikas\u0131 Prezidenti Administrasiyas\u0131n\u0131n S\u0259n\u0259dl\u0259rl\u0259 v\u0259 v\u0259t\u0259nda\u015flar\u0131n m\u00fcraci\u0259tl\u0259ri il\u0259 i\u015f \u015f\u00f6b\u0259sinin m\u00fcdiri, D\u00f6vl\u0259t Qullu\u011funu \u0130dar\u0259etm\u0259 \u015euras\u0131n\u0131n \u00fczv\u00fc&nbsp;<strong>S\u00fcleyman \u0130smay\u0131lov<\/strong>&nbsp;\u00e7\u0131x\u0131\u015f ed\u0259r\u0259k deyib ki, Prezident \u0130lham \u018fliyevin \u201cD\u00f6vl\u0259t qulluq\u00e7ular\u0131n\u0131n pe\u015f\u0259 bayram\u0131 g\u00fcn\u00fcn\u00fcn t\u0259sis edilm\u0259si haqq\u0131nda\u201d 2006-c\u0131 il 25 may tarixli S\u0259r\u0259ncam\u0131 \u00f6lk\u0259d\u0259 demokratik, h\u00fcquqi, d\u00fcny\u0259vi d\u00f6vl\u0259t qurulmas\u0131 prosesind\u0259 d\u00f6vl\u0259t qullu\u011funun rolunu art\u0131rmaq m\u0259qs\u0259dil\u0259 at\u0131lan m\u00fch\u00fcm add\u0131mlardan biridir. Az\u0259rbaycan Respublikas\u0131 praqmatik, g\u0259l\u0259c\u0259yin h\u0259d\u0259fl\u0259rini \u00e7ox d\u00fczg\u00fcn se\u00e7m\u0259yi bacaran, \u00f6z\u00fcn\u00fc uzaqg\u00f6r\u0259n siyas\u0259t\u00e7i kimi t\u0259sdiq ed\u0259n Prezident \u0130lham \u018fliyevin r\u0259hb\u0259rliyi il\u0259 h\u0259yata ke\u00e7irdiyi islahatlarla \u00e7oxlar\u0131n\u0131 heyr\u0259t\u0259 sal\u0131b. Az\u0259rbaycan\u0131n m\u00fcst\u0259qillik ill\u0259rind\u0259 \u0259ld\u0259 etdiyi nailiyy\u0259tl\u0259rin \u0259sas s\u0259b\u0259bini ulu \u00f6nd\u0259r Heyd\u0259r \u018fliyevin m\u00fcst\u0259qilliyimizin \u0259b\u0259dil\u0259\u015fm\u0259sin\u0259 y\u00f6n\u0259ldilmi\u015f siyas\u0259tinin onun layiqli varisi \u0130lham \u018fliyev t\u0259r\u0259find\u0259n b\u00f6y\u00fck q\u0259tiyy\u0259tl\u0259 davam etdirilm\u0259sind\u0259, bu siyas\u0259tin m\u00fct\u0259madi olaraq m\u00fcasir d\u00f6vr\u00fcn \u00e7a\u011f\u0131r\u0131\u015flar\u0131na uy\u011fun sur\u0259td\u0259 yeni ideyalar v\u0259 konsepsiyalarla z\u0259nginl\u0259\u015fdirilm\u0259sind\u0259 axtarmaq laz\u0131md\u0131r. M\u0259hz bu siyas\u0259t n\u0259tic\u0259sind\u0259 son ill\u0259rd\u0259 \u00f6lk\u0259nin iqtisadi potensial\u0131 v\u0259 m\u00fcdafi\u0259 q\u00fcdr\u0259ti d\u0259f\u0259l\u0259rl\u0259 art\u0131b.<\/p>\n\n\n\n<p>D\u00f6vl\u0259t Qullu\u011funu \u0130dar\u0259etm\u0259 \u015euras\u0131n\u0131n \u00fczv\u00fc S\u00fcleyman \u0130smay\u0131lov vur\u011fulay\u0131b ki, iqtisadi nailiyy\u0259tl\u0259rimiz \u00f6lk\u0259mizin m\u00fcdafi\u0259 q\u00fcdr\u0259tini getdikc\u0259 art\u0131racaq v\u0259 Qaraba\u011fa b\u00f6y\u00fck qay\u0131d\u0131\u015f\u0131n s\u00fcr\u0259tli davam\u0131 t\u0259min edil\u0259c\u0259k, b\u00fct\u00fcn bunlar\u0131n n\u0259tic\u0259sind\u0259 Az\u0259rbaycan d\u00f6vl\u0259tinin n\u00fcfuzu daha da m\u00f6hk\u0259ml\u0259n\u0259c\u0259k.<\/p>\n\n\n\n<p>Prezident Administrasiyas\u0131n\u0131n \u015f\u00f6b\u0259 m\u00fcdiri d\u00f6vl\u0259t qullu\u011funa kadr haz\u0131rlanmas\u0131nda D\u00f6vl\u0259t \u0130dar\u0259\u00e7ilik Akademiyas\u0131n\u0131n f\u0259aliyy\u0259tini x\u00fcsusi qeyd ed\u0259r\u0259k deyib: \u201cD\u00f6vl\u0259t \u0130dar\u0259\u00e7ilik Akademiyas\u0131 respublikam\u0131z\u0131n \u0259n n\u00fcfuzlu ali m\u0259kt\u0259bl\u0259rind\u0259n biridir. \u00d6z spesifik t\u0259dris proqram\u0131, metodikas\u0131 il\u0259 ba\u015fqa ali m\u0259kt\u0259bl\u0259rd\u0259n se\u00e7ilir. Burada t\u0259hsilini ba\u015fa vuran h\u0259r bir \u015f\u0259xs d\u00f6vl\u0259t qulluq\u00e7usu kimi m\u00fcst\u0259qil Az\u0259rbaycan d\u00f6vl\u0259tinin idar\u0259etm\u0259 sistemind\u0259 \u00e7al\u0131\u015f\u0131r, onun inki\u015faf\u0131nda yax\u0131ndan i\u015ftirak edir v\u0259 g\u0259l\u0259c\u0259kd\u0259 d\u0259 yax\u0131ndan i\u015ftirak ed\u0259c\u0259k\u201d.<\/p>\n\n\n\n<p>S\u00fcleyman \u0130smay\u0131lov D\u00f6vl\u0259t Qullu\u011funu \u0130dar\u0259etm\u0259 \u015euran\u0131n \u00fczv\u00fc kimi son ill\u0259rd\u0259 d\u00f6vl\u0259t qullu\u011funun t\u0259kmill\u0259\u015fdirilm\u0259si il\u0259 ba\u011fl\u0131 fikirl\u0259rini d\u0259 b\u00f6l\u00fc\u015f\u00fcb. Diqq\u0259t\u0259 \u00e7atd\u0131r\u0131b ki, ulu \u00f6nd\u0259r Heyd\u0259r \u018fliyev m\u00fcst\u0259qil Az\u0259rbaycana r\u0259hb\u0259rlik etdiyi ill\u0259rd\u0259 d\u00f6vl\u0259t qullu\u011fu sah\u0259sind\u0259 yeni d\u00f6vr ba\u015flan\u0131b. Son 26 ild\u0259 y\u00fczl\u0259rl\u0259 qanun, f\u0259rman, s\u0259r\u0259ncam imzalan\u0131b, q\u0259rarlar q\u0259bul olunub. \u201cD\u00f6vl\u0259t qullu\u011fu haqq\u0131nda\u201d Az\u0259rbaycan Respublikas\u0131 Qanunun 2000-ci il iyulun 21-d\u0259 q\u0259bul olundu\u011funu xat\u0131rladan S\u00fcleyman \u0130smay\u0131lov h\u0259min vaxtdan b\u0259ri bu qanundan ir\u0259li g\u0259l\u0259n \u00e7oxlu sayda normativ h\u00fcquqi aktlar imzaland\u0131\u011f\u0131n\u0131, eyni zamanda, bu qanuna \u00e7oxlu sayda \u0259lav\u0259l\u0259r v\u0259 d\u0259yi\u015fiklikl\u0259r oldu\u011funu, son n\u0259tic\u0259d\u0259 m\u00fck\u0259mm\u0259l bir s\u0259n\u0259din ortaya \u00e7\u0131xd\u0131\u011f\u0131n\u0131 bildirib. Diqq\u0259t\u0259 \u00e7atd\u0131r\u0131b ki, s\u00f6z\u00fcged\u0259n qanun q\u0259bul olunandan bug\u00fcn\u0259 q\u0259d\u0259r ona 180-d\u0259n \u00e7ox \u0259lav\u0259 v\u0259 d\u0259yi\u015fiklik edilib. B\u00fct\u00fcn bunlar qanunun t\u0259kmill\u0259\u015fm\u0259sin\u0259 y\u00f6n\u0259lib.<\/p>\n\n\n\n<p>S\u00fcleyman \u0130smay\u0131lov vur\u011fulay\u0131b ki, d\u00f6vl\u0259t quruculu\u011fu m\u0259s\u0259l\u0259l\u0259ri Prezident \u0130lham \u018fliyevin daim diqq\u0259t m\u0259rk\u0259zind\u0259dir. Son 5-6 il \u0259rzind\u0259 d\u00f6vl\u0259t quruculu\u011fu m\u0259s\u0259l\u0259l\u0259ri il\u0259 ba\u011fl\u0131 450-d\u0259n \u00e7ox f\u0259rman, s\u0259r\u0259ncam, qanun imzalan\u0131b. Prezident \u0130lham \u018fliyev d\u00f6vl\u0259t qulluq\u00e7ular\u0131 qar\u015f\u0131s\u0131nda ciddi t\u0259l\u0259bl\u0259r qoyub. Prezidentin v\u0259t\u0259nda\u015flara, onlar\u0131n m\u00fcraci\u0259tl\u0259rin\u0259 olan m\u00fcnasib\u0259ti b\u00fct\u00fcn m\u0259murlar \u00fc\u00e7\u00fcn \u00f6rn\u0259kdir.<\/p>\n\n\n\n<p><strong>\u00d6lk\u0259nin idar\u0259 olunmas\u0131nda v\u0259 inki\u015faf\u0131nda d\u00f6vl\u0259t qulluq\u00e7ular\u0131n\u0131n rolu b\u00f6y\u00fckd\u00fcr<\/strong><\/p>\n\n\n\n<p>S\u00fcleyman \u0130smay\u0131lov onu da diqq\u0259t\u0259 \u00e7atd\u0131r\u0131b ki, d\u00f6vl\u0259t qullu\u011fu he\u00e7 d\u0259 m\u00fc\u0259yy\u0259n s\u0259lahiyy\u0259tl\u0259r \u0259ld\u0259 etm\u0259k kimi ba\u015fa d\u00fc\u015f\u00fclm\u0259m\u0259lidir. \u018fksin\u0259, d\u00f6vl\u0259t qulluq\u00e7ular\u0131n\u0131n \u00e7iyinl\u0259rin\u0259 b\u00f6y\u00fck bir y\u00fck d\u00fc\u015f\u00fcr. \u00d6lk\u0259nin idar\u0259 olunmas\u0131nda, onun inki\u015faf\u0131n\u0131n daha da s\u00fcr\u0259tl\u0259nm\u0259sind\u0259 d\u00f6vl\u0259t qulluq\u00e7ular\u0131n\u0131n b\u00f6y\u00fck rolu var.<\/p>\n\n\n\n<p>D\u00f6vl\u0259t qullu\u011funda \u00e7al\u0131\u015fanlarla ba\u011fl\u0131 statistik g\u00f6st\u0259ricil\u0259ri diqq\u0259t\u0259 \u00e7atd\u0131ran \u015f\u00f6b\u0259 m\u00fcdiri S\u00fcleyman \u0130smay\u0131lov deyib ki, 2019-cu il yanvar ay\u0131n\u0131n 1-n\u0259 olan m\u0259lumata g\u00f6r\u0259 d\u00f6vl\u0259t qulluq\u00e7ular\u0131n\u0131n say\u0131 29 min 127 n\u0259f\u0259rdir. Apar\u0131lan son struktur islahatlar\u0131 n\u0259tic\u0259sind\u0259 onlar\u0131n say\u0131 0,7 faiz azal\u0131b. D\u00f6vl\u0259t qulluq\u00e7ular\u0131n\u0131n 28,5 faizini qad\u0131nlar t\u0259\u015fkil edir. D\u00f6vl\u0259t qulluq\u00e7ular\u0131n\u0131n orta ya\u015f h\u0259ddi 43 ildir. Bu r\u0259q\u0259m g\u0259ncl\u0259r\u0259 z\u0259ngin t\u0259cr\u00fcb\u0259 m\u0259kt\u0259bind\u0259n b\u0259hr\u0259l\u0259nm\u0259k imkan\u0131 yarad\u0131r. 35-44 ya\u015f aras\u0131nda olan d\u00f6vl\u0259t qulluq\u00e7ular\u0131n\u0131n say\u0131 26,3 faiz, 63-64 ya\u015f aras\u0131nda olan d\u00f6vl\u0259t qulluq\u00e7ular\u0131n\u0131n say\u0131 is\u0259 2,9 faizdir. B\u00fct\u00f6vl\u00fckd\u0259 d\u00f6vl\u0259t orqanlar\u0131nda \u00e7al\u0131\u015fan d\u00f6vl\u0259t qulluq\u00e7ular\u0131n\u0131n say\u0131 \u00f6lk\u0259nin m\u0259\u015f\u011ful \u0259halisinin \u00e7ox c\u00fczi bir hiss\u0259sidir &#8211; 0,6 faiz. Ona g\u00f6r\u0259 d\u0259 d\u00f6vl\u0259t qullu\u011funda \u00e7al\u0131\u015fan h\u0259r bir \u015f\u0259xs haz\u0131rl\u0131ql\u0131 olmal\u0131 v\u0259 \u00f6hd\u0259sin\u0259 d\u00fc\u015f\u0259n v\u0259zif\u0259ni y\u00fcks\u0259k keyfiyy\u0259tl\u0259 icra etm\u0259lidir.<\/p>\n\n\n\n<p>Prezident Administrasiyas\u0131n\u0131n \u015f\u00f6b\u0259 m\u00fcdiri son vaxtlar \u00f6lk\u0259d\u0259 h\u0259yata ke\u00e7iril\u0259n sosial islahatlar\u0131n \u0259h\u0259miyy\u0259tini qeyd ed\u0259r\u0259k, d\u00f6vl\u0259timizin ba\u015f\u00e7\u0131s\u0131 \u0130lham \u018fliyev t\u0259r\u0259find\u0259n iyunun 18-d\u0259 t\u0259qdim olunmu\u015f sosial paketd\u0259 d\u00f6vl\u0259t qulluq\u00e7ular\u0131n\u0131n maa\u015flar\u0131n\u0131n art\u0131r\u0131ld\u0131\u011f\u0131n\u0131 vur\u011fulay\u0131b, b\u00fct\u00fcn bunlar\u0131n m\u00fcvafiq sah\u0259l\u0259rd\u0259 \u00e7al\u0131\u015fanlar\u0131n daha yax\u015f\u0131 i\u015fl\u0259m\u0259sin\u0259 stimul yaratd\u0131\u011f\u0131n\u0131 deyib.<\/p>\n\n\n\n<p>Sonra D\u00f6vl\u0259t \u0130mtahan M\u0259rk\u0259zi Direktorlar \u015euras\u0131 s\u0259drinin m\u00fcavini&nbsp;<strong>B\u0259hram X\u0259lilov<\/strong>&nbsp;d\u00f6vl\u0259t idar\u0259etm\u0259 sisteminin t\u0259kmill\u0259\u015fdirilm\u0259si istiqam\u0259tind\u0259 h\u0259yata ke\u00e7iril\u0259n islahatlar\u0131n u\u011furlu n\u0259tic\u0259l\u0259rind\u0259n b\u0259hs edib. Bildirib ki, d\u00f6vl\u0259t qulluq\u00e7ular\u0131n\u0131n se\u00e7imi sisteminin formala\u015fd\u0131r\u0131lmas\u0131nda sivil, demokratik v\u0259 v\u0259t\u0259nda\u015f c\u0259miyy\u0259tinin t\u0259l\u0259bl\u0259rin\u0259 cavab ver\u0259n prinsipl\u0259r h\u0259lledici vasit\u0259dir. Bu sah\u0259d\u0259 D\u00f6vl\u0259t \u0130mtahan M\u0259rk\u0259zinin \u00fcz\u0259rin\u0259 d\u00fc\u015f\u0259n \u0259sas v\u0259zif\u0259l\u0259rd\u0259n biri d\u0259 d\u00f6vl\u0259t idar\u0259\u00e7iliyi sistemini inki\u015faf etdirm\u0259k m\u0259qs\u0259dil\u0259 d\u00f6vl\u0259t qullu\u011funa q\u0259bulu m\u0259rk\u0259zl\u0259\u015fdirilmi\u015f qaydada, m\u00fcsabiq\u0259 v\u0259 s\u0259m\u0259r\u0259li \u0259saslarla aparmaqdan ibar\u0259tdir.<\/p>\n\n\n\n<p><strong>Az\u0259rbaycanda \u00e7evik d\u00f6vl\u0259t qullu\u011fu sistemi formala\u015f\u0131b<\/strong><\/p>\n\n\n\n<p>Elmi-praktik konfransda D\u0130A-n\u0131n rektoru, akademik&nbsp;<strong>Urxan \u018fl\u0259kb\u0259rov<\/strong>&nbsp;\u201cD\u00f6vl\u0259t idar\u0259\u00e7iliyind\u0259 yeni texnologiyalar: Az\u0259rbaycan Respublikas\u0131n\u0131n innovativ t\u0259cr\u00fcb\u0259si beyn\u0259lxalq t\u0259\u015fkilatlar\u0131n s\u0259n\u0259dl\u0259rind\u0259\u201d m\u00f6vzusunda m\u0259ruz\u0259 il\u0259 \u00e7\u0131x\u0131\u015f edib.<\/p>\n\n\n\n<p>Az\u0259rbaycanda \u00e7evik d\u00f6vl\u0259t qullu\u011fu sisteminin formala\u015fd\u0131\u011f\u0131n\u0131 qeyd ed\u0259n rektor \u00f6lk\u0259d\u0259 d\u00f6vl\u0259t quruculu\u011fu, d\u00f6vl\u0259t idar\u0259etm\u0259 sisteminin formala\u015fmas\u0131 v\u0259 d\u00f6vl\u0259t qullu\u011funun inki\u015faf\u0131 prosesl\u0259rind\u0259 \u00fcmummilli lider Heyd\u0259r \u018fliyevin misilsiz xidm\u0259tl\u0259rini diqq\u0259t\u0259 \u00e7atd\u0131r\u0131b. D\u00f6vl\u0259t idar\u0259\u00e7iliyi \u00fc\u00e7\u00fcn milli kadr potensial\u0131n\u0131n formala\u015fd\u0131r\u0131lmas\u0131n\u0131n m\u00fcasir d\u00f6vl\u0259t quruculu\u011fu prosesinin t\u0259rkib hiss\u0259si oldu\u011funu bildir\u0259n Urxan \u018fl\u0259kb\u0259rov d\u00f6vl\u0259t qullu\u011fu sisteminin t\u0259kmill\u0259\u015fdirilm\u0259si v\u0259 inki\u015faf\u0131, bu sah\u0259d\u0259 h\u00fcquqi bazan\u0131n t\u0259nziml\u0259nm\u0259si m\u0259s\u0259l\u0259l\u0259rini Prezident \u0130lham \u018fliyevin daim diqq\u0259t m\u0259rk\u0259zind\u0259 saxlad\u0131\u011f\u0131n\u0131 vur\u011fulay\u0131b.&nbsp;Eyni zamanda, o, d\u00f6vl\u0259t qullu\u011fu \u00fc\u00e7\u00fcn kadr potensial\u0131n\u0131n g\u00fccl\u0259ndirilm\u0259sinin \u00f6lk\u0259d\u0259 inkl\u00fcziv inki\u015faf\u0131n planla\u015fd\u0131r\u0131lmas\u0131 v\u0259 idar\u0259 edilm\u0259si prosesl\u0259rini daha da s\u00fcr\u0259tl\u0259ndir\u0259c\u0259yini bildirib.<\/p>\n\n\n\n<p>M\u0259ruz\u0259d\u0259 beyn\u0259lxalq t\u0259\u015fkilatlar\u0131n 2018-2019-cu ill\u0259rd\u0259 d\u0259rc edil\u0259n r\u0259smi statistik m\u0259lumatlar\u0131 t\u0259hlil olunub. H\u0259m\u00e7inin D\u00fcnya \u0130qtisadi Forumunun t\u0259sis\u00e7isi v\u0259 f\u0259xri prezidenti Klaus \u015evab\u0131n haz\u0131rlad\u0131\u011f\u0131 qlobal hesabat n\u0259z\u0259rd\u0259n ke\u00e7irilib. Qeyd olunub ki, h\u0259min hesabatda Az\u0259rbaycan d\u00fcnyan\u0131n \u0259n s\u0259m\u0259r\u0259li sosial siyas\u0259t h\u0259yata ke\u00e7ir\u0259n \u00f6lk\u0259si kimi xarakteriz\u0259 edilib. Az\u0259rbaycan bu g\u00f6st\u0259rici \u00fczr\u0259 AB\u015e, Almaniya, Danimarka, Kanada, Fransa, Yaponiya kimi inki\u015faf etmi\u015f \u00f6lk\u0259l\u0259ri gerid\u0259 qoyub.<\/p>\n\n\n\n<p>Diqq\u0259t\u0259 \u00e7atd\u0131r\u0131l\u0131b ki, \u00fcmummilli lider Heyd\u0259r \u018fliyev t\u0259r\u0259find\u0259n \u0259sas\u0131 qoyulan v\u0259 Prezident \u0130lham \u018fliyevin u\u011furla inki\u015faf etdirdiyi innovativ idar\u0259etm\u0259 texnologiyalar\u0131n\u0131n n\u0259z\u0259ri \u0259saslar\u0131n\u0131n i\u015fl\u0259nilm\u0259si, onlar\u0131n t\u0259cr\u00fcb\u0259d\u0259 t\u0259tbiqi n\u0259tic\u0259sind\u0259 bir s\u0131ra iqtisadi v\u0259 sosial g\u00f6st\u0259ricil\u0259rin\u0259 g\u00f6r\u0259 m\u00fcasir Az\u0259rbaycan Respublikas\u0131 haz\u0131rda y\u00fczillik tarixi olan v\u0259 d\u00fcnya liderl\u0259ri say\u0131lan \u00f6lk\u0259l\u0259rl\u0259 r\u0259qab\u0259t aparmaq v\u0259ziyy\u0259tind\u0259dir.<\/p>\n\n\n\n<p>Konfrans i\u015ftirak\u00e7\u0131lar\u0131 Az\u0259rbaycanda t\u0259tbiq edil\u0259n v\u0259 d\u00fcnya miqyas\u0131nda ilk d\u0259f\u0259 i\u015fl\u0259nilmi\u015f sinergetik, komplimentar v\u0259 kompensasion texnologiyalar\u0131n mahiyy\u0259ti bar\u0259d\u0259 m\u0259lumatland\u0131r\u0131l\u0131b. H\u0259min texnologiyalar\u0131n i\u015fl\u0259nilm\u0259si v\u0259 h\u0259yata ke\u00e7irilm\u0259si prosesind\u0259 Az\u0259rbaycan Respublikas\u0131n\u0131n Birinci vitse-prezidenti Mehriban \u018fliyeva v\u0259 onun r\u0259hb\u0259rlik etdiyi Heyd\u0259r \u018fliyev Fondunun x\u00fcsusi rolu oldu\u011fu diqq\u0259t\u0259 \u00e7atd\u0131r\u0131l\u0131b. Bildirilib ki, m\u0259hz d\u00f6vl\u0259timizin ba\u015f\u00e7\u0131s\u0131n\u0131n t\u0259tbiq etdiyi idar\u0259\u00e7ilik texnologiyalar\u0131 say\u0259sind\u0259 Davos \u0130qtisadi Forumunun 2018-ci ilin yanvar\u0131nda d\u0259rc olunan hesabat\u0131nda inkl\u00fcziv inki\u015faf indeksin\u0259 g\u00f6r\u0259 Az\u0259rbaycan d\u00fcnyada \u00fc\u00e7\u00fcnc\u00fc yerd\u0259 q\u0259rarla\u015faraq iqtisadi imkanlar\u0131 daha y\u00fcks\u0259k olan \u00f6lk\u0259l\u0259rin \u00e7oxunu gerid\u0259 qoyub. Bu v\u0259 dig\u0259r t\u0259qdir\u0259layiq n\u0259tic\u0259l\u0259r \u00f6lk\u0259nin s\u0259m\u0259r\u0259li idar\u0259 olunmas\u0131ndan v\u0259 iqtisadi imkanlardan maksimum istifad\u0259 edilm\u0259sind\u0259n x\u0259b\u0259r verir.<\/p>\n\n\n\n<p>Sonra D\u0130A-n\u0131n r\u0259hb\u0259r d\u00f6vl\u0259t idar\u0259\u00e7iliyi kadrlar\u0131n\u0131n ixtisas\u0131n\u0131n art\u0131r\u0131lmas\u0131 institutunun direktoru, professor&nbsp;<strong>G\u00fclnar\u0259 Qurbanova<\/strong>&nbsp;\u201cD\u00f6vl\u0259t qulluq\u00e7ular\u0131n\u0131n t\u0259hsilind\u0259 davaml\u0131 inkl\u00fcziv inki\u015faf namin\u0259 innovativ metodlar\u201d, Az\u0259rbaycan Respublikas\u0131n\u0131n D\u00f6vl\u0259t \u0130mtahan M\u0259rk\u0259zinin D\u00f6vl\u0259t qullu\u011fu m\u0259s\u0259l\u0259l\u0259ri \u015f\u00f6b\u0259sinin m\u00fcdiri V\u00fcqar \u018fsg\u0259rov \u201cAz\u0259rbaycanda d\u00f6vl\u0259t qullu\u011funa q\u0259bul: cari v\u0259ziyy\u0259t, h\u0259d\u0259fl\u0259r v\u0259 \u00e7a\u011f\u0131r\u0131\u015flar\u201d, M\u0259rk\u0259zin \u0130ctimaiyy\u0259tl\u0259 \u0259laq\u0259l\u0259r v\u0259 karg\u00fczarl\u0131q \u015f\u00f6b\u0259sinin m\u0259tbuatla i\u015f v\u0259 elektron kommunikasiya sektorunun m\u00fcdiri Xanlar Xanlarzad\u0259 \u201cD\u00f6vl\u0259t qullu\u011fu il\u0259 ba\u011fl\u0131 elektron xidm\u0259tl\u0259r\u201d m\u00f6vzular\u0131nda m\u0259ruz\u0259l\u0259rl\u0259 \u00e7\u0131x\u0131\u015f edibl\u0259r. M\u0259ruz\u0259l\u0259rd\u0259 d\u00f6vl\u0259t idar\u0259etm\u0259 sisteminin t\u0259kmill\u0259\u015fdirilm\u0259si istiqam\u0259tind\u0259 h\u0259yata ke\u00e7iril\u0259n islahatlar n\u0259tic\u0259sind\u0259 \u0259ld\u0259 olunan u\u011furlardan b\u0259hs edilib.<\/p>\n\n\n\n<p>Daha sonra D\u0130A-da r\u0259hb\u0259r d\u00f6vl\u0259t idar\u0259\u00e7iliyi sah\u0259sind\u0259 ixtisasla\u015faraq m\u0259zun olan d\u00f6vl\u0259t qulluq\u00e7ular\u0131na magistr d\u0259r\u0259c\u0259li diplomlar t\u0259qdim edilib.<\/p>\n\n\n\n<p>Konfransda Az\u0259rbaycan Respublikas\u0131 Prezidenti Administrasiyas\u0131n\u0131n, Nazirl\u0259r Kabinetinin, Milli M\u0259clisin, Konstitusiya M\u0259hk\u0259m\u0259sinin, m\u00fcxt\u0259lif nazirlikl\u0259rin, Heyd\u0259r \u018fliyev M\u0259rk\u0259zinin, Ombudsman Aparat\u0131n\u0131n, M\u0259rk\u0259zi Se\u00e7ki Komissiyas\u0131n\u0131n, Ba\u015f Prokurorlu\u011fun, d\u00f6vl\u0259t komit\u0259l\u0259ri v\u0259 xidm\u0259tl\u0259rinin, Bak\u0131 \u015f\u0259h\u0259ri, Nax\u00e7\u0131van Muxtar Respublikas\u0131 v\u0259 rayon icra hakimiyy\u0259tl\u0259rinin n\u00fcmay\u0259nd\u0259l\u0259ri i\u015ftirak edibl\u0259r.<\/p>\n\n\n\n<figure class=\"wp-container-2 wp-block-gallery-1 wp-block-gallery columns-3 is-cropped\"><ul class=\"blocks-gallery-grid\"><li class=\"blocks-gallery-item\"><figure><img width=\"851\" height=\"561\" src=\"https:\/\/dia.edu.az\/wp-content\/uploads\/2021\/03\/21.06.19.jpg\" alt=\"\" data-id=\"11370\" data-full-url=\"https:\/\/dia.edu.az\/wp-content\/uploads\/2021\/03\/21.06.19.jpg\" data-link=\"https:\/\/dia.edu.az\/?attachment_id=11370\" class=\"wp-image-11370\" srcset=\"https:\/\/legacy.dia.edu.az\/wp-content\/uploads\/2021\/03\/21.06.19.jpg 851w, https:\/\/legacy.dia.edu.az\/wp-content\/uploads\/2021\/03\/21.06.19-300x198.jpg 300w, https:\/\/legacy.dia.edu.az\/wp-content\/uploads\/2021\/03\/21.06.19-16x12.jpg 16w, https:\/\/legacy.dia.edu.az\/wp-content\/uploads\/2021\/03\/21.06.19-150x100.jpg 150w, https:\/\/legacy.dia.edu.az\/wp-content\/uploads\/2021\/03\/21.06.19-300x198@2x.jpg 600w\" sizes=\"(max-width: 851px) 100vw, 851px\" \/><\/figure><\/li><li class=\"blocks-gallery-item\"><figure><img width=\"897\" height=\"537\" src=\"https:\/\/dia.edu.az\/wp-content\/uploads\/2021\/03\/21.06.jpg\" alt=\"\" data-id=\"11371\" data-full-url=\"https:\/\/dia.edu.az\/wp-content\/uploads\/2021\/03\/21.06.jpg\" data-link=\"https:\/\/dia.edu.az\/?attachment_id=11371\" class=\"wp-image-11371\" srcset=\"https:\/\/legacy.dia.edu.az\/wp-content\/uploads\/2021\/03\/21.06.jpg 897w, https:\/\/legacy.dia.edu.az\/wp-content\/uploads\/2021\/03\/21.06-300x180.jpg 300w, https:\/\/legacy.dia.edu.az\/wp-content\/uploads\/2021\/03\/21.06-16x10.jpg 16w, https:\/\/legacy.dia.edu.az\/wp-content\/uploads\/2021\/03\/21.06-300x180@2x.jpg 600w\" sizes=\"(max-width: 897px) 100vw, 897px\" \/><\/figure><\/li><li class=\"blocks-gallery-item\"><figure><img width=\"946\" height=\"500\" src=\"https:\/\/dia.edu.az\/wp-content\/uploads\/2021\/03\/21.06-19.jpg\" alt=\"\" data-id=\"11372\" data-full-url=\"https:\/\/dia.edu.az\/wp-content\/uploads\/2021\/03\/21.06-19.jpg\" data-link=\"https:\/\/dia.edu.az\/?attachment_id=11372\" class=\"wp-image-11372\" srcset=\"https:\/\/legacy.dia.edu.az\/wp-content\/uploads\/2021\/03\/21.06-19.jpg 946w, https:\/\/legacy.dia.edu.az\/wp-content\/uploads\/2021\/03\/21.06-19-300x159.jpg 300w, https:\/\/legacy.dia.edu.az\/wp-content\/uploads\/2021\/03\/21.06-19-16x8.jpg 16w, https:\/\/legacy.dia.edu.az\/wp-content\/uploads\/2021\/03\/21.06-19-300x159@2x.jpg 600w\" sizes=\"(max-width: 946px) 100vw, 946px\" \/><\/figure><\/li><li class=\"blocks-gallery-item\"><figure><img width=\"994\" height=\"595\" src=\"https:\/\/dia.edu.az\/wp-content\/uploads\/2021\/03\/21.0619.jpg\" alt=\"\" data-id=\"11373\" data-full-url=\"https:\/\/dia.edu.az\/wp-content\/uploads\/2021\/03\/21.0619.jpg\" data-link=\"https:\/\/dia.edu.az\/?attachment_id=11373\" class=\"wp-image-11373\" srcset=\"https:\/\/legacy.dia.edu.az\/wp-content\/uploads\/2021\/03\/21.0619.jpg 994w, https:\/\/legacy.dia.edu.az\/wp-content\/uploads\/2021\/03\/21.0619-300x180.jpg 300w, https:\/\/legacy.dia.edu.az\/wp-content\/uploads\/2021\/03\/21.0619-16x10.jpg 16w, https:\/\/legacy.dia.edu.az\/wp-content\/uploads\/2021\/03\/21.0619-300x180@2x.jpg 600w\" sizes=\"(max-width: 994px) 100vw, 994px\" \/><\/figure><\/li><li class=\"blocks-gallery-item\"><figure><img width=\"589\" height=\"627\" src=\"https:\/\/dia.edu.az\/wp-content\/uploads\/2021\/03\/21-06.19.jpg\" alt=\"\" data-id=\"11374\" data-full-url=\"https:\/\/dia.edu.az\/wp-content\/uploads\/2021\/03\/21-06.19.jpg\" data-link=\"https:\/\/dia.edu.az\/?attachment_id=11374\" class=\"wp-image-11374\" srcset=\"https:\/\/legacy.dia.edu.az\/wp-content\/uploads\/2021\/03\/21-06.19.jpg 589w, https:\/\/legacy.dia.edu.az\/wp-content\/uploads\/2021\/03\/21-06.19-282x300.jpg 282w, https:\/\/legacy.dia.edu.az\/wp-content\/uploads\/2021\/03\/21-06.19-11x12.jpg 11w, https:\/\/legacy.dia.edu.az\/wp-content\/uploads\/2021\/03\/21-06.19-282x300@2x.jpg 564w\" sizes=\"(max-width: 589px) 100vw, 589px\" \/><\/figure><\/li><li class=\"blocks-gallery-item\"><figure><img width=\"874\" height=\"625\" src=\"https:\/\/dia.edu.az\/wp-content\/uploads\/2021\/03\/21-06-19.jpg\" alt=\"\" data-id=\"11375\" data-full-url=\"https:\/\/dia.edu.az\/wp-content\/uploads\/2021\/03\/21-06-19.jpg\" data-link=\"https:\/\/dia.edu.az\/?attachment_id=11375\" class=\"wp-image-11375\" srcset=\"https:\/\/legacy.dia.edu.az\/wp-content\/uploads\/2021\/03\/21-06-19.jpg 874w, https:\/\/legacy.dia.edu.az\/wp-content\/uploads\/2021\/03\/21-06-19-300x215.jpg 300w, https:\/\/legacy.dia.edu.az\/wp-content\/uploads\/2021\/03\/21-06-19-16x12.jpg 16w, https:\/\/legacy.dia.edu.az\/wp-content\/uploads\/2021\/03\/21-06-19-300x215@2x.jpg 600w\" sizes=\"(max-width: 874px) 100vw, 874px\" \/><\/figure><\/li><li class=\"blocks-gallery-item\"><figure><img width=\"829\" height=\"577\" src=\"https:\/\/dia.edu.az\/wp-content\/uploads\/2021\/03\/21-0619.jpg\" alt=\"\" data-id=\"11376\" data-full-url=\"https:\/\/dia.edu.az\/wp-content\/uploads\/2021\/03\/21-0619.jpg\" data-link=\"https:\/\/dia.edu.az\/?attachment_id=11376\" class=\"wp-image-11376\" srcset=\"https:\/\/legacy.dia.edu.az\/wp-content\/uploads\/2021\/03\/21-0619.jpg 829w, https:\/\/legacy.dia.edu.az\/wp-content\/uploads\/2021\/03\/21-0619-300x209.jpg 300w, https:\/\/legacy.dia.edu.az\/wp-content\/uploads\/2021\/03\/21-0619-16x12.jpg 16w, https:\/\/legacy.dia.edu.az\/wp-content\/uploads\/2021\/03\/21-0619-300x209@2x.jpg 600w\" sizes=\"(max-width: 829px) 100vw, 829px\" \/><\/figure><\/li><li class=\"blocks-gallery-item\"><figure><img width=\"941\" height=\"573\" src=\"https:\/\/dia.edu.az\/wp-content\/uploads\/2021\/03\/2106.19.jpg\" alt=\"\" data-id=\"11377\" data-full-url=\"https:\/\/dia.edu.az\/wp-content\/uploads\/2021\/03\/2106.19.jpg\" data-link=\"https:\/\/dia.edu.az\/?attachment_id=11377\" class=\"wp-image-11377\" srcset=\"https:\/\/legacy.dia.edu.az\/wp-content\/uploads\/2021\/03\/2106.19.jpg 941w, https:\/\/legacy.dia.edu.az\/wp-content\/uploads\/2021\/03\/2106.19-300x183.jpg 300w, https:\/\/legacy.dia.edu.az\/wp-content\/uploads\/2021\/03\/2106.19-16x10.jpg 16w, https:\/\/legacy.dia.edu.az\/wp-content\/uploads\/2021\/03\/2106.19-300x183@2x.jpg 600w\" sizes=\"(max-width: 941px) 100vw, 941px\" \/><\/figure><\/li><li class=\"blocks-gallery-item\"><figure><img width=\"995\" height=\"537\" src=\"https:\/\/dia.edu.az\/wp-content\/uploads\/2021\/03\/2106.jpg\" alt=\"\" data-id=\"11378\" data-full-url=\"https:\/\/dia.edu.az\/wp-content\/uploads\/2021\/03\/2106.jpg\" data-link=\"https:\/\/dia.edu.az\/?attachment_id=11378\" class=\"wp-image-11378\" srcset=\"https:\/\/legacy.dia.edu.az\/wp-content\/uploads\/2021\/03\/2106.jpg 995w, https:\/\/legacy.dia.edu.az\/wp-content\/uploads\/2021\/03\/2106-300x162.jpg 300w, https:\/\/legacy.dia.edu.az\/wp-content\/uploads\/2021\/03\/2106-16x9.jpg 16w, https:\/\/legacy.dia.edu.az\/wp-content\/uploads\/2021\/03\/2106-300x162@2x.jpg 600w\" sizes=\"(max-width: 995px) 100vw, 995px\" \/><\/figure><\/li><li class=\"blocks-gallery-item\"><figure><img width=\"517\" height=\"626\" src=\"https:\/\/dia.edu.az\/wp-content\/uploads\/2021\/03\/2106-19.jpg\" alt=\"\" data-id=\"11379\" data-full-url=\"https:\/\/dia.edu.az\/wp-content\/uploads\/2021\/03\/2106-19.jpg\" data-link=\"https:\/\/dia.edu.az\/?attachment_id=11379\" class=\"wp-image-11379\" srcset=\"https:\/\/legacy.dia.edu.az\/wp-content\/uploads\/2021\/03\/2106-19.jpg 517w, https:\/\/legacy.dia.edu.az\/wp-content\/uploads\/2021\/03\/2106-19-248x300.jpg 248w, https:\/\/legacy.dia.edu.az\/wp-content\/uploads\/2021\/03\/2106-19-10x12.jpg 10w, https:\/\/legacy.dia.edu.az\/wp-content\/uploads\/2021\/03\/2106-19-248x300@2x.jpg 496w\" sizes=\"(max-width: 517px) 100vw, 517px\" \/><\/figure><\/li><li class=\"blocks-gallery-item\"><figure><img width=\"921\" height=\"613\" src=\"https:\/\/dia.edu.az\/wp-content\/uploads\/2021\/03\/210619.jpg\" alt=\"\" data-id=\"11380\" data-full-url=\"https:\/\/dia.edu.az\/wp-content\/uploads\/2021\/03\/210619.jpg\" data-link=\"https:\/\/dia.edu.az\/?attachment_id=11380\" class=\"wp-image-11380\" srcset=\"https:\/\/legacy.dia.edu.az\/wp-content\/uploads\/2021\/03\/210619.jpg 921w, https:\/\/legacy.dia.edu.az\/wp-content\/uploads\/2021\/03\/210619-300x200.jpg 300w, https:\/\/legacy.dia.edu.az\/wp-content\/uploads\/2021\/03\/210619-16x12.jpg 16w, https:\/\/legacy.dia.edu.az\/wp-content\/uploads\/2021\/03\/210619-150x100.jpg 150w, https:\/\/legacy.dia.edu.az\/wp-content\/uploads\/2021\/03\/210619-300x200@2x.jpg 600w\" sizes=\"(max-width: 921px) 100vw, 921px\" \/><\/figure><\/li><li class=\"blocks-gallery-item\"><figure><img width=\"535\" height=\"624\" src=\"https:\/\/dia.edu.az\/wp-content\/uploads\/2021\/03\/21062019.jpg\" alt=\"\" data-id=\"11381\" data-full-url=\"https:\/\/dia.edu.az\/wp-content\/uploads\/2021\/03\/21062019.jpg\" data-link=\"https:\/\/dia.edu.az\/?attachment_id=11381\" class=\"wp-image-11381\" srcset=\"https:\/\/legacy.dia.edu.az\/wp-content\/uploads\/2021\/03\/21062019.jpg 535w, https:\/\/legacy.dia.edu.az\/wp-content\/uploads\/2021\/03\/21062019-257x300.jpg 257w, https:\/\/legacy.dia.edu.az\/wp-content\/uploads\/2021\/03\/21062019-10x12.jpg 10w, https:\/\/legacy.dia.edu.az\/wp-content\/uploads\/2021\/03\/21062019-257x300@2x.jpg 514w\" sizes=\"(max-width: 535px) 100vw, 535px\" \/><\/figure><\/li><\/ul><\/figure>","protected":false},"excerpt":{"rendered":"<p>D\u00f6vl\u0259t \u0130dar\u0259\u00e7ilik Akademiyas\u0131nda elmi-praktik konfrans: \u201cD\u00f6vl\u0259t qullu\u011funun aktual probleml\u0259ri\u201d\u0130yn 21 , 2019 &#8211; 11:30 \u0130yunun 21-d\u0259 Az\u0259rbaycan Respublikas\u0131n\u0131n Prezidenti yan\u0131nda D\u00f6vl\u0259t \u0130dar\u0259\u00e7ilik Akademiyas\u0131nda \u201cD\u00f6vl\u0259t qullu\u011funun aktual probleml\u0259ri\u201d m\u00f6vzusunda elmi-praktik konfrans ke\u00e7irilib. D\u00f6vl\u0259t Qulluq\u00e7ular\u0131n\u0131n Pe\u015f\u0259 Bayram\u0131 G\u00fcn\u00fcn\u0259 h\u0259sr edil\u0259n konfrans D\u00f6vl\u0259t \u0130dar\u0259\u00e7ilik Akademiyas\u0131 v\u0259 D\u00f6vl\u0259t \u0130mtahan M\u0259rk\u0259zinin (D\u0130M) birg\u0259 t\u0259\u015fkilat\u00e7\u0131l\u0131\u011f\u0131 il\u0259 realla\u015f\u0131b. Konfrans \u201cD\u00f6vl\u0259t qulluq\u00e7ular\u0131n\u0131n pe\u015f\u0259 [&hellip;]<\/p>","protected":false},"author":2,"featured_media":11375,"comment_status":"closed","ping_status":"closed","sticky":false,"template":"","format":"standard","meta":[],"categories":[137],"tags":[],"_links":{"self":[{"href":"https:\/\/legacy.dia.edu.az\/en\/wp-json\/wp\/v2\/posts\/11368"}],"collection":[{"href":"https:\/\/legacy.dia.edu.az\/en\/wp-json\/wp\/v2\/posts"}],"about":[{"href":"https:\/\/legacy.dia.edu.az\/en\/wp-json\/wp\/v2\/types\/post"}],"author":[{"embeddable":true,"href":"https:\/\/legacy.dia.edu.az\/en\/wp-json\/wp\/v2\/users\/2"}],"replies":[{"embeddable":true,"href":"https:\/\/legacy.dia.edu.az\/en\/wp-json\/wp\/v2\/comments?post=11368"}],"version-history":[{"count":0,"href":"https:\/\/legacy.dia.edu.az\/en\/wp-json\/wp\/v2\/posts\/11368\/revisions"}],"wp:featuredmedia":[{"embeddable":true,"href":"https:\/\/legacy.dia.edu.az\/en\/wp-json\/wp\/v2\/media\/11375"}],"wp:attachment":[{"href":"https:\/\/legacy.dia.edu.az\/en\/wp-json\/wp\/v2\/media?parent=11368"}],"wp:term":[{"taxonomy":"category","embeddable":true,"href":"https:\/\/legacy.dia.edu.az\/en\/wp-json\/wp\/v2\/categories?post=11368"},{"taxonomy":"post_tag","embeddable":true,"href":"https:\/\/legacy.dia.edu.az\/en\/wp-json\/wp\/v2\/tags?post=11368"}],"curies":[{"name":"wp","href":"https:\/\/api.w.org\/{rel}","templated":true}]}}