{"id":11361,"date":"2019-07-07T10:22:00","date_gmt":"2019-07-07T07:22:00","guid":{"rendered":"https:\/\/dia.edu.az\/?p=11361"},"modified":"2021-03-13T10:23:46","modified_gmt":"2021-03-13T07:23:46","slug":"dovl%c9%99t-idar%c9%99cilik-akademiyasinda-az%c9%99rbaycanin-davamli-inkluziv-inkisafinda-konullul%c9%99r-f%c9%99aliyy%c9%99tinin-rolu-istiqam%c9%99ti-uzr%c9%99-ixtisasartirma-kursun","status":"publish","type":"post","link":"https:\/\/legacy.dia.edu.az\/en\/arxivl\u0259r\/11361","title":{"rendered":"D\u00f6vl\u0259t \u0130dar\u0259\u00e7ilik Akademiyas\u0131nda \u201cAz\u0259rbaycan\u0131n davaml\u0131 inkl\u00fcziv inki\u015faf\u0131nda k\u00f6n\u00fcll\u00fcl\u0259r f\u0259aliyy\u0259tinin rolu\u201d istiqam\u0259ti \u00fczr\u0259 ixtisasart\u0131rma kursuna ba\u015flan\u0131l\u0131b"},"content":{"rendered":"<p><strong>D\u00f6vl\u0259t \u0130dar\u0259\u00e7ilik Akademiyas\u0131nda \u201cAz\u0259rbaycan\u0131n davaml\u0131 inkl\u00fcziv inki\u015faf\u0131nda k\u00f6n\u00fcll\u00fcl\u0259r f\u0259aliyy\u0259tinin rolu\u201d istiqam\u0259ti \u00fczr\u0259 ixtisasart\u0131rma kursuna ba\u015flan\u0131l\u0131b<\/strong><br><em>\u0130yl 07 , 2019 &#8211; 08:18<\/em><\/p>\n\n\n\n<p>\u0130yunun 27-d\u0259 Az\u0259rbaycan Respublikas\u0131n\u0131n Prezidenti yan\u0131nda D\u00f6vl\u0259t \u0130dar\u0259\u00e7ilik Akademiyas\u0131nda \u201cAz\u0259rbaycan\u0131n davaml\u0131 inkl\u00fcziv inki\u015faf\u0131nda k\u00f6n\u00fcll\u00fcl\u0259r f\u0259aliyy\u0259tinin rolu\u201d istiqam\u0259ti \u00fczr\u0259 ixtisasart\u0131rma kursuna ba\u015flan\u0131l\u0131b.<\/p>\n\n\n\n<p>Ikig\u00fcnl\u00fck kursda Az\u0259rbaycan\u0131n 25 \u015f\u0259h\u0259r v\u0259 rayonundan dinl\u0259yicil\u0259r i\u015ftirak edirl\u0259r.<\/p>\n\n\n\n<p>Kursun ilk m\u0259ruz\u0259\u00e7isi Az\u0259rbaycan Respublikas\u0131 Prezidentinin ictimai-siyasi m\u0259s\u0259l\u0259l\u0259r \u00fczr\u0259 k\u00f6m\u0259k\u00e7isi, professor \u018fli H\u0259s\u0259nov \u00f6lk\u0259mizd\u0259 k\u00f6n\u00fcll\u00fcl\u00fck h\u0259r\u0259kat\u0131n\u0131n mahiyy\u0259tind\u0259n, tarixind\u0259n, onun c\u0259miyy\u0259td\u0259 x\u00fcsusiyy\u0259tl\u0259rind\u0259n dan\u0131\u015f\u0131b, el\u0259c\u0259 d\u0259 k\u00f6n\u00fcll\u00fcl\u0259r v\u0259 Az\u0259rbaycan\u0131n g\u0259ncl\u0259r siyas\u0259ti haqq\u0131nda dinl\u0259yicil\u0259r\u0259 \u0259trafl\u0131 m\u0259lumat verib. Vur\u011fulay\u0131b ki, Az\u0259rbaycanda k\u00f6n\u00fcll\u00fcl\u00fck h\u0259r\u0259kat\u0131n\u0131n tarixi h\u0259l\u0259 X\u00fcrr\u0259mil\u0259r d\u00f6vr\u00fcnd\u0259n ba\u015flay\u0131b. Bab\u0259k Az\u0259rbaycan\u0131 yadelli i\u015f\u011fal\u00e7\u0131lardan qorumaq \u00fc\u00e7\u00fcn xalqa m\u00fcraci\u0259t edib v\u0259 \u0259traf\u0131na topla\u015fan k\u00f6n\u00fcll\u00fcl\u0259rl\u0259 torpaqlar\u0131m\u0131z\u0131n i\u015f\u011fal\u0131na qar\u015f\u0131 m\u00fcbariz\u0259 apar\u0131b. M\u00fcasir Az\u0259rbaycanda is\u0259 k\u00f6n\u00fcll\u00fcl\u00fck sah\u0259sind\u0259 inki\u015faf m\u0259hz ulu \u00f6nd\u0259r Heyd\u0259r \u018fliyevin hakimiyy\u0259t\u0259 qay\u0131d\u0131\u015f\u0131ndan sonra ba\u015flay\u0131b. Onun 1994-c\u00fc ild\u0259 d\u00f6vl\u0259t \u00e7evrili\u015fin\u0259 c\u0259hd zaman\u0131 xalqa m\u00fcraci\u0259t etm\u0259si m\u00fcasir d\u00f6vr\u00fcm\u00fczd\u0259 k\u00f6n\u00fcll\u00fcl\u00fck h\u0259r\u0259kat\u0131n\u0131n nadir n\u00fcmun\u0259sidir. O zaman xalqa m\u00fcraci\u0259t edildikd\u0259n 1-2 saat sonra Prezident Administrasiyas\u0131n\u0131n qar\u015f\u0131s\u0131na 100 minl\u0259rl\u0259 insan topla\u015fm\u0131\u015fd\u0131. K\u00f6n\u00fcll\u00fcl\u00fck Az\u0259rbaycan xalq\u0131n\u0131n x\u00fcsusiyy\u0259tind\u0259n, q\u0259lbind\u0259n ir\u0259li g\u0259lir.<\/p>\n\n\n\n<p>Professor \u018fli H\u0259s\u0259nov, h\u0259m\u00e7inin Heyd\u0259r \u018fliyev Fondunun h\u0259yata ke\u00e7irdiyi humanitar t\u0259\u015f\u0259bb\u00fcsl\u0259r\u0259 d\u0259 toxunub v\u0259 bu layih\u0259l\u0259rin t\u0259kc\u0259 Az\u0259rbaycanda deyil, xarici \u00f6lk\u0259l\u0259rd\u0259 d\u0259 realla\u015fd\u0131r\u0131ld\u0131\u011f\u0131n\u0131 bildirib.<\/p>\n\n\n\n<p>Sonra Prezident yan\u0131nda D\u00f6vl\u0259t \u0130dar\u0259\u00e7ilik Akademiyas\u0131n\u0131n rektoru, akademik Urxan \u018fl\u0259kb\u0259rov dinl\u0259yicil\u0259r qar\u015f\u0131s\u0131nda \u201cD\u00f6vl\u0259t idar\u0259\u00e7iliyind\u0259 yeni texnologiyalar: Az\u0259rbaycan Respublikas\u0131n\u0131n innovativ t\u0259cr\u00fcb\u0259si beyn\u0259lxalq t\u0259\u015fkilatlar\u0131n s\u0259n\u0259dl\u0259rind\u0259\u201d adl\u0131 m\u0259ruz\u0259 il\u0259 \u00e7\u0131x\u0131\u015f edib, k\u00f6n\u00fcll\u00fcl\u00fck h\u0259r\u0259kat\u0131n\u0131n Az\u0259rbaycanda rolundan dan\u0131\u015f\u0131b. Qeyd olunub ki, k\u00f6n\u00fcll\u00fcl\u00fck \u00f6z irad\u0259si v\u0259 s\u0259rb\u0259st se\u00e7imi \u0259sas\u0131nda he\u00e7 bir maddi xeyr\u0259 \u0259saslanmayan v\u0259 c\u0259miyy\u0259tin rifah\u0131n\u0131n daha da yax\u015f\u0131la\u015fd\u0131r\u0131lmas\u0131n\u0131 qar\u015f\u0131ya m\u0259qs\u0259d qoyan sosial f\u0259aliyy\u0259t istiqam\u0259ti hesab olunur.<\/p>\n\n\n\n<p>Daha sonra Heyd\u0259r \u018fliyev M\u0259rk\u0259zinin Heyd\u0259r \u018fliyev irsinin t\u0259dqiqi v\u0259 elmi ara\u015fd\u0131rmalar departamentinin direktoru M\u0259h\u0259bb\u0259t Mehdiyevan\u0131n \u201cHeyd\u0259r \u018fliyev v\u0259 Az\u0259rbaycan d\u00f6vl\u0259t\u00e7iliyi\u201d, Prezident Administrasiyas\u0131n\u0131n G\u0259ncl\u0259r siyas\u0259ti v\u0259 idman m\u0259s\u0259l\u0259l\u0259ri \u015f\u00f6b\u0259sinin ba\u015f m\u0259sl\u0259h\u0259t\u00e7isi \u0130rfan Davudovun \u201cAz\u0259rbaycanda g\u0259ncl\u0259r siyas\u0259tinin \u0259sas istiqam\u0259tl\u0259ri\u201d m\u00f6vzular\u0131nda m\u0259ruz\u0259l\u0259ri dinl\u0259nilib.<\/p>\n\n\n\n<p>Kurs iyunun 28-d\u0259 ba\u015fa \u00e7atacaq.<\/p>\n\n\n\n<figure class=\"wp-container-2 wp-block-gallery-1 wp-block-gallery columns-1 is-cropped\"><ul class=\"blocks-gallery-grid\"><li class=\"blocks-gallery-item\"><figure><img width=\"968\" height=\"669\" src=\"https:\/\/dia.edu.az\/wp-content\/uploads\/2021\/03\/09.jpg\" alt=\"\" data-id=\"11362\" data-full-url=\"https:\/\/dia.edu.az\/wp-content\/uploads\/2021\/03\/09.jpg\" data-link=\"https:\/\/dia.edu.az\/?attachment_id=11362\" class=\"wp-image-11362\" srcset=\"https:\/\/legacy.dia.edu.az\/wp-content\/uploads\/2021\/03\/09.jpg 968w, https:\/\/legacy.dia.edu.az\/wp-content\/uploads\/2021\/03\/09-300x207.jpg 300w, https:\/\/legacy.dia.edu.az\/wp-content\/uploads\/2021\/03\/09-300x207@2x.jpg 600w\" sizes=\"(max-width: 968px) 100vw, 968px\" \/><\/figure><\/li><\/ul><\/figure>","protected":false},"excerpt":{"rendered":"<p>D\u00f6vl\u0259t \u0130dar\u0259\u00e7ilik Akademiyas\u0131nda \u201cAz\u0259rbaycan\u0131n davaml\u0131 inkl\u00fcziv inki\u015faf\u0131nda k\u00f6n\u00fcll\u00fcl\u0259r f\u0259aliyy\u0259tinin rolu\u201d istiqam\u0259ti \u00fczr\u0259 ixtisasart\u0131rma kursuna ba\u015flan\u0131l\u0131b\u0130yl 07 , 2019 &#8211; 08:18 \u0130yunun 27-d\u0259 Az\u0259rbaycan Respublikas\u0131n\u0131n Prezidenti yan\u0131nda D\u00f6vl\u0259t \u0130dar\u0259\u00e7ilik Akademiyas\u0131nda \u201cAz\u0259rbaycan\u0131n davaml\u0131 inkl\u00fcziv inki\u015faf\u0131nda k\u00f6n\u00fcll\u00fcl\u0259r f\u0259aliyy\u0259tinin rolu\u201d istiqam\u0259ti \u00fczr\u0259 ixtisasart\u0131rma kursuna ba\u015flan\u0131l\u0131b. Ikig\u00fcnl\u00fck kursda Az\u0259rbaycan\u0131n 25 \u015f\u0259h\u0259r v\u0259 rayonundan dinl\u0259yicil\u0259r i\u015ftirak edirl\u0259r. Kursun ilk m\u0259ruz\u0259\u00e7isi Az\u0259rbaycan [&hellip;]<\/p>","protected":false},"author":2,"featured_media":11362,"comment_status":"closed","ping_status":"closed","sticky":false,"template":"","format":"standard","meta":[],"categories":[137],"tags":[],"_links":{"self":[{"href":"https:\/\/legacy.dia.edu.az\/en\/wp-json\/wp\/v2\/posts\/11361"}],"collection":[{"href":"https:\/\/legacy.dia.edu.az\/en\/wp-json\/wp\/v2\/posts"}],"about":[{"href":"https:\/\/legacy.dia.edu.az\/en\/wp-json\/wp\/v2\/types\/post"}],"author":[{"embeddable":true,"href":"https:\/\/legacy.dia.edu.az\/en\/wp-json\/wp\/v2\/users\/2"}],"replies":[{"embeddable":true,"href":"https:\/\/legacy.dia.edu.az\/en\/wp-json\/wp\/v2\/comments?post=11361"}],"version-history":[{"count":0,"href":"https:\/\/legacy.dia.edu.az\/en\/wp-json\/wp\/v2\/posts\/11361\/revisions"}],"wp:featuredmedia":[{"embeddable":true,"href":"https:\/\/legacy.dia.edu.az\/en\/wp-json\/wp\/v2\/media\/11362"}],"wp:attachment":[{"href":"https:\/\/legacy.dia.edu.az\/en\/wp-json\/wp\/v2\/media?parent=11361"}],"wp:term":[{"taxonomy":"category","embeddable":true,"href":"https:\/\/legacy.dia.edu.az\/en\/wp-json\/wp\/v2\/categories?post=11361"},{"taxonomy":"post_tag","embeddable":true,"href":"https:\/\/legacy.dia.edu.az\/en\/wp-json\/wp\/v2\/tags?post=11361"}],"curies":[{"name":"wp","href":"https:\/\/api.w.org\/{rel}","templated":true}]}}