{"id":11335,"date":"2019-09-16T10:09:00","date_gmt":"2019-09-16T07:09:00","guid":{"rendered":"https:\/\/dia.edu.az\/?p=11335"},"modified":"2021-03-13T10:11:03","modified_gmt":"2021-03-13T07:11:03","slug":"dovl%c9%99t-idar%c9%99cilik-akademiyasinda-bilik-gunu-t%c9%99nt%c9%99n%c9%99-il%c9%99-qeyd-olunub","status":"publish","type":"post","link":"https:\/\/legacy.dia.edu.az\/en\/arxivl\u0259r\/11335","title":{"rendered":"D\u00f6vl\u0259t \u0130dar\u0259\u00e7ilik Akademiyas\u0131nda Bilik G\u00fcn\u00fc t\u0259nt\u0259n\u0259 il\u0259 qeyd olunub"},"content":{"rendered":"<p><strong>D\u00f6vl\u0259t \u0130dar\u0259\u00e7ilik Akademiyas\u0131nda Bilik G\u00fcn\u00fc t\u0259nt\u0259n\u0259 il\u0259 qeyd olunub<\/strong><br><em>Sen 16 , 2019 &#8211; 02:18<\/em><\/p>\n\n\n\n<p>Sentyabr\u0131n 16-da Az\u0259rbaycan Respublikas\u0131n\u0131n Prezidenti yan\u0131nda D\u00f6vl\u0259t \u0130dar\u0259\u00e7ilik Akademiyas\u0131nda Bilik G\u00fcn\u00fc v\u0259 yeni d\u0259rs ilinin ba\u015flanmas\u0131 m\u00fcnasib\u0259til\u0259 t\u0259dbir ke\u00e7irilib. \u018fvv\u0259lc\u0259 t\u0259l\u0259b\u0259l\u0259r v\u0259 onlar\u0131n valideynl\u0259rinin akademiya il\u0259 tan\u0131\u015fl\u0131\u011f\u0131 t\u0259\u015fkil edilib. Onlara D\u00f6vl\u0259t \u0130dar\u0259\u00e7ilik Akademiyas\u0131n\u0131n Heyd\u0259r \u018fliyev D\u00f6vl\u0259t \u0130dar\u0259\u00e7ilik M\u0259kt\u0259bi bar\u0259d\u0259 \u0259trafl\u0131 m\u0259lumat verilib. T\u0259dbir Az\u0259rbaycan Respublikas\u0131n\u0131n D\u00f6vl\u0259t himninin s\u0259sl\u0259ndirilm\u0259si il\u0259 ba\u015flay\u0131b.<\/p>\n\n\n\n<p>D\u0130A-n\u0131n rektoru, akademik Urxan \u018fl\u0259kb\u0259rov t\u0259l\u0259b\u0259l\u0259ri v\u0259 m\u00fc\u0259lliml\u0259ri yeni d\u0259rs ilinin ba\u015flanmas\u0131 v\u0259 Bilik G\u00fcn\u00fc m\u00fcnasib\u0259til\u0259 t\u0259brik edib, onlara u\u011furlar arzulay\u0131b. O, \u00fcmummilli lider Heyd\u0259r \u018fliyevin diqq\u0259t v\u0259 qay\u011f\u0131s\u0131 il\u0259 yarad\u0131lm\u0131\u015f bu t\u0259hsil oca\u011f\u0131n\u0131n \u0259ld\u0259 etdiyi nailiyy\u0259tl\u0259rd\u0259n, respublikam\u0131z \u00fc\u00e7\u00fcn idar\u0259\u00e7ilik sah\u0259sind\u0259 m\u00fct\u0259x\u0259ssisl\u0259r haz\u0131rlanmas\u0131 i\u015find\u0259 m\u00fch\u00fcm rolundan dan\u0131\u015f\u0131b. Ulu \u00f6nd\u0259r Heyd\u0259r \u018fliyevin elm\u0259, t\u0259hsil\u0259 g\u00f6st\u0259rdiyi qay\u011f\u0131 v\u0259 diqq\u0259tin Prezident \u0130lham \u018fliyev t\u0259r\u0259find\u0259n u\u011furla davam etdirildiyini diqq\u0259t\u0259 \u00e7atd\u0131ran natiq akademiyan\u0131n \u0259n\u0259n\u0259l\u0259rin\u0259 sadiq qalan t\u0259l\u0259b\u0259l\u0259rin biliyi, bacar\u0131\u011f\u0131 il\u0259 idar\u0259\u00e7ilik sah\u0259sin\u0259 \u00f6z t\u00f6hf\u0259l\u0259rini ver\u0259c\u0259kl\u0259rin\u0259 \u00fcmid etdiyini bildirib. Qeyd edib ki, m\u00fcasir d\u00f6vrd\u0259 \u00f6lk\u0259nin g\u00fcc\u00fc onun t\u0259bii s\u0259rv\u0259tl\u0259ri il\u0259 yana\u015f\u0131, h\u0259m d\u0259 insan potensial\u0131 il\u0259 m\u00fc\u0259yy\u0259n edilir.<\/p>\n\n\n\n<p>Rektor 2019-2020-ci t\u0259dris ilind\u0259 D\u00f6vl\u0259t \u0130dar\u0259\u00e7ilik Akademiyas\u0131na q\u0259bul olunanlar\u0131n \u0259ks\u0259riyy\u0259tinin y\u00fcks\u0259k bal toplad\u0131qlar\u0131n\u0131 diqq\u0259t\u0259 \u00e7atd\u0131r\u0131b. Bildirib ki, onlardan 176 n\u0259f\u0259ri Siyasi idar\u0259etm\u0259, 222 n\u0259f\u0259ri is\u0259 \u0130nzibati idar\u0259etm\u0259 fak\u00fclt\u0259sind\u0259 t\u0259hsil alacaq. Bu g\u0259ncl\u0259rd\u0259n 6 n\u0259f\u0259ri Prezident t\u0259qa\u00fcd\u00fcn\u0259 layiq g\u00f6r\u00fcl\u00fcb. Magistratura pill\u0259sind\u0259 is\u0259 99 n\u0259f\u0259r t\u0259hsill\u0259rini davam etdir\u0259c\u0259k. O, y\u00fcks\u0259k n\u0259tic\u0259l\u0259r g\u00f6st\u0259rmi\u015f g\u0259ncl\u0259rin D\u00f6vl\u0259t \u0130dar\u0259\u00e7ilik Akademiyas\u0131n\u0131 se\u00e7m\u0259sini, bununla yana\u015f\u0131, Az\u0259rbaycan Respublikas\u0131 Prezidenti Administrasiyas\u0131, Nazirl\u0259r Kabineti, Milli M\u0259clis, Nax\u00e7\u0131van Muxtar Respublikas\u0131, m\u0259rk\u0259zi icra hakimiyy\u0259ti orqanlar\u0131, m\u00fcxt\u0259lif nazirlikl\u0259r, \u015f\u0259h\u0259r v\u0259 rayon icra hakimiyy\u0259tl\u0259ri v\u0259 dig\u0259r d\u00f6vl\u0259t orqanlar\u0131nda \u00e7al\u0131\u015fan 75 r\u0259hb\u0259r kadr\u0131n akademiyada magistr t\u0259hsili almalar\u0131n\u0131n olduqca \u0259h\u0259miyy\u0259tli hesab edildiyini diqq\u0259t\u0259 \u00e7atd\u0131r\u0131b.<\/p>\n\n\n\n<p>\u0130nzibati idar\u0259etm\u0259 fak\u00fclt\u0259sinin dekan\u0131, professor Xatir\u0259 H\u00fcseynova v\u0259 siyasi idar\u0259etm\u0259 fak\u00fclt\u0259sinin dekan\u0131, professor El\u00e7in \u018fhm\u0259dov t\u0259brikl\u0259rini \u00e7atd\u0131r\u0131b, g\u0259l\u0259c\u0259kd\u0259 \u00f6lk\u0259mizin u\u011furlar \u0259ld\u0259 etm\u0259sind\u0259 D\u0130A m\u0259zunlar\u0131n\u0131n imzas\u0131n\u0131n daha da \u00e7ox olaca\u011f\u0131na inamlar\u0131n\u0131 ifad\u0259 edibl\u0259r.<\/p>\n\n\n\n<p>Prezident t\u0259qa\u00fcd\u00e7\u00fcl\u0259ri Az\u0259r Musayev v\u0259 \u018fmirxan \u018flizad\u0259 \u00e7\u0131x\u0131\u015f ed\u0259r\u0259k bu n\u00fcfuzlu ali m\u0259kt\u0259b\u0259 daxil olmalar\u0131ndan q\u00fcrur duyduqlar\u0131n\u0131 bildiribl\u0259r.<\/p>\n\n\n\n<p>Valideyn Yasin \u018flizad\u0259 \u00f6vlad\u0131n\u0131n D\u00f6vl\u0259t \u0130dar\u0259\u00e7ilik Akademiyas\u0131na q\u0259bul olmas\u0131 il\u0259 f\u0259xr etdiyini bildirib, kollektiv\u0259 yeni d\u0259rs ilind\u0259 u\u011furlar arzulay\u0131b.<\/p>\n\n\n\n<figure class=\"wp-container-2 wp-block-gallery-1 wp-block-gallery columns-3 is-cropped\"><ul class=\"blocks-gallery-grid\"><li class=\"blocks-gallery-item\"><figure><img width=\"640\" height=\"424\" src=\"https:\/\/dia.edu.az\/wp-content\/uploads\/2021\/03\/DSC_8728.jpg\" alt=\"\" data-id=\"11337\" data-full-url=\"https:\/\/dia.edu.az\/wp-content\/uploads\/2021\/03\/DSC_8728.jpg\" data-link=\"https:\/\/dia.edu.az\/?attachment_id=11337\" class=\"wp-image-11337\" srcset=\"https:\/\/legacy.dia.edu.az\/wp-content\/uploads\/2021\/03\/DSC_8728.jpg 640w, https:\/\/legacy.dia.edu.az\/wp-content\/uploads\/2021\/03\/DSC_8728-300x199.jpg 300w, https:\/\/legacy.dia.edu.az\/wp-content\/uploads\/2021\/03\/DSC_8728-150x100.jpg 150w, https:\/\/legacy.dia.edu.az\/wp-content\/uploads\/2021\/03\/DSC_8728-300x199@2x.jpg 600w\" sizes=\"(max-width: 640px) 100vw, 640px\" \/><\/figure><\/li><li class=\"blocks-gallery-item\"><figure><img width=\"640\" height=\"424\" src=\"https:\/\/dia.edu.az\/wp-content\/uploads\/2021\/03\/DSC_8732.jpg\" alt=\"\" data-id=\"11338\" data-full-url=\"https:\/\/dia.edu.az\/wp-content\/uploads\/2021\/03\/DSC_8732.jpg\" data-link=\"https:\/\/dia.edu.az\/?attachment_id=11338\" class=\"wp-image-11338\" srcset=\"https:\/\/legacy.dia.edu.az\/wp-content\/uploads\/2021\/03\/DSC_8732.jpg 640w, https:\/\/legacy.dia.edu.az\/wp-content\/uploads\/2021\/03\/DSC_8732-300x199.jpg 300w, https:\/\/legacy.dia.edu.az\/wp-content\/uploads\/2021\/03\/DSC_8732-150x100.jpg 150w, https:\/\/legacy.dia.edu.az\/wp-content\/uploads\/2021\/03\/DSC_8732-300x199@2x.jpg 600w\" sizes=\"(max-width: 640px) 100vw, 640px\" \/><\/figure><\/li><li class=\"blocks-gallery-item\"><figure><img width=\"640\" height=\"424\" src=\"https:\/\/dia.edu.az\/wp-content\/uploads\/2021\/03\/DSC_8752.jpg\" alt=\"\" data-id=\"11339\" data-full-url=\"https:\/\/dia.edu.az\/wp-content\/uploads\/2021\/03\/DSC_8752.jpg\" data-link=\"https:\/\/dia.edu.az\/?attachment_id=11339\" class=\"wp-image-11339\" srcset=\"https:\/\/legacy.dia.edu.az\/wp-content\/uploads\/2021\/03\/DSC_8752.jpg 640w, https:\/\/legacy.dia.edu.az\/wp-content\/uploads\/2021\/03\/DSC_8752-300x199.jpg 300w, https:\/\/legacy.dia.edu.az\/wp-content\/uploads\/2021\/03\/DSC_8752-150x100.jpg 150w, https:\/\/legacy.dia.edu.az\/wp-content\/uploads\/2021\/03\/DSC_8752-300x199@2x.jpg 600w\" sizes=\"(max-width: 640px) 100vw, 640px\" \/><\/figure><\/li><li class=\"blocks-gallery-item\"><figure><img width=\"640\" height=\"424\" src=\"https:\/\/dia.edu.az\/wp-content\/uploads\/2021\/03\/DSC_8758.jpg\" alt=\"\" data-id=\"11340\" data-full-url=\"https:\/\/dia.edu.az\/wp-content\/uploads\/2021\/03\/DSC_8758.jpg\" data-link=\"https:\/\/dia.edu.az\/?attachment_id=11340\" class=\"wp-image-11340\" srcset=\"https:\/\/legacy.dia.edu.az\/wp-content\/uploads\/2021\/03\/DSC_8758.jpg 640w, https:\/\/legacy.dia.edu.az\/wp-content\/uploads\/2021\/03\/DSC_8758-300x199.jpg 300w, https:\/\/legacy.dia.edu.az\/wp-content\/uploads\/2021\/03\/DSC_8758-150x100.jpg 150w, https:\/\/legacy.dia.edu.az\/wp-content\/uploads\/2021\/03\/DSC_8758-300x199@2x.jpg 600w\" sizes=\"(max-width: 640px) 100vw, 640px\" \/><\/figure><\/li><\/ul><\/figure>","protected":false},"excerpt":{"rendered":"<p>D\u00f6vl\u0259t \u0130dar\u0259\u00e7ilik Akademiyas\u0131nda Bilik G\u00fcn\u00fc t\u0259nt\u0259n\u0259 il\u0259 qeyd olunubSen 16 , 2019 &#8211; 02:18 Sentyabr\u0131n 16-da Az\u0259rbaycan Respublikas\u0131n\u0131n Prezidenti yan\u0131nda D\u00f6vl\u0259t \u0130dar\u0259\u00e7ilik Akademiyas\u0131nda Bilik G\u00fcn\u00fc v\u0259 yeni d\u0259rs ilinin ba\u015flanmas\u0131 m\u00fcnasib\u0259til\u0259 t\u0259dbir ke\u00e7irilib. \u018fvv\u0259lc\u0259 t\u0259l\u0259b\u0259l\u0259r v\u0259 onlar\u0131n valideynl\u0259rinin akademiya il\u0259 tan\u0131\u015fl\u0131\u011f\u0131 t\u0259\u015fkil edilib. Onlara D\u00f6vl\u0259t \u0130dar\u0259\u00e7ilik Akademiyas\u0131n\u0131n Heyd\u0259r \u018fliyev D\u00f6vl\u0259t \u0130dar\u0259\u00e7ilik M\u0259kt\u0259bi bar\u0259d\u0259 \u0259trafl\u0131 m\u0259lumat [&hellip;]<\/p>","protected":false},"author":2,"featured_media":11338,"comment_status":"closed","ping_status":"closed","sticky":false,"template":"","format":"standard","meta":[],"categories":[137],"tags":[],"_links":{"self":[{"href":"https:\/\/legacy.dia.edu.az\/en\/wp-json\/wp\/v2\/posts\/11335"}],"collection":[{"href":"https:\/\/legacy.dia.edu.az\/en\/wp-json\/wp\/v2\/posts"}],"about":[{"href":"https:\/\/legacy.dia.edu.az\/en\/wp-json\/wp\/v2\/types\/post"}],"author":[{"embeddable":true,"href":"https:\/\/legacy.dia.edu.az\/en\/wp-json\/wp\/v2\/users\/2"}],"replies":[{"embeddable":true,"href":"https:\/\/legacy.dia.edu.az\/en\/wp-json\/wp\/v2\/comments?post=11335"}],"version-history":[{"count":0,"href":"https:\/\/legacy.dia.edu.az\/en\/wp-json\/wp\/v2\/posts\/11335\/revisions"}],"wp:featuredmedia":[{"embeddable":true,"href":"https:\/\/legacy.dia.edu.az\/en\/wp-json\/wp\/v2\/media\/11338"}],"wp:attachment":[{"href":"https:\/\/legacy.dia.edu.az\/en\/wp-json\/wp\/v2\/media?parent=11335"}],"wp:term":[{"taxonomy":"category","embeddable":true,"href":"https:\/\/legacy.dia.edu.az\/en\/wp-json\/wp\/v2\/categories?post=11335"},{"taxonomy":"post_tag","embeddable":true,"href":"https:\/\/legacy.dia.edu.az\/en\/wp-json\/wp\/v2\/tags?post=11335"}],"curies":[{"name":"wp","href":"https:\/\/api.w.org\/{rel}","templated":true}]}}