{"id":11322,"date":"2019-10-03T10:06:00","date_gmt":"2019-10-03T07:06:00","guid":{"rendered":"https:\/\/dia.edu.az\/?p=11322"},"modified":"2021-03-13T10:07:09","modified_gmt":"2021-03-13T07:07:09","slug":"heyd%c9%99r-%c9%99liyev-dovl%c9%99t-idar%c9%99ciliyi-m%c9%99kt%c9%99binin-ilk-muhazir%c9%99si-dinl%c9%99nilib","status":"publish","type":"post","link":"https:\/\/legacy.dia.edu.az\/en\/arxivl\u0259r\/11322","title":{"rendered":"Heyd\u0259r \u018fliyev D\u00f6vl\u0259t \u0130dar\u0259\u00e7iliyi M\u0259kt\u0259binin ilk m\u00fchazir\u0259si dinl\u0259nilib"},"content":{"rendered":"<p><strong>Heyd\u0259r \u018fliyev D\u00f6vl\u0259t \u0130dar\u0259\u00e7iliyi M\u0259kt\u0259binin ilk m\u00fchazir\u0259si dinl\u0259nilib<\/strong><br><em>Okt 03 , 2019 &#8211; 04:15<\/em><\/p>\n\n\n\n<p>Az\u0259rbaycan Respublikas\u0131n\u0131n Prezidenti yan\u0131nda D\u00f6vl\u0259t \u0130dar\u0259\u00e7ilik Akademiyas\u0131nda (D\u0130A) f\u0259aliyy\u0259t g\u00f6st\u0259r\u0259n Heyd\u0259r \u018fliyev D\u00f6vl\u0259t \u0130dar\u0259\u00e7iliyi M\u0259kt\u0259bind\u0259 2019\/2020-ci t\u0259dris ilind\u0259 bakalavriat pill\u0259sin\u0259 q\u0259bul olunan birinci kurs t\u0259l\u0259b\u0259l\u0259ri ilk m\u00fchazir\u0259l\u0259rini dinl\u0259yibl\u0259r.<\/p>\n\n\n\n<p>\u0130lk m\u00fchazir\u0259ni t\u0259qdim ed\u0259n akademiyan\u0131n rektoru, akademik Urxan \u018fl\u0259kb\u0259rov Heyd\u0259r \u018fliyev D\u00f6vl\u0259t \u0130dar\u0259\u00e7iliyi M\u0259kt\u0259bi haqq\u0131nda m\u0259lumat verib. O qeyd edib ki, m\u0259kt\u0259b \u00fcmummilli lider, m\u00fcasir m\u00fcst\u0259qil d\u00f6vl\u0259timizin memar\u0131 v\u0259 qurucusu Heyd\u0259r \u018fliyevin siyasi irsinin, az\u0259rbaycan\u00e7\u0131l\u0131q m\u0259fkur\u0259si v\u0259 d\u00f6vl\u0259t\u00e7ilik f\u0259ls\u0259f\u0259sinin t\u0259bli\u011fi m\u0259qs\u0259dil\u0259 yarad\u0131l\u0131b. Rektor g\u00f6rk\u0259mli siyasi v\u0259 d\u00f6vl\u0259t xadimi Heyd\u0259r \u018fliyevin misilsiz tarixi xidm\u0259tl\u0259rind\u0259n b\u0259hs edib, Ulu \u00d6nd\u0259rin siyasi x\u0259ttinin Prezident \u0130lham \u018fliyev t\u0259r\u0259find\u0259n u\u011furla davam etdirildiyini diqq\u0259t\u0259 \u00e7atd\u0131r\u0131b. Bildirib ki, m\u00fcst\u0259qilliyinin b\u0259rpas\u0131ndan 28 il ke\u00e7m\u0259sin\u0259 baxmayaraq, Az\u0259rbaycan Respublikas\u0131 u\u011furla inki\u015faf edir v\u0259 tarixi bax\u0131mdan \u00e7ox q\u0131sa zaman k\u0259siyind\u0259 \u00f6lk\u0259 d\u00f6vl\u0259t quruculu\u011funun b\u00fct\u00fcn sah\u0259l\u0259rind\u0259 diqq\u0259t\u0259layiq t\u0259r\u0259qqiy\u0259 nail olub.<\/p>\n\n\n\n<p>Urxan \u018fl\u0259kb\u0259rov qazan\u0131lan u\u011furlar\u0131n \u0259sas\u0131nda ulu \u00f6nd\u0259r Heyd\u0259r \u018fliyevin m\u00fc\u0259yy\u0259nl\u0259\u015fdirdiyi v\u0259 Prezident \u0130lham \u018fliyev t\u0259r\u0259find\u0259n u\u011furla davam etdiril\u0259n d\u0259rin d\u00fc\u015f\u00fcn\u00fclm\u00fc\u015f innovativ inki\u015faf siyas\u0259tinin dayand\u0131\u011f\u0131n\u0131 vur\u011fulay\u0131b. Rektor, eyni zamanda, diqq\u0259t\u0259 \u00e7atd\u0131r\u0131b ki, \u00f6lk\u0259d\u0259 b\u00fct\u00fcn istiqam\u0259tl\u0259rd\u0259 nailiyy\u0259tl\u0259rin qazan\u0131lmas\u0131nda Birinci vitse-prezident Mehriban xan\u0131m \u018fliyevan\u0131n \u00f6n\u0259mli rolu var. Akademik vur\u011fulay\u0131b ki, \u0259slind\u0259 daha az v\u0259saitl\u0259rl\u0259 y\u00fcks\u0259k g\u00f6st\u0259ricil\u0259r\u0259 nail olunmas\u0131 d\u00f6vl\u0259t inki\u015faf\u0131 prosesl\u0259rinin idar\u0259 edilm\u0259sind\u0259 Prezident \u0130lham \u018fliyev t\u0259r\u0259find\u0259n i\u015fl\u0259nmi\u015f innovativ sinergetik, komplimentar v\u0259 kompensasion texnologiyalar kompleksinin t\u0259tbiqinin n\u0259tic\u0259sidir. H\u0259min texnologiyalar \u00f6lk\u0259nin h\u0259rt\u0259r\u0259fli inki\u015faf\u0131 v\u0259 \u0259halinin rifah\u0131n\u0131n y\u00fcks\u0259lm\u0259si \u00fc\u00e7\u00fcn iqtisadi imkanlardan s\u0259m\u0259r\u0259li istifad\u0259ni t\u0259min edib. Bu t\u0259cr\u00fcb\u0259nin D\u00fcnya \u0130qtisadi Forumunun hesabat\u0131nda x\u00fcsusi t\u0259hlil predmetin\u0259 \u00e7evrilm\u0259si onun qlobal \u0259h\u0259miyy\u0259tinin g\u00f6st\u0259ricisidir.<\/p>\n\n\n\n<p>M\u00fchazir\u0259d\u0259 \u00f6lk\u0259 iqtisadiyyat\u0131n\u0131n s\u00fcr\u0259tli inki\u015faf\u0131 istiqam\u0259tind\u0259 apar\u0131lan u\u011furlu siyas\u0259tin \u0259sas h\u0259d\u0259fl\u0259ri, el\u0259c\u0259 d\u0259 davaml\u0131 inkl\u00fcziv inki\u015faf\u0131 xarakteriz\u0259 ed\u0259n g\u00f6st\u0259ricil\u0259r m\u00fcqayis\u0259li \u015f\u0259kild\u0259 t\u0259l\u0259b\u0259l\u0259rin diqq\u0259tin\u0259 \u00e7atd\u0131r\u0131l\u0131b. Az\u0259rbaycan\u0131n bir \u00e7ox istiqam\u0259tl\u0259rd\u0259 regional v\u0259 qlobal lider\u0259 \u00e7evrildiyini qeyd ed\u0259n rektor \u00f6lk\u0259mizin inki\u015faf g\u00f6st\u0259ricil\u0259rinin bir \u00e7ox beyn\u0259lxalq t\u0259\u015fkilatlar, o c\u00fcml\u0259d\u0259n BMT, UNESKO, D\u00fcnya Bank\u0131 v\u0259 dig\u0259r n\u00fcfuzlu qurumlar\u0131n r\u0259smi s\u0259n\u0259dl\u0259rind\u0259, m\u00fcst\u0259qil ekspertl\u0259r t\u0259r\u0259find\u0259n haz\u0131rlanm\u0131\u015f hesabatlarda t\u0259sdiqini tapd\u0131\u011f\u0131n\u0131 bildirib.<\/p>\n\n\n\n<p>Respublikam\u0131z\u0131n \u201cB\u00f6y\u00fck yeddilik\u201d \u00f6lk\u0259l\u0259ri il\u0259 m\u00fcqayis\u0259d\u0259 n\u0259z\u0259r\u0259\u00e7arpan inki\u015faf g\u00f6st\u0259ricil\u0259rini diqq\u0259t\u0259 \u00e7atd\u0131ran akademik deyib ki, bu m\u00fch\u00fcm iqtisadi nailiyy\u0259tl\u0259r Erm\u0259nistanla m\u00fcnaqi\u015f\u0259 v\u0259 torpaqlar\u0131m\u0131z\u0131n 20 faizinin i\u015f\u011fal\u0131 fonunda qazan\u0131l\u0131b. \u00d6lk\u0259mizin bu probleml\u0259ri olmasayd\u0131, qazan\u0131lacaq u\u011furlar\u0131n miqyas\u0131 daha b\u00f6y\u00fck ola bil\u0259rdi.<\/p>\n\n\n\n<p>Sonda t\u0259l\u0259b\u0259l\u0259rin suallar\u0131 cavabland\u0131r\u0131l\u0131b.<\/p>\n\n\n\n<figure class=\"wp-container-2 wp-block-gallery-1 wp-block-gallery columns-3 is-cropped\"><ul class=\"blocks-gallery-grid\"><li class=\"blocks-gallery-item\"><figure><img width=\"640\" height=\"427\" src=\"https:\/\/dia.edu.az\/wp-content\/uploads\/2021\/03\/1-68.jpg\" alt=\"\" data-id=\"11323\" data-full-url=\"https:\/\/dia.edu.az\/wp-content\/uploads\/2021\/03\/1-68.jpg\" data-link=\"https:\/\/dia.edu.az\/?attachment_id=11323\" class=\"wp-image-11323\" srcset=\"https:\/\/legacy.dia.edu.az\/wp-content\/uploads\/2021\/03\/1-68.jpg 640w, https:\/\/legacy.dia.edu.az\/wp-content\/uploads\/2021\/03\/1-68-300x200.jpg 300w, https:\/\/legacy.dia.edu.az\/wp-content\/uploads\/2021\/03\/1-68-150x100.jpg 150w, https:\/\/legacy.dia.edu.az\/wp-content\/uploads\/2021\/03\/1-68-300x200@2x.jpg 600w\" sizes=\"(max-width: 640px) 100vw, 640px\" \/><\/figure><\/li><li class=\"blocks-gallery-item\"><figure><img width=\"640\" height=\"427\" src=\"https:\/\/dia.edu.az\/wp-content\/uploads\/2021\/03\/2-63.jpg\" alt=\"\" data-id=\"11324\" data-full-url=\"https:\/\/dia.edu.az\/wp-content\/uploads\/2021\/03\/2-63.jpg\" data-link=\"https:\/\/dia.edu.az\/?attachment_id=11324\" class=\"wp-image-11324\" srcset=\"https:\/\/legacy.dia.edu.az\/wp-content\/uploads\/2021\/03\/2-63.jpg 640w, https:\/\/legacy.dia.edu.az\/wp-content\/uploads\/2021\/03\/2-63-300x200.jpg 300w, https:\/\/legacy.dia.edu.az\/wp-content\/uploads\/2021\/03\/2-63-150x100.jpg 150w, https:\/\/legacy.dia.edu.az\/wp-content\/uploads\/2021\/03\/2-63-300x200@2x.jpg 600w\" sizes=\"(max-width: 640px) 100vw, 640px\" \/><\/figure><\/li><li class=\"blocks-gallery-item\"><figure><img width=\"640\" height=\"420\" src=\"https:\/\/dia.edu.az\/wp-content\/uploads\/2021\/03\/3-62.jpg\" alt=\"\" data-id=\"11325\" data-full-url=\"https:\/\/dia.edu.az\/wp-content\/uploads\/2021\/03\/3-62.jpg\" data-link=\"https:\/\/dia.edu.az\/?attachment_id=11325\" class=\"wp-image-11325\" srcset=\"https:\/\/legacy.dia.edu.az\/wp-content\/uploads\/2021\/03\/3-62.jpg 640w, https:\/\/legacy.dia.edu.az\/wp-content\/uploads\/2021\/03\/3-62-300x197.jpg 300w, https:\/\/legacy.dia.edu.az\/wp-content\/uploads\/2021\/03\/3-62-300x197@2x.jpg 600w\" sizes=\"(max-width: 640px) 100vw, 640px\" \/><\/figure><\/li><\/ul><\/figure>","protected":false},"excerpt":{"rendered":"<p>Heyd\u0259r \u018fliyev D\u00f6vl\u0259t \u0130dar\u0259\u00e7iliyi M\u0259kt\u0259binin ilk m\u00fchazir\u0259si dinl\u0259nilibOkt 03 , 2019 &#8211; 04:15 Az\u0259rbaycan Respublikas\u0131n\u0131n Prezidenti yan\u0131nda D\u00f6vl\u0259t \u0130dar\u0259\u00e7ilik Akademiyas\u0131nda (D\u0130A) f\u0259aliyy\u0259t g\u00f6st\u0259r\u0259n Heyd\u0259r \u018fliyev D\u00f6vl\u0259t \u0130dar\u0259\u00e7iliyi M\u0259kt\u0259bind\u0259 2019\/2020-ci t\u0259dris ilind\u0259 bakalavriat pill\u0259sin\u0259 q\u0259bul olunan birinci kurs t\u0259l\u0259b\u0259l\u0259ri ilk m\u00fchazir\u0259l\u0259rini dinl\u0259yibl\u0259r. \u0130lk m\u00fchazir\u0259ni t\u0259qdim ed\u0259n akademiyan\u0131n rektoru, akademik Urxan \u018fl\u0259kb\u0259rov Heyd\u0259r \u018fliyev D\u00f6vl\u0259t \u0130dar\u0259\u00e7iliyi M\u0259kt\u0259bi [&hellip;]<\/p>","protected":false},"author":2,"featured_media":11323,"comment_status":"closed","ping_status":"closed","sticky":false,"template":"","format":"standard","meta":[],"categories":[137],"tags":[],"_links":{"self":[{"href":"https:\/\/legacy.dia.edu.az\/en\/wp-json\/wp\/v2\/posts\/11322"}],"collection":[{"href":"https:\/\/legacy.dia.edu.az\/en\/wp-json\/wp\/v2\/posts"}],"about":[{"href":"https:\/\/legacy.dia.edu.az\/en\/wp-json\/wp\/v2\/types\/post"}],"author":[{"embeddable":true,"href":"https:\/\/legacy.dia.edu.az\/en\/wp-json\/wp\/v2\/users\/2"}],"replies":[{"embeddable":true,"href":"https:\/\/legacy.dia.edu.az\/en\/wp-json\/wp\/v2\/comments?post=11322"}],"version-history":[{"count":0,"href":"https:\/\/legacy.dia.edu.az\/en\/wp-json\/wp\/v2\/posts\/11322\/revisions"}],"wp:featuredmedia":[{"embeddable":true,"href":"https:\/\/legacy.dia.edu.az\/en\/wp-json\/wp\/v2\/media\/11323"}],"wp:attachment":[{"href":"https:\/\/legacy.dia.edu.az\/en\/wp-json\/wp\/v2\/media?parent=11322"}],"wp:term":[{"taxonomy":"category","embeddable":true,"href":"https:\/\/legacy.dia.edu.az\/en\/wp-json\/wp\/v2\/categories?post=11322"},{"taxonomy":"post_tag","embeddable":true,"href":"https:\/\/legacy.dia.edu.az\/en\/wp-json\/wp\/v2\/tags?post=11322"}],"curies":[{"name":"wp","href":"https:\/\/api.w.org\/{rel}","templated":true}]}}